{"id":566,"date":"2013-08-30T23:23:49","date_gmt":"2013-08-30T22:23:49","guid":{"rendered":"http:\/\/fcfamalicao.org\/portal\/?p=566"},"modified":"2013-08-30T23:26:20","modified_gmt":"2013-08-30T22:26:20","slug":"arremesso-de-objetos-da-multa","status":"publish","type":"post","link":"https:\/\/fcfamalicao.org\/portal\/2013\/08\/30\/arremesso-de-objetos-da-multa\/","title":{"rendered":"Arremesso de objetos d\u00e1 multa"},"content":{"rendered":"<p><img loading=\"lazy\" decoding=\"async\" class=\"alignleft size-medium wp-image-567\" alt=\"agosto_11\" src=\"http:\/\/fcfamalicao.org\/portal\/wp-content\/uploads\/2013\/08\/agosto_11-300x188.jpg\" width=\"300\" height=\"188\" \/><\/p>\n<p style=\"text-align: justify;\">De acordo com o Comunicado Oficial n\u00ba 79 do Conselho de Disciplina da FPF o Futebol Clube de Famalic\u00e3o foi multado em 1020\u20ac referente ao encontro da primeira jornada, Ribeir\u00e3o x FC Famalic\u00e3o, segundo o artigo n.187.<!--more--><br \/>\nO mesmo refere:<br \/>\n&#8220;O Clube cujos s\u00f3cios, adeptos ou simpatizantes mantenham no decurso do jogo um\u00a0comportamento socialmente reputado incorreto, designadamente a pr\u00e1tica de amea\u00e7as ou coa\u00e7\u00e3o\u00a0sobre os agentes referidos no n\u00famero 1 do artigo 174.\u00ba, o arremesso de objetos para o terreno de\u00a0jogo, insultos e ainda outros atos que n\u00e3o revistam especial gravidade ou que pratiquem atos n\u00e3o previstos nos artigos anteriores que perturbem ou ameacem perturbar a ordem e a disciplina&#8221;.<br \/>\nFoi tamb\u00e9m multado\u00a0 o GD Ribeir\u00e3o, de acordo com o mesmo artigo e valor.<br \/>\nO Futebol Clube de Famalic\u00e3o anunciou que ir\u00e1 prestar mais esclarecimentos durante o dia de amanh\u00e3 na sua p\u00e1gina oficial.<\/p>\n<a class=\"synved-social-button synved-social-button-share synved-social-size-24 synved-social-resolution-single synved-social-provider-facebook nolightbox\" data-provider=\"facebook\" target=\"_blank\" rel=\"nofollow\" title=\"Share on Facebook\" href=\"https:\/\/www.facebook.com\/sharer.php?u=https%3A%2F%2Ffcfamalicao.org%2Fportal%2Fwp-json%2Fwp%2Fv2%2Fposts%2F566&#038;t=Arremesso%20de%20objetos%20d%C3%A1%20multa&#038;s=100&#038;p&#091;url&#093;=https%3A%2F%2Ffcfamalicao.org%2Fportal%2Fwp-json%2Fwp%2Fv2%2Fposts%2F566&#038;p&#091;images&#093;&#091;0&#093;=http%3A%2F%2Ffcfamalicao.org%2Fportal%2Fwp-content%2Fuploads%2F2013%2F08%2Fagosto_11-300x188.jpg&#038;p&#091;title&#093;=Arremesso%20de%20objetos%20d%C3%A1%20multa\" style=\"font-size: 0px;width:24px;height:24px;margin:0;margin-bottom:5px;margin-right:5px\"><img loading=\"lazy\" decoding=\"async\" alt=\"Facebook\" title=\"Share on Facebook\" class=\"synved-share-image synved-social-image synved-social-image-share\" width=\"24\" height=\"24\" style=\"display: inline;width:24px;height:24px;margin: 0;padding: 0;border: none;box-shadow: none\" src=\"https:\/\/fcfamalicao.org\/portal\/wp-content\/plugins\/social-media-feather\/synved-social\/image\/social\/regular\/48x48\/facebook.png\" \/><\/a><a class=\"synved-social-button synved-social-button-share synved-social-size-24 synved-social-resolution-single synved-social-provider-twitter nolightbox\" data-provider=\"twitter\" target=\"_blank\" rel=\"nofollow\" title=\"Share on Twitter\" href=\"https:\/\/twitter.com\/intent\/tweet?url=https%3A%2F%2Ffcfamalicao.org%2Fportal%2Fwp-json%2Fwp%2Fv2%2Fposts%2F566&#038;text=Novidades%20%E2%80%93%20FC%20Famalic%C3%A3o%20Clube%20de%20F%C3%A3s%20Online\" style=\"font-size: 0px;width:24px;height:24px;margin:0;margin-bottom:5px\"><img loading=\"lazy\" decoding=\"async\" alt=\"twitter\" title=\"Share on Twitter\" class=\"synved-share-image synved-social-image synved-social-image-share\" width=\"24\" height=\"24\" style=\"display: inline;width:24px;height:24px;margin: 0;padding: 0;border: none;box-shadow: none\" src=\"https:\/\/fcfamalicao.org\/portal\/wp-content\/plugins\/social-media-feather\/synved-social\/image\/social\/regular\/48x48\/twitter.png\" \/><\/a><a class=\"synved-social-credit\" target=\"_blank\" rel=\"nofollow\" title=\"WordPress Social Media Feather\" href=\"http:\/\/synved.com\/wordpress-social-media-feather\/\" style=\"color:#444;text-decoration:none;font-size:8px;margin-left:5px;vertical-align:10px;white-space:nowrap\"><span>by <\/span><img loading=\"lazy\" decoding=\"async\" style=\"display: inline;margin:0;padding:0;width:16px;height:16px\" width=\"16\" height=\"16\" alt=\"feather\" src=\"https:\/\/fcfamalicao.org\/portal\/wp-content\/plugins\/social-media-feather\/synved-social\/image\/icon.png\" \/><\/a>","protected":false},"excerpt":{"rendered":"<p>De acordo com o Comunicado Oficial n\u00ba 79 do Conselho de Disciplina da FPF o Futebol Clube de Famalic\u00e3o foi multado em 1020\u20ac referente ao encontro da primeira jornada, Ribeir\u00e3o x FC Famalic\u00e3o, segundo o artigo n.187. by<\/p>\n","protected":false},"author":1,"featured_media":0,"comment_status":"closed","ping_status":"closed","sticky":false,"template":"","format":"standard","meta":{"ngg_post_thumbnail":0,"footnotes":""},"categories":[4],"tags":[],"class_list":["post-566","post","type-post","status-publish","format-standard","hentry","category-noticias"],"_links":{"self":[{"href":"https:\/\/fcfamalicao.org\/portal\/wp-json\/wp\/v2\/posts\/566","targetHints":{"allow":["GET"]}}],"collection":[{"href":"https:\/\/fcfamalicao.org\/portal\/wp-json\/wp\/v2\/posts"}],"about":[{"href":"https:\/\/fcfamalicao.org\/portal\/wp-json\/wp\/v2\/types\/post"}],"author":[{"embeddable":true,"href":"https:\/\/fcfamalicao.org\/portal\/wp-json\/wp\/v2\/users\/1"}],"replies":[{"embeddable":true,"href":"https:\/\/fcfamalicao.org\/portal\/wp-json\/wp\/v2\/comments?post=566"}],"version-history":[{"count":4,"href":"https:\/\/fcfamalicao.org\/portal\/wp-json\/wp\/v2\/posts\/566\/revisions"}],"predecessor-version":[{"id":570,"href":"https:\/\/fcfamalicao.org\/portal\/wp-json\/wp\/v2\/posts\/566\/revisions\/570"}],"wp:attachment":[{"href":"https:\/\/fcfamalicao.org\/portal\/wp-json\/wp\/v2\/media?parent=566"}],"wp:term":[{"taxonomy":"category","embeddable":true,"href":"https:\/\/fcfamalicao.org\/portal\/wp-json\/wp\/v2\/categories?post=566"},{"taxonomy":"post_tag","embeddable":true,"href":"https:\/\/fcfamalicao.org\/portal\/wp-json\/wp\/v2\/tags?post=566"}],"curies":[{"name":"wp","href":"https:\/\/api.w.org\/{rel}","templated":true}]}}