{"id":4022,"date":"2018-09-27T20:47:46","date_gmt":"2018-09-27T19:47:46","guid":{"rendered":"http:\/\/fcfamalicao.org\/portal\/?p=4022"},"modified":"2018-09-27T20:47:46","modified_gmt":"2018-09-27T19:47:46","slug":"fc-famalicao-vai-ate-agueda","status":"publish","type":"post","link":"https:\/\/fcfamalicao.org\/portal\/2018\/09\/27\/fc-famalicao-vai-ate-agueda\/","title":{"rendered":"FC Famalic\u00e3o vai at\u00e9 \u00c1gueda"},"content":{"rendered":"<p style=\"text-align: justify;\"><img loading=\"lazy\" decoding=\"async\" class=\"alignleft size-full wp-image-4023\" src=\"http:\/\/fcfamalicao.org\/portal\/wp-content\/uploads\/2018\/09\/imag_006.png\" alt=\"\" width=\"600\" height=\"300\" srcset=\"https:\/\/fcfamalicao.org\/portal\/wp-content\/uploads\/2018\/09\/imag_006.png 600w, https:\/\/fcfamalicao.org\/portal\/wp-content\/uploads\/2018\/09\/imag_006-300x150.png 300w, https:\/\/fcfamalicao.org\/portal\/wp-content\/uploads\/2018\/09\/imag_006-500x250.png 500w\" sizes=\"auto, (max-width: 600px) 100vw, 600px\" \/><br \/>\nO FC Famalic\u00e3o vai at\u00e9 \u00c1gueda para participar na 2\u00aa eliminat\u00f3ria da Ta\u00e7a de Portugal.<br \/>\nO encontro p\u00f5e frente a frente o Recreio Desportivo de \u00c1gueda e o FC Famalic\u00e3o. O jogo ter\u00e1 lugar, domingo dia 30 de setembro pelas 15:00 horas, no Est\u00e1dio Municipal de \u00c1gueda.<\/p>\n<a class=\"synved-social-button synved-social-button-share synved-social-size-24 synved-social-resolution-single synved-social-provider-facebook nolightbox\" data-provider=\"facebook\" target=\"_blank\" rel=\"nofollow\" title=\"Share on Facebook\" href=\"https:\/\/www.facebook.com\/sharer.php?u=https%3A%2F%2Ffcfamalicao.org%2Fportal%2Fwp-json%2Fwp%2Fv2%2Fposts%2F4022&#038;t=FC%20Famalic%C3%A3o%20vai%20at%C3%A9%20%C3%81gueda&#038;s=100&#038;p&#091;url&#093;=https%3A%2F%2Ffcfamalicao.org%2Fportal%2Fwp-json%2Fwp%2Fv2%2Fposts%2F4022&#038;p&#091;images&#093;&#091;0&#093;=http%3A%2F%2Ffcfamalicao.org%2Fportal%2Fwp-content%2Fuploads%2F2018%2F09%2Fimag_006.png&#038;p&#091;title&#093;=FC%20Famalic%C3%A3o%20vai%20at%C3%A9%20%C3%81gueda\" style=\"font-size: 0px;width:24px;height:24px;margin:0;margin-bottom:5px;margin-right:5px\"><img loading=\"lazy\" decoding=\"async\" alt=\"Facebook\" title=\"Share on Facebook\" class=\"synved-share-image synved-social-image synved-social-image-share\" width=\"24\" height=\"24\" style=\"display: inline;width:24px;height:24px;margin: 0;padding: 0;border: none;box-shadow: none\" src=\"https:\/\/fcfamalicao.org\/portal\/wp-content\/plugins\/social-media-feather\/synved-social\/image\/social\/regular\/48x48\/facebook.png\" \/><\/a><a class=\"synved-social-button synved-social-button-share synved-social-size-24 synved-social-resolution-single synved-social-provider-twitter nolightbox\" data-provider=\"twitter\" target=\"_blank\" rel=\"nofollow\" title=\"Share on Twitter\" href=\"https:\/\/twitter.com\/intent\/tweet?url=https%3A%2F%2Ffcfamalicao.org%2Fportal%2Fwp-json%2Fwp%2Fv2%2Fposts%2F4022&#038;text=Novidades%20%E2%80%93%20FC%20Famalic%C3%A3o%20Clube%20de%20F%C3%A3s%20Online\" style=\"font-size: 0px;width:24px;height:24px;margin:0;margin-bottom:5px\"><img loading=\"lazy\" decoding=\"async\" alt=\"twitter\" title=\"Share on Twitter\" class=\"synved-share-image synved-social-image synved-social-image-share\" width=\"24\" height=\"24\" style=\"display: inline;width:24px;height:24px;margin: 0;padding: 0;border: none;box-shadow: none\" src=\"https:\/\/fcfamalicao.org\/portal\/wp-content\/plugins\/social-media-feather\/synved-social\/image\/social\/regular\/48x48\/twitter.png\" \/><\/a><a class=\"synved-social-credit\" target=\"_blank\" rel=\"nofollow\" title=\"WordPress Social Media Feather\" href=\"http:\/\/synved.com\/wordpress-social-media-feather\/\" style=\"color:#444;text-decoration:none;font-size:8px;margin-left:5px;vertical-align:10px;white-space:nowrap\"><span>by <\/span><img loading=\"lazy\" decoding=\"async\" style=\"display: inline;margin:0;padding:0;width:16px;height:16px\" width=\"16\" height=\"16\" alt=\"feather\" src=\"https:\/\/fcfamalicao.org\/portal\/wp-content\/plugins\/social-media-feather\/synved-social\/image\/icon.png\" \/><\/a>","protected":false},"excerpt":{"rendered":"<p>O FC Famalic\u00e3o vai at\u00e9 \u00c1gueda para participar na 2\u00aa eliminat\u00f3ria da Ta\u00e7a de Portugal. O encontro p\u00f5e frente a frente o Recreio Desportivo de \u00c1gueda e o FC Famalic\u00e3o. O jogo ter\u00e1 lugar, domingo dia 30 de setembro pelas &hellip; <a href=\"https:\/\/fcfamalicao.org\/portal\/2018\/09\/27\/fc-famalicao-vai-ate-agueda\/\">Continuar a ler <span class=\"meta-nav\">&rarr;<\/span><\/a><\/p>\n","protected":false},"author":1,"featured_media":0,"comment_status":"closed","ping_status":"closed","sticky":false,"template":"","format":"standard","meta":{"ngg_post_thumbnail":0,"footnotes":""},"categories":[2],"tags":[],"class_list":["post-4022","post","type-post","status-publish","format-standard","hentry","category-seniores"],"_links":{"self":[{"href":"https:\/\/fcfamalicao.org\/portal\/wp-json\/wp\/v2\/posts\/4022","targetHints":{"allow":["GET"]}}],"collection":[{"href":"https:\/\/fcfamalicao.org\/portal\/wp-json\/wp\/v2\/posts"}],"about":[{"href":"https:\/\/fcfamalicao.org\/portal\/wp-json\/wp\/v2\/types\/post"}],"author":[{"embeddable":true,"href":"https:\/\/fcfamalicao.org\/portal\/wp-json\/wp\/v2\/users\/1"}],"replies":[{"embeddable":true,"href":"https:\/\/fcfamalicao.org\/portal\/wp-json\/wp\/v2\/comments?post=4022"}],"version-history":[{"count":1,"href":"https:\/\/fcfamalicao.org\/portal\/wp-json\/wp\/v2\/posts\/4022\/revisions"}],"predecessor-version":[{"id":4024,"href":"https:\/\/fcfamalicao.org\/portal\/wp-json\/wp\/v2\/posts\/4022\/revisions\/4024"}],"wp:attachment":[{"href":"https:\/\/fcfamalicao.org\/portal\/wp-json\/wp\/v2\/media?parent=4022"}],"wp:term":[{"taxonomy":"category","embeddable":true,"href":"https:\/\/fcfamalicao.org\/portal\/wp-json\/wp\/v2\/categories?post=4022"},{"taxonomy":"post_tag","embeddable":true,"href":"https:\/\/fcfamalicao.org\/portal\/wp-json\/wp\/v2\/tags?post=4022"}],"curies":[{"name":"wp","href":"https:\/\/api.w.org\/{rel}","templated":true}]}}