{"id":3859,"date":"2018-07-17T17:49:37","date_gmt":"2018-07-17T16:49:37","guid":{"rendered":"http:\/\/fcfamalicao.org\/portal\/?p=3859"},"modified":"2018-07-18T12:57:20","modified_gmt":"2018-07-18T11:57:20","slug":"epoca-2018-19","status":"publish","type":"post","link":"https:\/\/fcfamalicao.org\/portal\/2018\/07\/17\/epoca-2018-19\/","title":{"rendered":"\u00c9poca 2018\/19"},"content":{"rendered":"<p style=\"text-align: justify;\"><img loading=\"lazy\" decoding=\"async\" class=\"size-full wp-image-3858 aligncenter\" src=\"http:\/\/fcfamalicao.org\/portal\/wp-content\/uploads\/2018\/07\/imag_001.png\" alt=\"\" width=\"600\" height=\"300\" srcset=\"https:\/\/fcfamalicao.org\/portal\/wp-content\/uploads\/2018\/07\/imag_001.png 600w, https:\/\/fcfamalicao.org\/portal\/wp-content\/uploads\/2018\/07\/imag_001-300x150.png 300w, https:\/\/fcfamalicao.org\/portal\/wp-content\/uploads\/2018\/07\/imag_001-500x250.png 500w\" sizes=\"auto, (max-width: 600px) 100vw, 600px\" \/>A \u00e9poca oficial do FC Famalic\u00e3o inicia-se no pr\u00f3ximo domingo, dia 22 de julho, pelas 16:00 horas. O FC Famalic\u00e3o recebe o FC Arouca em partida referente \u00e0 1\u00aa fase da Allianz Cup.<\/p>\n<a class=\"synved-social-button synved-social-button-share synved-social-size-24 synved-social-resolution-single synved-social-provider-facebook nolightbox\" data-provider=\"facebook\" target=\"_blank\" rel=\"nofollow\" title=\"Share on Facebook\" href=\"https:\/\/www.facebook.com\/sharer.php?u=https%3A%2F%2Ffcfamalicao.org%2Fportal%2Fwp-json%2Fwp%2Fv2%2Fposts%2F3859&#038;t=%C3%89poca%202018%2F19&#038;s=100&#038;p&#091;url&#093;=https%3A%2F%2Ffcfamalicao.org%2Fportal%2Fwp-json%2Fwp%2Fv2%2Fposts%2F3859&#038;p&#091;images&#093;&#091;0&#093;=http%3A%2F%2Ffcfamalicao.org%2Fportal%2Fwp-content%2Fuploads%2F2018%2F07%2Fimag_001.png&#038;p&#091;title&#093;=%C3%89poca%202018%2F19\" style=\"font-size: 0px;width:24px;height:24px;margin:0;margin-bottom:5px;margin-right:5px\"><img loading=\"lazy\" decoding=\"async\" alt=\"Facebook\" title=\"Share on Facebook\" class=\"synved-share-image synved-social-image synved-social-image-share\" width=\"24\" height=\"24\" style=\"display: inline;width:24px;height:24px;margin: 0;padding: 0;border: none;box-shadow: none\" src=\"https:\/\/fcfamalicao.org\/portal\/wp-content\/plugins\/social-media-feather\/synved-social\/image\/social\/regular\/48x48\/facebook.png\" \/><\/a><a class=\"synved-social-button synved-social-button-share synved-social-size-24 synved-social-resolution-single synved-social-provider-twitter nolightbox\" data-provider=\"twitter\" target=\"_blank\" rel=\"nofollow\" title=\"Share on Twitter\" href=\"https:\/\/twitter.com\/intent\/tweet?url=https%3A%2F%2Ffcfamalicao.org%2Fportal%2Fwp-json%2Fwp%2Fv2%2Fposts%2F3859&#038;text=Novidades%20%E2%80%93%20FC%20Famalic%C3%A3o%20Clube%20de%20F%C3%A3s%20Online\" style=\"font-size: 0px;width:24px;height:24px;margin:0;margin-bottom:5px\"><img loading=\"lazy\" decoding=\"async\" alt=\"twitter\" title=\"Share on Twitter\" class=\"synved-share-image synved-social-image synved-social-image-share\" width=\"24\" height=\"24\" style=\"display: inline;width:24px;height:24px;margin: 0;padding: 0;border: none;box-shadow: none\" src=\"https:\/\/fcfamalicao.org\/portal\/wp-content\/plugins\/social-media-feather\/synved-social\/image\/social\/regular\/48x48\/twitter.png\" \/><\/a><a class=\"synved-social-credit\" target=\"_blank\" rel=\"nofollow\" title=\"WordPress Social Media Feather\" href=\"http:\/\/synved.com\/wordpress-social-media-feather\/\" style=\"color:#444;text-decoration:none;font-size:8px;margin-left:5px;vertical-align:10px;white-space:nowrap\"><span>by <\/span><img loading=\"lazy\" decoding=\"async\" style=\"display: inline;margin:0;padding:0;width:16px;height:16px\" width=\"16\" height=\"16\" alt=\"feather\" src=\"https:\/\/fcfamalicao.org\/portal\/wp-content\/plugins\/social-media-feather\/synved-social\/image\/icon.png\" \/><\/a>","protected":false},"excerpt":{"rendered":"<p>A \u00e9poca oficial do FC Famalic\u00e3o inicia-se no pr\u00f3ximo domingo, dia 22 de julho, pelas 16:00 horas. O FC Famalic\u00e3o recebe o FC Arouca em partida referente \u00e0 1\u00aa fase da Allianz Cup. by<\/p>\n","protected":false},"author":1,"featured_media":0,"comment_status":"closed","ping_status":"closed","sticky":false,"template":"","format":"standard","meta":{"ngg_post_thumbnail":0,"footnotes":""},"categories":[4,2],"tags":[],"class_list":["post-3859","post","type-post","status-publish","format-standard","hentry","category-noticias","category-seniores"],"_links":{"self":[{"href":"https:\/\/fcfamalicao.org\/portal\/wp-json\/wp\/v2\/posts\/3859","targetHints":{"allow":["GET"]}}],"collection":[{"href":"https:\/\/fcfamalicao.org\/portal\/wp-json\/wp\/v2\/posts"}],"about":[{"href":"https:\/\/fcfamalicao.org\/portal\/wp-json\/wp\/v2\/types\/post"}],"author":[{"embeddable":true,"href":"https:\/\/fcfamalicao.org\/portal\/wp-json\/wp\/v2\/users\/1"}],"replies":[{"embeddable":true,"href":"https:\/\/fcfamalicao.org\/portal\/wp-json\/wp\/v2\/comments?post=3859"}],"version-history":[{"count":2,"href":"https:\/\/fcfamalicao.org\/portal\/wp-json\/wp\/v2\/posts\/3859\/revisions"}],"predecessor-version":[{"id":3866,"href":"https:\/\/fcfamalicao.org\/portal\/wp-json\/wp\/v2\/posts\/3859\/revisions\/3866"}],"wp:attachment":[{"href":"https:\/\/fcfamalicao.org\/portal\/wp-json\/wp\/v2\/media?parent=3859"}],"wp:term":[{"taxonomy":"category","embeddable":true,"href":"https:\/\/fcfamalicao.org\/portal\/wp-json\/wp\/v2\/categories?post=3859"},{"taxonomy":"post_tag","embeddable":true,"href":"https:\/\/fcfamalicao.org\/portal\/wp-json\/wp\/v2\/tags?post=3859"}],"curies":[{"name":"wp","href":"https:\/\/api.w.org\/{rel}","templated":true}]}}