{"id":3363,"date":"2016-07-28T18:35:09","date_gmt":"2016-07-28T17:35:09","guid":{"rendered":"http:\/\/fcfamalicao.org\/portal\/?p=3363"},"modified":"2016-07-28T18:35:09","modified_gmt":"2016-07-28T17:35:09","slug":"epoca-1617-abre-com-taca-ctt","status":"publish","type":"post","link":"https:\/\/fcfamalicao.org\/portal\/2016\/07\/28\/epoca-1617-abre-com-taca-ctt\/","title":{"rendered":"\u00c9poca 16\/17 abre com Ta\u00e7a CTT"},"content":{"rendered":"<p style=\"text-align: justify;\"><img loading=\"lazy\" decoding=\"async\" class=\"size-full wp-image-3362 aligncenter\" src=\"http:\/\/fcfamalicao.org\/portal\/wp-content\/uploads\/2016\/07\/16_17_002.jpg\" alt=\"16_17_002\" width=\"749\" height=\"374\" srcset=\"https:\/\/fcfamalicao.org\/portal\/wp-content\/uploads\/2016\/07\/16_17_002.jpg 749w, https:\/\/fcfamalicao.org\/portal\/wp-content\/uploads\/2016\/07\/16_17_002-300x150.jpg 300w, https:\/\/fcfamalicao.org\/portal\/wp-content\/uploads\/2016\/07\/16_17_002-500x250.jpg 500w\" sizes=\"auto, (max-width: 749px) 100vw, 749px\" \/>A nova \u00e9poca inicia-se com a disputa da Fase 1 da Ta\u00e7a CTT com os seguintes encontros:<br \/>\nGil Vicente Vs Acad\u00e9mica &#8211; 30 julho, 18:00 horas<br \/>\nPortimonense Vs Santa Clara &#8211; 30 julho, 18:00 horas<br \/>\nFafe Vs Vizela &#8211; 31 julho, 16:00 horas<br \/>\nCova da Piedade Vs Leix\u00f5es &#8211; 31 julho, 16:00 horas<br \/>\n<strong><span style=\"color: #0000ff;\">FC Famalic\u00e3o Vs Penafiel &#8211; 31 julho, 17:00 horas<\/span><\/strong><br \/>\nDesp. Aves Vs Sp. Covilh\u00e3 &#8211; 31 julho, 17:00 horas<br \/>\nFreamunde Vs Uni\u00e3o Madeira &#8211; 31 julho, 17:00 horas<\/p>\n<a class=\"synved-social-button synved-social-button-share synved-social-size-24 synved-social-resolution-single synved-social-provider-facebook nolightbox\" data-provider=\"facebook\" target=\"_blank\" rel=\"nofollow\" title=\"Share on Facebook\" href=\"https:\/\/www.facebook.com\/sharer.php?u=https%3A%2F%2Ffcfamalicao.org%2Fportal%2Fwp-json%2Fwp%2Fv2%2Fposts%2F3363&#038;t=%C3%89poca%2016%2F17%20abre%20com%20Ta%C3%A7a%20CTT&#038;s=100&#038;p&#091;url&#093;=https%3A%2F%2Ffcfamalicao.org%2Fportal%2Fwp-json%2Fwp%2Fv2%2Fposts%2F3363&#038;p&#091;images&#093;&#091;0&#093;=http%3A%2F%2Ffcfamalicao.org%2Fportal%2Fwp-content%2Fuploads%2F2016%2F07%2F16_17_002.jpg&#038;p&#091;title&#093;=%C3%89poca%2016%2F17%20abre%20com%20Ta%C3%A7a%20CTT\" style=\"font-size: 0px;width:24px;height:24px;margin:0;margin-bottom:5px;margin-right:5px\"><img loading=\"lazy\" decoding=\"async\" alt=\"Facebook\" title=\"Share on Facebook\" class=\"synved-share-image synved-social-image synved-social-image-share\" width=\"24\" height=\"24\" style=\"display: inline;width:24px;height:24px;margin: 0;padding: 0;border: none;box-shadow: none\" src=\"https:\/\/fcfamalicao.org\/portal\/wp-content\/plugins\/social-media-feather\/synved-social\/image\/social\/regular\/48x48\/facebook.png\" \/><\/a><a class=\"synved-social-button synved-social-button-share synved-social-size-24 synved-social-resolution-single synved-social-provider-twitter nolightbox\" data-provider=\"twitter\" target=\"_blank\" rel=\"nofollow\" title=\"Share on Twitter\" href=\"https:\/\/twitter.com\/intent\/tweet?url=https%3A%2F%2Ffcfamalicao.org%2Fportal%2Fwp-json%2Fwp%2Fv2%2Fposts%2F3363&#038;text=Novidades%20%E2%80%93%20FC%20Famalic%C3%A3o%20Clube%20de%20F%C3%A3s%20Online\" style=\"font-size: 0px;width:24px;height:24px;margin:0;margin-bottom:5px\"><img loading=\"lazy\" decoding=\"async\" alt=\"twitter\" title=\"Share on Twitter\" class=\"synved-share-image synved-social-image synved-social-image-share\" width=\"24\" height=\"24\" style=\"display: inline;width:24px;height:24px;margin: 0;padding: 0;border: none;box-shadow: none\" src=\"https:\/\/fcfamalicao.org\/portal\/wp-content\/plugins\/social-media-feather\/synved-social\/image\/social\/regular\/48x48\/twitter.png\" \/><\/a><a class=\"synved-social-credit\" target=\"_blank\" rel=\"nofollow\" title=\"WordPress Social Media Feather\" href=\"http:\/\/synved.com\/wordpress-social-media-feather\/\" style=\"color:#444;text-decoration:none;font-size:8px;margin-left:5px;vertical-align:10px;white-space:nowrap\"><span>by <\/span><img loading=\"lazy\" decoding=\"async\" style=\"display: inline;margin:0;padding:0;width:16px;height:16px\" width=\"16\" height=\"16\" alt=\"feather\" src=\"https:\/\/fcfamalicao.org\/portal\/wp-content\/plugins\/social-media-feather\/synved-social\/image\/icon.png\" \/><\/a>","protected":false},"excerpt":{"rendered":"<p>A nova \u00e9poca inicia-se com a disputa da Fase 1 da Ta\u00e7a CTT com os seguintes encontros: Gil Vicente Vs Acad\u00e9mica &#8211; 30 julho, 18:00 horas Portimonense Vs Santa Clara &#8211; 30 julho, 18:00 horas Fafe Vs Vizela &#8211; 31 &hellip; <a href=\"https:\/\/fcfamalicao.org\/portal\/2016\/07\/28\/epoca-1617-abre-com-taca-ctt\/\">Continuar a ler <span class=\"meta-nav\">&rarr;<\/span><\/a><\/p>\n","protected":false},"author":1,"featured_media":0,"comment_status":"closed","ping_status":"closed","sticky":false,"template":"","format":"standard","meta":{"ngg_post_thumbnail":0,"footnotes":""},"categories":[2],"tags":[],"class_list":["post-3363","post","type-post","status-publish","format-standard","hentry","category-seniores"],"_links":{"self":[{"href":"https:\/\/fcfamalicao.org\/portal\/wp-json\/wp\/v2\/posts\/3363","targetHints":{"allow":["GET"]}}],"collection":[{"href":"https:\/\/fcfamalicao.org\/portal\/wp-json\/wp\/v2\/posts"}],"about":[{"href":"https:\/\/fcfamalicao.org\/portal\/wp-json\/wp\/v2\/types\/post"}],"author":[{"embeddable":true,"href":"https:\/\/fcfamalicao.org\/portal\/wp-json\/wp\/v2\/users\/1"}],"replies":[{"embeddable":true,"href":"https:\/\/fcfamalicao.org\/portal\/wp-json\/wp\/v2\/comments?post=3363"}],"version-history":[{"count":1,"href":"https:\/\/fcfamalicao.org\/portal\/wp-json\/wp\/v2\/posts\/3363\/revisions"}],"predecessor-version":[{"id":3364,"href":"https:\/\/fcfamalicao.org\/portal\/wp-json\/wp\/v2\/posts\/3363\/revisions\/3364"}],"wp:attachment":[{"href":"https:\/\/fcfamalicao.org\/portal\/wp-json\/wp\/v2\/media?parent=3363"}],"wp:term":[{"taxonomy":"category","embeddable":true,"href":"https:\/\/fcfamalicao.org\/portal\/wp-json\/wp\/v2\/categories?post=3363"},{"taxonomy":"post_tag","embeddable":true,"href":"https:\/\/fcfamalicao.org\/portal\/wp-json\/wp\/v2\/tags?post=3363"}],"curies":[{"name":"wp","href":"https:\/\/api.w.org\/{rel}","templated":true}]}}