{"id":3332,"date":"2016-07-17T13:01:22","date_gmt":"2016-07-17T12:01:22","guid":{"rendered":"http:\/\/fcfamalicao.org\/portal\/?p=3332"},"modified":"2016-07-17T13:02:10","modified_gmt":"2016-07-17T12:02:10","slug":"sorteios-taca-da-liga-e-ledman-ligapro","status":"publish","type":"post","link":"https:\/\/fcfamalicao.org\/portal\/2016\/07\/17\/sorteios-taca-da-liga-e-ledman-ligapro\/","title":{"rendered":"Ta\u00e7a da Liga e Ledman LigaPro"},"content":{"rendered":"<p><img loading=\"lazy\" decoding=\"async\" class=\"alignleft size-full wp-image-3333\" src=\"http:\/\/fcfamalicao.org\/portal\/wp-content\/uploads\/2016\/07\/16_17_000.jpg\" alt=\"16_17_000\" width=\"650\" height=\"325\" srcset=\"https:\/\/fcfamalicao.org\/portal\/wp-content\/uploads\/2016\/07\/16_17_000.jpg 650w, https:\/\/fcfamalicao.org\/portal\/wp-content\/uploads\/2016\/07\/16_17_000-300x150.jpg 300w, https:\/\/fcfamalicao.org\/portal\/wp-content\/uploads\/2016\/07\/16_17_000-500x250.jpg 500w\" sizes=\"auto, (max-width: 650px) 100vw, 650px\" \/><\/p>\n<p style=\"text-align: justify;\">J\u00e1 se realizou o sorteio da Ta\u00e7a da Liga para as duas primeiras fases.\u00a0A primeira fase decorrer\u00e1 j\u00e1 no <strong>dia 31 do presente m\u00eas<\/strong>, apenas entre clubes do segundo escal\u00e3o, sendo de destacar o encontro em que o <strong>FC Famalic\u00e3o\u00a0recebe o FC Penafiel.<\/strong><br \/>\nEm caso de vit\u00f3ria o FC Famalic\u00e3o receber\u00e1 o vencedor do encontro Desp. Aves\/Covilh\u00e3, em encontro que est\u00e1 agendado para 26 de outubro.<\/p>\n<p>Em rela\u00e7\u00e3o ao Campeonato o sorteio ditou uma sa\u00edda at\u00e9 Matosinhos em casa do Leix\u00f5es. O encontro ter\u00e1 lugar dia 6 de agosto.<\/p>\n<a class=\"synved-social-button synved-social-button-share synved-social-size-24 synved-social-resolution-single synved-social-provider-facebook nolightbox\" data-provider=\"facebook\" target=\"_blank\" rel=\"nofollow\" title=\"Share on Facebook\" href=\"https:\/\/www.facebook.com\/sharer.php?u=https%3A%2F%2Ffcfamalicao.org%2Fportal%2Fwp-json%2Fwp%2Fv2%2Fposts%2F3332&#038;t=Ta%C3%A7a%20da%20Liga%20e%20Ledman%20LigaPro&#038;s=100&#038;p&#091;url&#093;=https%3A%2F%2Ffcfamalicao.org%2Fportal%2Fwp-json%2Fwp%2Fv2%2Fposts%2F3332&#038;p&#091;images&#093;&#091;0&#093;=http%3A%2F%2Ffcfamalicao.org%2Fportal%2Fwp-content%2Fuploads%2F2016%2F07%2F16_17_000.jpg&#038;p&#091;title&#093;=Ta%C3%A7a%20da%20Liga%20e%20Ledman%20LigaPro\" style=\"font-size: 0px;width:24px;height:24px;margin:0;margin-bottom:5px;margin-right:5px\"><img loading=\"lazy\" decoding=\"async\" alt=\"Facebook\" title=\"Share on Facebook\" class=\"synved-share-image synved-social-image synved-social-image-share\" width=\"24\" height=\"24\" style=\"display: inline;width:24px;height:24px;margin: 0;padding: 0;border: none;box-shadow: none\" src=\"https:\/\/fcfamalicao.org\/portal\/wp-content\/plugins\/social-media-feather\/synved-social\/image\/social\/regular\/48x48\/facebook.png\" \/><\/a><a class=\"synved-social-button synved-social-button-share synved-social-size-24 synved-social-resolution-single synved-social-provider-twitter nolightbox\" data-provider=\"twitter\" target=\"_blank\" rel=\"nofollow\" title=\"Share on Twitter\" href=\"https:\/\/twitter.com\/intent\/tweet?url=https%3A%2F%2Ffcfamalicao.org%2Fportal%2Fwp-json%2Fwp%2Fv2%2Fposts%2F3332&#038;text=Novidades%20%E2%80%93%20FC%20Famalic%C3%A3o%20Clube%20de%20F%C3%A3s%20Online\" style=\"font-size: 0px;width:24px;height:24px;margin:0;margin-bottom:5px\"><img loading=\"lazy\" decoding=\"async\" alt=\"twitter\" title=\"Share on Twitter\" class=\"synved-share-image synved-social-image synved-social-image-share\" width=\"24\" height=\"24\" style=\"display: inline;width:24px;height:24px;margin: 0;padding: 0;border: none;box-shadow: none\" src=\"https:\/\/fcfamalicao.org\/portal\/wp-content\/plugins\/social-media-feather\/synved-social\/image\/social\/regular\/48x48\/twitter.png\" \/><\/a><a class=\"synved-social-credit\" target=\"_blank\" rel=\"nofollow\" title=\"WordPress Social Media Feather\" href=\"http:\/\/synved.com\/wordpress-social-media-feather\/\" style=\"color:#444;text-decoration:none;font-size:8px;margin-left:5px;vertical-align:10px;white-space:nowrap\"><span>by <\/span><img loading=\"lazy\" decoding=\"async\" style=\"display: inline;margin:0;padding:0;width:16px;height:16px\" width=\"16\" height=\"16\" alt=\"feather\" src=\"https:\/\/fcfamalicao.org\/portal\/wp-content\/plugins\/social-media-feather\/synved-social\/image\/icon.png\" \/><\/a>","protected":false},"excerpt":{"rendered":"<p>J\u00e1 se realizou o sorteio da Ta\u00e7a da Liga para as duas primeiras fases.\u00a0A primeira fase decorrer\u00e1 j\u00e1 no dia 31 do presente m\u00eas, apenas entre clubes do segundo escal\u00e3o, sendo de destacar o encontro em que o FC Famalic\u00e3o\u00a0recebe &hellip; <a href=\"https:\/\/fcfamalicao.org\/portal\/2016\/07\/17\/sorteios-taca-da-liga-e-ledman-ligapro\/\">Continuar a ler <span class=\"meta-nav\">&rarr;<\/span><\/a><\/p>\n","protected":false},"author":1,"featured_media":0,"comment_status":"closed","ping_status":"closed","sticky":false,"template":"","format":"standard","meta":{"ngg_post_thumbnail":0,"footnotes":""},"categories":[2],"tags":[],"class_list":["post-3332","post","type-post","status-publish","format-standard","hentry","category-seniores"],"_links":{"self":[{"href":"https:\/\/fcfamalicao.org\/portal\/wp-json\/wp\/v2\/posts\/3332","targetHints":{"allow":["GET"]}}],"collection":[{"href":"https:\/\/fcfamalicao.org\/portal\/wp-json\/wp\/v2\/posts"}],"about":[{"href":"https:\/\/fcfamalicao.org\/portal\/wp-json\/wp\/v2\/types\/post"}],"author":[{"embeddable":true,"href":"https:\/\/fcfamalicao.org\/portal\/wp-json\/wp\/v2\/users\/1"}],"replies":[{"embeddable":true,"href":"https:\/\/fcfamalicao.org\/portal\/wp-json\/wp\/v2\/comments?post=3332"}],"version-history":[{"count":2,"href":"https:\/\/fcfamalicao.org\/portal\/wp-json\/wp\/v2\/posts\/3332\/revisions"}],"predecessor-version":[{"id":3335,"href":"https:\/\/fcfamalicao.org\/portal\/wp-json\/wp\/v2\/posts\/3332\/revisions\/3335"}],"wp:attachment":[{"href":"https:\/\/fcfamalicao.org\/portal\/wp-json\/wp\/v2\/media?parent=3332"}],"wp:term":[{"taxonomy":"category","embeddable":true,"href":"https:\/\/fcfamalicao.org\/portal\/wp-json\/wp\/v2\/categories?post=3332"},{"taxonomy":"post_tag","embeddable":true,"href":"https:\/\/fcfamalicao.org\/portal\/wp-json\/wp\/v2\/tags?post=3332"}],"curies":[{"name":"wp","href":"https:\/\/api.w.org\/{rel}","templated":true}]}}