{"id":3245,"date":"2015-11-29T21:25:40","date_gmt":"2015-11-29T20:25:40","guid":{"rendered":"http:\/\/fcfamalicao.org\/portal\/?p=3245"},"modified":"2015-11-29T21:25:40","modified_gmt":"2015-11-29T20:25:40","slug":"fc-famalicao-vence-benfica-b","status":"publish","type":"post","link":"https:\/\/fcfamalicao.org\/portal\/2015\/11\/29\/fc-famalicao-vence-benfica-b\/","title":{"rendered":"FC Famalic\u00e3o vence Benfica B"},"content":{"rendered":"<p style=\"text-align: justify;\"><img loading=\"lazy\" decoding=\"async\" class=\"alignleft size-full wp-image-3244\" src=\"http:\/\/fcfamalicao.org\/portal\/wp-content\/uploads\/2015\/11\/15_16_037.jpg\" alt=\"15_16_037\" width=\"600\" height=\"300\" srcset=\"https:\/\/fcfamalicao.org\/portal\/wp-content\/uploads\/2015\/11\/15_16_037.jpg 600w, https:\/\/fcfamalicao.org\/portal\/wp-content\/uploads\/2015\/11\/15_16_037-300x150.jpg 300w, https:\/\/fcfamalicao.org\/portal\/wp-content\/uploads\/2015\/11\/15_16_037-500x250.jpg 500w\" sizes=\"auto, (max-width: 600px) 100vw, 600px\" \/><br \/>\nA\u00a0equipa secund\u00e1ria do Benfica foi incapaz de contrariar um Famalic\u00e3o que entrou muito bem, que se fez valer disso sendo que logo aos 30 segundos de jogo, Feliz abriu o ativo. Seguiu-se mais um golo\u00a0por M\u00e9rcio, ap\u00f3s o primeiro quarto de hora. As \u00e1guias, com Taarabt interventivo, ainda que naturalmente fora de forma (saiu aos 58 minutos), reduziram de pen\u00e1lti pelo capit\u00e3o Rebocho.<br \/>\nNo segundo tempo, V\u00edtor Lima acertou no alvo e fez o 1&#215;3 final, na transforma\u00e7\u00e3o de uma grande penalidade.<br \/>\nUnidos vencemos!<\/p>\n<a class=\"synved-social-button synved-social-button-share synved-social-size-24 synved-social-resolution-single synved-social-provider-facebook nolightbox\" data-provider=\"facebook\" target=\"_blank\" rel=\"nofollow\" title=\"Share on Facebook\" href=\"https:\/\/www.facebook.com\/sharer.php?u=https%3A%2F%2Ffcfamalicao.org%2Fportal%2Fwp-json%2Fwp%2Fv2%2Fposts%2F3245&#038;t=FC%20Famalic%C3%A3o%20vence%20Benfica%20B&#038;s=100&#038;p&#091;url&#093;=https%3A%2F%2Ffcfamalicao.org%2Fportal%2Fwp-json%2Fwp%2Fv2%2Fposts%2F3245&#038;p&#091;images&#093;&#091;0&#093;=http%3A%2F%2Ffcfamalicao.org%2Fportal%2Fwp-content%2Fuploads%2F2015%2F11%2F15_16_037.jpg&#038;p&#091;title&#093;=FC%20Famalic%C3%A3o%20vence%20Benfica%20B\" style=\"font-size: 0px;width:24px;height:24px;margin:0;margin-bottom:5px;margin-right:5px\"><img loading=\"lazy\" decoding=\"async\" alt=\"Facebook\" title=\"Share on Facebook\" class=\"synved-share-image synved-social-image synved-social-image-share\" width=\"24\" height=\"24\" style=\"display: inline;width:24px;height:24px;margin: 0;padding: 0;border: none;box-shadow: none\" src=\"https:\/\/fcfamalicao.org\/portal\/wp-content\/plugins\/social-media-feather\/synved-social\/image\/social\/regular\/48x48\/facebook.png\" \/><\/a><a class=\"synved-social-button synved-social-button-share synved-social-size-24 synved-social-resolution-single synved-social-provider-twitter nolightbox\" data-provider=\"twitter\" target=\"_blank\" rel=\"nofollow\" title=\"Share on Twitter\" href=\"https:\/\/twitter.com\/intent\/tweet?url=https%3A%2F%2Ffcfamalicao.org%2Fportal%2Fwp-json%2Fwp%2Fv2%2Fposts%2F3245&#038;text=Novidades%20%E2%80%93%20FC%20Famalic%C3%A3o%20Clube%20de%20F%C3%A3s%20Online\" style=\"font-size: 0px;width:24px;height:24px;margin:0;margin-bottom:5px\"><img loading=\"lazy\" decoding=\"async\" alt=\"twitter\" title=\"Share on Twitter\" class=\"synved-share-image synved-social-image synved-social-image-share\" width=\"24\" height=\"24\" style=\"display: inline;width:24px;height:24px;margin: 0;padding: 0;border: none;box-shadow: none\" src=\"https:\/\/fcfamalicao.org\/portal\/wp-content\/plugins\/social-media-feather\/synved-social\/image\/social\/regular\/48x48\/twitter.png\" \/><\/a><a class=\"synved-social-credit\" target=\"_blank\" rel=\"nofollow\" title=\"WordPress Social Media Feather\" href=\"http:\/\/synved.com\/wordpress-social-media-feather\/\" style=\"color:#444;text-decoration:none;font-size:8px;margin-left:5px;vertical-align:10px;white-space:nowrap\"><span>by <\/span><img loading=\"lazy\" decoding=\"async\" style=\"display: inline;margin:0;padding:0;width:16px;height:16px\" width=\"16\" height=\"16\" alt=\"feather\" src=\"https:\/\/fcfamalicao.org\/portal\/wp-content\/plugins\/social-media-feather\/synved-social\/image\/icon.png\" \/><\/a>","protected":false},"excerpt":{"rendered":"<p>A\u00a0equipa secund\u00e1ria do Benfica foi incapaz de contrariar um Famalic\u00e3o que entrou muito bem, que se fez valer disso sendo que logo aos 30 segundos de jogo, Feliz abriu o ativo. Seguiu-se mais um golo\u00a0por M\u00e9rcio, ap\u00f3s o primeiro quarto &hellip; <a href=\"https:\/\/fcfamalicao.org\/portal\/2015\/11\/29\/fc-famalicao-vence-benfica-b\/\">Continuar a ler <span class=\"meta-nav\">&rarr;<\/span><\/a><\/p>\n","protected":false},"author":1,"featured_media":0,"comment_status":"closed","ping_status":"closed","sticky":false,"template":"","format":"standard","meta":{"ngg_post_thumbnail":0,"footnotes":""},"categories":[2],"tags":[],"class_list":["post-3245","post","type-post","status-publish","format-standard","hentry","category-seniores"],"_links":{"self":[{"href":"https:\/\/fcfamalicao.org\/portal\/wp-json\/wp\/v2\/posts\/3245","targetHints":{"allow":["GET"]}}],"collection":[{"href":"https:\/\/fcfamalicao.org\/portal\/wp-json\/wp\/v2\/posts"}],"about":[{"href":"https:\/\/fcfamalicao.org\/portal\/wp-json\/wp\/v2\/types\/post"}],"author":[{"embeddable":true,"href":"https:\/\/fcfamalicao.org\/portal\/wp-json\/wp\/v2\/users\/1"}],"replies":[{"embeddable":true,"href":"https:\/\/fcfamalicao.org\/portal\/wp-json\/wp\/v2\/comments?post=3245"}],"version-history":[{"count":1,"href":"https:\/\/fcfamalicao.org\/portal\/wp-json\/wp\/v2\/posts\/3245\/revisions"}],"predecessor-version":[{"id":3246,"href":"https:\/\/fcfamalicao.org\/portal\/wp-json\/wp\/v2\/posts\/3245\/revisions\/3246"}],"wp:attachment":[{"href":"https:\/\/fcfamalicao.org\/portal\/wp-json\/wp\/v2\/media?parent=3245"}],"wp:term":[{"taxonomy":"category","embeddable":true,"href":"https:\/\/fcfamalicao.org\/portal\/wp-json\/wp\/v2\/categories?post=3245"},{"taxonomy":"post_tag","embeddable":true,"href":"https:\/\/fcfamalicao.org\/portal\/wp-json\/wp\/v2\/tags?post=3245"}],"curies":[{"name":"wp","href":"https:\/\/api.w.org\/{rel}","templated":true}]}}