{"id":3222,"date":"2015-11-01T17:41:01","date_gmt":"2015-11-01T16:41:01","guid":{"rendered":"http:\/\/fcfamalicao.org\/portal\/?p=3222"},"modified":"2015-11-01T17:41:24","modified_gmt":"2015-11-01T16:41:24","slug":"famalicao-melhor-no-temporal-de-portimao","status":"publish","type":"post","link":"https:\/\/fcfamalicao.org\/portal\/2015\/11\/01\/famalicao-melhor-no-temporal-de-portimao\/","title":{"rendered":"FC Famalic\u00e3o melhor no temporal de Portim\u00e3o"},"content":{"rendered":"<p style=\"text-align: justify;\"><img loading=\"lazy\" decoding=\"async\" class=\"alignleft size-full wp-image-3223\" src=\"http:\/\/fcfamalicao.org\/portal\/wp-content\/uploads\/2015\/11\/15_16_035.jpg\" alt=\"15_16_035\" width=\"600\" height=\"300\" srcset=\"https:\/\/fcfamalicao.org\/portal\/wp-content\/uploads\/2015\/11\/15_16_035.jpg 600w, https:\/\/fcfamalicao.org\/portal\/wp-content\/uploads\/2015\/11\/15_16_035-300x150.jpg 300w, https:\/\/fcfamalicao.org\/portal\/wp-content\/uploads\/2015\/11\/15_16_035-500x250.jpg 500w\" sizes=\"auto, (max-width: 600px) 100vw, 600px\" \/><br \/>\nA expectativa era enorme em Portim\u00e3o para a partida deste domingo, e, numa partida disputada debaixo de um grande temporal, que alagou o relvado, o Famalic\u00e3o foi mais astuto e mais feliz, vencendo por concludente 0-3.<br \/>\nO avan\u00e7ado Chico foi a grande figura, ao marcar por duas vezes, com V\u00edtor Vinha a fazer o outro golo, num livre direto que desviou na barreira e traiu o guardi\u00e3o do Portimonense.<br \/>\nNa segunda metade o campo ficou mais alagado e a equipa do Portimonense viu-se obrigada a bombear as bolas s\u00f3 que a entreajuda do coletivo famalicense chegou para as encomendas e n\u00e3o deixou o cr\u00e9dito por m\u00e3os alheias e traz na bagagem tr\u00eas preciosos pontos na busca do objetivo.<\/p>\n<a class=\"synved-social-button synved-social-button-share synved-social-size-24 synved-social-resolution-single synved-social-provider-facebook nolightbox\" data-provider=\"facebook\" target=\"_blank\" rel=\"nofollow\" title=\"Share on Facebook\" href=\"https:\/\/www.facebook.com\/sharer.php?u=https%3A%2F%2Ffcfamalicao.org%2Fportal%2Fwp-json%2Fwp%2Fv2%2Fposts%2F3222&#038;t=FC%20Famalic%C3%A3o%20melhor%20no%20temporal%20de%20Portim%C3%A3o&#038;s=100&#038;p&#091;url&#093;=https%3A%2F%2Ffcfamalicao.org%2Fportal%2Fwp-json%2Fwp%2Fv2%2Fposts%2F3222&#038;p&#091;images&#093;&#091;0&#093;=http%3A%2F%2Ffcfamalicao.org%2Fportal%2Fwp-content%2Fuploads%2F2015%2F11%2F15_16_035.jpg&#038;p&#091;title&#093;=FC%20Famalic%C3%A3o%20melhor%20no%20temporal%20de%20Portim%C3%A3o\" style=\"font-size: 0px;width:24px;height:24px;margin:0;margin-bottom:5px;margin-right:5px\"><img loading=\"lazy\" decoding=\"async\" alt=\"Facebook\" title=\"Share on Facebook\" class=\"synved-share-image synved-social-image synved-social-image-share\" width=\"24\" height=\"24\" style=\"display: inline;width:24px;height:24px;margin: 0;padding: 0;border: none;box-shadow: none\" src=\"https:\/\/fcfamalicao.org\/portal\/wp-content\/plugins\/social-media-feather\/synved-social\/image\/social\/regular\/48x48\/facebook.png\" \/><\/a><a class=\"synved-social-button synved-social-button-share synved-social-size-24 synved-social-resolution-single synved-social-provider-twitter nolightbox\" data-provider=\"twitter\" target=\"_blank\" rel=\"nofollow\" title=\"Share on Twitter\" href=\"https:\/\/twitter.com\/intent\/tweet?url=https%3A%2F%2Ffcfamalicao.org%2Fportal%2Fwp-json%2Fwp%2Fv2%2Fposts%2F3222&#038;text=Novidades%20%E2%80%93%20FC%20Famalic%C3%A3o%20Clube%20de%20F%C3%A3s%20Online\" style=\"font-size: 0px;width:24px;height:24px;margin:0;margin-bottom:5px\"><img loading=\"lazy\" decoding=\"async\" alt=\"twitter\" title=\"Share on Twitter\" class=\"synved-share-image synved-social-image synved-social-image-share\" width=\"24\" height=\"24\" style=\"display: inline;width:24px;height:24px;margin: 0;padding: 0;border: none;box-shadow: none\" src=\"https:\/\/fcfamalicao.org\/portal\/wp-content\/plugins\/social-media-feather\/synved-social\/image\/social\/regular\/48x48\/twitter.png\" \/><\/a><a class=\"synved-social-credit\" target=\"_blank\" rel=\"nofollow\" title=\"WordPress Social Media Feather\" href=\"http:\/\/synved.com\/wordpress-social-media-feather\/\" style=\"color:#444;text-decoration:none;font-size:8px;margin-left:5px;vertical-align:10px;white-space:nowrap\"><span>by <\/span><img loading=\"lazy\" decoding=\"async\" style=\"display: inline;margin:0;padding:0;width:16px;height:16px\" width=\"16\" height=\"16\" alt=\"feather\" src=\"https:\/\/fcfamalicao.org\/portal\/wp-content\/plugins\/social-media-feather\/synved-social\/image\/icon.png\" \/><\/a>","protected":false},"excerpt":{"rendered":"<p>A expectativa era enorme em Portim\u00e3o para a partida deste domingo, e, numa partida disputada debaixo de um grande temporal, que alagou o relvado, o Famalic\u00e3o foi mais astuto e mais feliz, vencendo por concludente 0-3. O avan\u00e7ado Chico foi &hellip; <a href=\"https:\/\/fcfamalicao.org\/portal\/2015\/11\/01\/famalicao-melhor-no-temporal-de-portimao\/\">Continuar a ler <span class=\"meta-nav\">&rarr;<\/span><\/a><\/p>\n","protected":false},"author":1,"featured_media":0,"comment_status":"closed","ping_status":"closed","sticky":false,"template":"","format":"standard","meta":{"ngg_post_thumbnail":0,"footnotes":""},"categories":[2],"tags":[],"class_list":["post-3222","post","type-post","status-publish","format-standard","hentry","category-seniores"],"_links":{"self":[{"href":"https:\/\/fcfamalicao.org\/portal\/wp-json\/wp\/v2\/posts\/3222","targetHints":{"allow":["GET"]}}],"collection":[{"href":"https:\/\/fcfamalicao.org\/portal\/wp-json\/wp\/v2\/posts"}],"about":[{"href":"https:\/\/fcfamalicao.org\/portal\/wp-json\/wp\/v2\/types\/post"}],"author":[{"embeddable":true,"href":"https:\/\/fcfamalicao.org\/portal\/wp-json\/wp\/v2\/users\/1"}],"replies":[{"embeddable":true,"href":"https:\/\/fcfamalicao.org\/portal\/wp-json\/wp\/v2\/comments?post=3222"}],"version-history":[{"count":2,"href":"https:\/\/fcfamalicao.org\/portal\/wp-json\/wp\/v2\/posts\/3222\/revisions"}],"predecessor-version":[{"id":3225,"href":"https:\/\/fcfamalicao.org\/portal\/wp-json\/wp\/v2\/posts\/3222\/revisions\/3225"}],"wp:attachment":[{"href":"https:\/\/fcfamalicao.org\/portal\/wp-json\/wp\/v2\/media?parent=3222"}],"wp:term":[{"taxonomy":"category","embeddable":true,"href":"https:\/\/fcfamalicao.org\/portal\/wp-json\/wp\/v2\/categories?post=3222"},{"taxonomy":"post_tag","embeddable":true,"href":"https:\/\/fcfamalicao.org\/portal\/wp-json\/wp\/v2\/tags?post=3222"}],"curies":[{"name":"wp","href":"https:\/\/api.w.org\/{rel}","templated":true}]}}