{"id":3153,"date":"2015-10-21T23:52:14","date_gmt":"2015-10-21T22:52:14","guid":{"rendered":"http:\/\/fcfamalicao.org\/portal\/?p=3153"},"modified":"2015-10-21T23:52:14","modified_gmt":"2015-10-21T22:52:14","slug":"fc-famalicao-empata-em-mafra","status":"publish","type":"post","link":"https:\/\/fcfamalicao.org\/portal\/2015\/10\/21\/fc-famalicao-empata-em-mafra\/","title":{"rendered":"FC Famalic\u00e3o empata em Mafra"},"content":{"rendered":"<p style=\"text-align: justify;\"><img loading=\"lazy\" decoding=\"async\" class=\"alignleft size-full wp-image-3154\" src=\"http:\/\/fcfamalicao.org\/portal\/wp-content\/uploads\/2015\/10\/15_16_030.jpg\" alt=\"15_16_030\" width=\"600\" height=\"125\" srcset=\"https:\/\/fcfamalicao.org\/portal\/wp-content\/uploads\/2015\/10\/15_16_030.jpg 600w, https:\/\/fcfamalicao.org\/portal\/wp-content\/uploads\/2015\/10\/15_16_030-300x63.jpg 300w, https:\/\/fcfamalicao.org\/portal\/wp-content\/uploads\/2015\/10\/15_16_030-500x104.jpg 500w\" sizes=\"auto, (max-width: 600px) 100vw, 600px\" \/><br \/>\nO FC Famalic\u00e3o foi at\u00e9 \u00e0 vila de Mafra jogar partida referente \u00e0 11\u00aa jornada da Segunda Liga. O resultado da partida foi um empate a zero em que as duas equipas dispuseram de ocasi\u00f5es para mudarem o nulo.<br \/>\nCD Mafra: Mory Diaw, Andr\u00e9 Teixeira, Sandro, Rafael Goiano, Joel Ferreira, Tiago Costa, Laurindo, Kiki Ballack (Ivan Fidalgo, 67\u2019), Leo, Lu\u00eds Carlos e Alisson (Adelaja, 71\u2019).<br \/>\nTreinador: Jorge Neves<br \/>\nFC Famalic\u00e3o: Chastre, Joel, Luiz Alberto, Silv\u00e9rio, V\u00edtor Vinha, M\u00e9rcio (Ibraima, 71\u2019), Mauro (Chico Fernandes, 83\u2019), V\u00edtor Lima, Feliz, Diego Medeiros (Mendes, 46\u2019) e Pedro Correia.<br \/>\nTreinador: Daniel Ramos<\/p>\n<p style=\"text-align: justify;\"><span style=\"color: #0000ff;\">Esta noite fomos surpreendidos com um comunicado em que toda a estrutura dos \u00f3rg\u00e3os sociais se demitiram em bloco. Aguardamos que neste momento da \u00e9poca haja serenidade e que as pessoas sejam capazes de ultrapassar diverg\u00eancias pois o FC Famalic\u00e3o conta mais.<\/span><\/p>\n<a class=\"synved-social-button synved-social-button-share synved-social-size-24 synved-social-resolution-single synved-social-provider-facebook nolightbox\" data-provider=\"facebook\" target=\"_blank\" rel=\"nofollow\" title=\"Share on Facebook\" href=\"https:\/\/www.facebook.com\/sharer.php?u=https%3A%2F%2Ffcfamalicao.org%2Fportal%2Fwp-json%2Fwp%2Fv2%2Fposts%2F3153&#038;t=FC%20Famalic%C3%A3o%20empata%20em%20Mafra&#038;s=100&#038;p&#091;url&#093;=https%3A%2F%2Ffcfamalicao.org%2Fportal%2Fwp-json%2Fwp%2Fv2%2Fposts%2F3153&#038;p&#091;images&#093;&#091;0&#093;=http%3A%2F%2Ffcfamalicao.org%2Fportal%2Fwp-content%2Fuploads%2F2015%2F10%2F15_16_030.jpg&#038;p&#091;title&#093;=FC%20Famalic%C3%A3o%20empata%20em%20Mafra\" style=\"font-size: 0px;width:24px;height:24px;margin:0;margin-bottom:5px;margin-right:5px\"><img loading=\"lazy\" decoding=\"async\" alt=\"Facebook\" title=\"Share on Facebook\" class=\"synved-share-image synved-social-image synved-social-image-share\" width=\"24\" height=\"24\" style=\"display: inline;width:24px;height:24px;margin: 0;padding: 0;border: none;box-shadow: none\" src=\"https:\/\/fcfamalicao.org\/portal\/wp-content\/plugins\/social-media-feather\/synved-social\/image\/social\/regular\/48x48\/facebook.png\" \/><\/a><a class=\"synved-social-button synved-social-button-share synved-social-size-24 synved-social-resolution-single synved-social-provider-twitter nolightbox\" data-provider=\"twitter\" target=\"_blank\" rel=\"nofollow\" title=\"Share on Twitter\" href=\"https:\/\/twitter.com\/intent\/tweet?url=https%3A%2F%2Ffcfamalicao.org%2Fportal%2Fwp-json%2Fwp%2Fv2%2Fposts%2F3153&#038;text=Novidades%20%E2%80%93%20FC%20Famalic%C3%A3o%20Clube%20de%20F%C3%A3s%20Online\" style=\"font-size: 0px;width:24px;height:24px;margin:0;margin-bottom:5px\"><img loading=\"lazy\" decoding=\"async\" alt=\"twitter\" title=\"Share on Twitter\" class=\"synved-share-image synved-social-image synved-social-image-share\" width=\"24\" height=\"24\" style=\"display: inline;width:24px;height:24px;margin: 0;padding: 0;border: none;box-shadow: none\" src=\"https:\/\/fcfamalicao.org\/portal\/wp-content\/plugins\/social-media-feather\/synved-social\/image\/social\/regular\/48x48\/twitter.png\" \/><\/a><a class=\"synved-social-credit\" target=\"_blank\" rel=\"nofollow\" title=\"WordPress Social Media Feather\" href=\"http:\/\/synved.com\/wordpress-social-media-feather\/\" style=\"color:#444;text-decoration:none;font-size:8px;margin-left:5px;vertical-align:10px;white-space:nowrap\"><span>by <\/span><img loading=\"lazy\" decoding=\"async\" style=\"display: inline;margin:0;padding:0;width:16px;height:16px\" width=\"16\" height=\"16\" alt=\"feather\" src=\"https:\/\/fcfamalicao.org\/portal\/wp-content\/plugins\/social-media-feather\/synved-social\/image\/icon.png\" \/><\/a>","protected":false},"excerpt":{"rendered":"<p>O FC Famalic\u00e3o foi at\u00e9 \u00e0 vila de Mafra jogar partida referente \u00e0 11\u00aa jornada da Segunda Liga. O resultado da partida foi um empate a zero em que as duas equipas dispuseram de ocasi\u00f5es para mudarem o nulo. CD &hellip; <a href=\"https:\/\/fcfamalicao.org\/portal\/2015\/10\/21\/fc-famalicao-empata-em-mafra\/\">Continuar a ler <span class=\"meta-nav\">&rarr;<\/span><\/a><\/p>\n","protected":false},"author":1,"featured_media":0,"comment_status":"closed","ping_status":"closed","sticky":false,"template":"","format":"standard","meta":{"ngg_post_thumbnail":0,"footnotes":""},"categories":[2],"tags":[],"class_list":["post-3153","post","type-post","status-publish","format-standard","hentry","category-seniores"],"_links":{"self":[{"href":"https:\/\/fcfamalicao.org\/portal\/wp-json\/wp\/v2\/posts\/3153","targetHints":{"allow":["GET"]}}],"collection":[{"href":"https:\/\/fcfamalicao.org\/portal\/wp-json\/wp\/v2\/posts"}],"about":[{"href":"https:\/\/fcfamalicao.org\/portal\/wp-json\/wp\/v2\/types\/post"}],"author":[{"embeddable":true,"href":"https:\/\/fcfamalicao.org\/portal\/wp-json\/wp\/v2\/users\/1"}],"replies":[{"embeddable":true,"href":"https:\/\/fcfamalicao.org\/portal\/wp-json\/wp\/v2\/comments?post=3153"}],"version-history":[{"count":1,"href":"https:\/\/fcfamalicao.org\/portal\/wp-json\/wp\/v2\/posts\/3153\/revisions"}],"predecessor-version":[{"id":3155,"href":"https:\/\/fcfamalicao.org\/portal\/wp-json\/wp\/v2\/posts\/3153\/revisions\/3155"}],"wp:attachment":[{"href":"https:\/\/fcfamalicao.org\/portal\/wp-json\/wp\/v2\/media?parent=3153"}],"wp:term":[{"taxonomy":"category","embeddable":true,"href":"https:\/\/fcfamalicao.org\/portal\/wp-json\/wp\/v2\/categories?post=3153"},{"taxonomy":"post_tag","embeddable":true,"href":"https:\/\/fcfamalicao.org\/portal\/wp-json\/wp\/v2\/tags?post=3153"}],"curies":[{"name":"wp","href":"https:\/\/api.w.org\/{rel}","templated":true}]}}