{"id":3008,"date":"2015-09-22T09:58:05","date_gmt":"2015-09-22T08:58:05","guid":{"rendered":"http:\/\/fcfamalicao.org\/portal\/?p=3008"},"modified":"2015-09-22T09:58:05","modified_gmt":"2015-09-22T08:58:05","slug":"taca-ctt-ud-oliveirense-vs-fc-famalicao","status":"publish","type":"post","link":"https:\/\/fcfamalicao.org\/portal\/2015\/09\/22\/taca-ctt-ud-oliveirense-vs-fc-famalicao\/","title":{"rendered":"Ta\u00e7a CTT &#8211; UD Oliveirense Vs FC Famalic\u00e3o"},"content":{"rendered":"<p><img loading=\"lazy\" decoding=\"async\" class=\"alignleft size-full wp-image-2995\" src=\"http:\/\/fcfamalicao.org\/portal\/wp-content\/uploads\/2015\/09\/15_16_020.jpg\" alt=\"15_16_020\" width=\"600\" height=\"341\" srcset=\"https:\/\/fcfamalicao.org\/portal\/wp-content\/uploads\/2015\/09\/15_16_020.jpg 600w, https:\/\/fcfamalicao.org\/portal\/wp-content\/uploads\/2015\/09\/15_16_020-300x171.jpg 300w, https:\/\/fcfamalicao.org\/portal\/wp-content\/uploads\/2015\/09\/15_16_020-500x284.jpg 500w\" sizes=\"auto, (max-width: 600px) 100vw, 600px\" \/><br \/>\nAmanh\u00e3 quarta-feira, dia 23 de setembro, o FC Famalic\u00e3o vai at\u00e9 Oliveira de Azem\u00e9is disputar a 2\u00aa fase da Ta\u00e7a CTT. O encontro tem lugar no Est\u00e1dio Carlos Os\u00f3rio pelas 15 horas.<br \/>\nA vit\u00f3ria d\u00e1 acesso \u00e0 fase de grupos da competi\u00e7\u00e3o. \u00c9 obrigat\u00f3rio vencer para continuar em prova. O Famalic\u00e3o tem capacidade para seguir em frente com o apoio dos famalicenses.<br \/>\nUnidos Venceremos.<\/p>\n<a class=\"synved-social-button synved-social-button-share synved-social-size-24 synved-social-resolution-single synved-social-provider-facebook nolightbox\" data-provider=\"facebook\" target=\"_blank\" rel=\"nofollow\" title=\"Share on Facebook\" href=\"https:\/\/www.facebook.com\/sharer.php?u=https%3A%2F%2Ffcfamalicao.org%2Fportal%2Fwp-json%2Fwp%2Fv2%2Fposts%2F3008&#038;t=Ta%C3%A7a%20CTT%20%E2%80%93%20UD%20Oliveirense%20Vs%20FC%20Famalic%C3%A3o&#038;s=100&#038;p&#091;url&#093;=https%3A%2F%2Ffcfamalicao.org%2Fportal%2Fwp-json%2Fwp%2Fv2%2Fposts%2F3008&#038;p&#091;images&#093;&#091;0&#093;=http%3A%2F%2Ffcfamalicao.org%2Fportal%2Fwp-content%2Fuploads%2F2015%2F09%2F15_16_020.jpg&#038;p&#091;title&#093;=Ta%C3%A7a%20CTT%20%E2%80%93%20UD%20Oliveirense%20Vs%20FC%20Famalic%C3%A3o\" style=\"font-size: 0px;width:24px;height:24px;margin:0;margin-bottom:5px;margin-right:5px\"><img loading=\"lazy\" decoding=\"async\" alt=\"Facebook\" title=\"Share on Facebook\" class=\"synved-share-image synved-social-image synved-social-image-share\" width=\"24\" height=\"24\" style=\"display: inline;width:24px;height:24px;margin: 0;padding: 0;border: none;box-shadow: none\" src=\"https:\/\/fcfamalicao.org\/portal\/wp-content\/plugins\/social-media-feather\/synved-social\/image\/social\/regular\/48x48\/facebook.png\" \/><\/a><a class=\"synved-social-button synved-social-button-share synved-social-size-24 synved-social-resolution-single synved-social-provider-twitter nolightbox\" data-provider=\"twitter\" target=\"_blank\" rel=\"nofollow\" title=\"Share on Twitter\" href=\"https:\/\/twitter.com\/intent\/tweet?url=https%3A%2F%2Ffcfamalicao.org%2Fportal%2Fwp-json%2Fwp%2Fv2%2Fposts%2F3008&#038;text=Novidades%20%E2%80%93%20FC%20Famalic%C3%A3o%20Clube%20de%20F%C3%A3s%20Online\" style=\"font-size: 0px;width:24px;height:24px;margin:0;margin-bottom:5px\"><img loading=\"lazy\" decoding=\"async\" alt=\"twitter\" title=\"Share on Twitter\" class=\"synved-share-image synved-social-image synved-social-image-share\" width=\"24\" height=\"24\" style=\"display: inline;width:24px;height:24px;margin: 0;padding: 0;border: none;box-shadow: none\" src=\"https:\/\/fcfamalicao.org\/portal\/wp-content\/plugins\/social-media-feather\/synved-social\/image\/social\/regular\/48x48\/twitter.png\" \/><\/a><a class=\"synved-social-credit\" target=\"_blank\" rel=\"nofollow\" title=\"WordPress Social Media Feather\" href=\"http:\/\/synved.com\/wordpress-social-media-feather\/\" style=\"color:#444;text-decoration:none;font-size:8px;margin-left:5px;vertical-align:10px;white-space:nowrap\"><span>by <\/span><img loading=\"lazy\" decoding=\"async\" style=\"display: inline;margin:0;padding:0;width:16px;height:16px\" width=\"16\" height=\"16\" alt=\"feather\" src=\"https:\/\/fcfamalicao.org\/portal\/wp-content\/plugins\/social-media-feather\/synved-social\/image\/icon.png\" \/><\/a>","protected":false},"excerpt":{"rendered":"<p>Amanh\u00e3 quarta-feira, dia 23 de setembro, o FC Famalic\u00e3o vai at\u00e9 Oliveira de Azem\u00e9is disputar a 2\u00aa fase da Ta\u00e7a CTT. O encontro tem lugar no Est\u00e1dio Carlos Os\u00f3rio pelas 15 horas. A vit\u00f3ria d\u00e1 acesso \u00e0 fase de grupos &hellip; <a href=\"https:\/\/fcfamalicao.org\/portal\/2015\/09\/22\/taca-ctt-ud-oliveirense-vs-fc-famalicao\/\">Continuar a ler <span class=\"meta-nav\">&rarr;<\/span><\/a><\/p>\n","protected":false},"author":1,"featured_media":0,"comment_status":"closed","ping_status":"closed","sticky":false,"template":"","format":"standard","meta":{"ngg_post_thumbnail":0,"footnotes":""},"categories":[2],"tags":[],"class_list":["post-3008","post","type-post","status-publish","format-standard","hentry","category-seniores"],"_links":{"self":[{"href":"https:\/\/fcfamalicao.org\/portal\/wp-json\/wp\/v2\/posts\/3008","targetHints":{"allow":["GET"]}}],"collection":[{"href":"https:\/\/fcfamalicao.org\/portal\/wp-json\/wp\/v2\/posts"}],"about":[{"href":"https:\/\/fcfamalicao.org\/portal\/wp-json\/wp\/v2\/types\/post"}],"author":[{"embeddable":true,"href":"https:\/\/fcfamalicao.org\/portal\/wp-json\/wp\/v2\/users\/1"}],"replies":[{"embeddable":true,"href":"https:\/\/fcfamalicao.org\/portal\/wp-json\/wp\/v2\/comments?post=3008"}],"version-history":[{"count":1,"href":"https:\/\/fcfamalicao.org\/portal\/wp-json\/wp\/v2\/posts\/3008\/revisions"}],"predecessor-version":[{"id":3009,"href":"https:\/\/fcfamalicao.org\/portal\/wp-json\/wp\/v2\/posts\/3008\/revisions\/3009"}],"wp:attachment":[{"href":"https:\/\/fcfamalicao.org\/portal\/wp-json\/wp\/v2\/media?parent=3008"}],"wp:term":[{"taxonomy":"category","embeddable":true,"href":"https:\/\/fcfamalicao.org\/portal\/wp-json\/wp\/v2\/categories?post=3008"},{"taxonomy":"post_tag","embeddable":true,"href":"https:\/\/fcfamalicao.org\/portal\/wp-json\/wp\/v2\/tags?post=3008"}],"curies":[{"name":"wp","href":"https:\/\/api.w.org\/{rel}","templated":true}]}}