{"id":2996,"date":"2015-09-21T20:30:41","date_gmt":"2015-09-21T19:30:41","guid":{"rendered":"http:\/\/fcfamalicao.org\/portal\/?p=2996"},"modified":"2015-09-21T20:30:41","modified_gmt":"2015-09-21T19:30:41","slug":"fc-famalicao-x-ac-viseu-deu-empate","status":"publish","type":"post","link":"https:\/\/fcfamalicao.org\/portal\/2015\/09\/21\/fc-famalicao-x-ac-viseu-deu-empate\/","title":{"rendered":"FC Famalic\u00e3o x Ac. Viseu deu empate"},"content":{"rendered":"<p style=\"text-align: justify;\"><img loading=\"lazy\" decoding=\"async\" class=\"alignleft size-full wp-image-2994\" src=\"http:\/\/fcfamalicao.org\/portal\/wp-content\/uploads\/2015\/09\/15_16_019.jpg\" alt=\"15_16_019\" width=\"600\" height=\"300\" srcset=\"https:\/\/fcfamalicao.org\/portal\/wp-content\/uploads\/2015\/09\/15_16_019.jpg 600w, https:\/\/fcfamalicao.org\/portal\/wp-content\/uploads\/2015\/09\/15_16_019-300x150.jpg 300w, https:\/\/fcfamalicao.org\/portal\/wp-content\/uploads\/2015\/09\/15_16_019-500x250.jpg 500w\" sizes=\"auto, (max-width: 600px) 100vw, 600px\" \/><br \/>\nO encontro que op\u00f4s o FC Famalic\u00e3o ao Acad\u00e9mico de Viseu terminou com um nulo no resultado. O desfecho deste encontro justifica-se pela falta de efic\u00e1cia e\u00a0pelas ocasi\u00f5es desperdi\u00e7adas.<br \/>\nPr\u00f3xima quarta-feira FC Famalic\u00e3o vai de novo a Oliveira de Azem\u00e9is desta feita para disputar a segunda fase da Ta\u00e7a da Liga frente \u00e0 UD Oliveirense. O encontro joga-se no est\u00e1dio Carlos Os\u00f3rio pelas 15 horas.<\/p>\n<p>FAMALIC\u00c3O<br \/>\nVitor Murta;<br \/>\nDaniel, Silv\u00e9rio, Lu\u00edz Alberto e Jorge Miguel;<br \/>\nVitor Lima, Ibraima e M\u00e9rcio;<br \/>\nFeliz, Correia e Amessan.<\/p>\n<p>SUBSTITUI\u00c7\u00d5ES<br \/>\nDaniel por Vila\u00e7a (43\u00b4);<br \/>\nAmessan por Jo\u00e3o Mendes (57\u00b4);<br \/>\nCorreia por Leandro Sousa (72\u00b4);<\/p>\n<p>N\u00c3O UTILIZADOS<br \/>\nChastre, \u00c9der Diego, Diego Medeiros e Chico.<\/p>\n<p>TREINADOR<br \/>\nDaniel Ramos<\/p>\n<p>ACAD\u00c9MICO DE VISEU 0<br \/>\nRicardo Janota;<br \/>\nTiago Costa, Lameir\u00e3o, Bura e Kiko;<br \/>\nAlex Porto, Jo\u00e3o Ricardo e Clayton Leite;<br \/>\nTiago Borges, Diogo Fonseca e Bruno Carvalho.<\/p>\n<p>SUBSTITUI\u00c7\u00d5ES<br \/>\nDiogo Fonseca por Forbes (53\u00b4);<br \/>\nClayton Leite por Capela (63\u00b4);<br \/>\nTiago Borges por Carlos Eduardo (79\u00b4);<\/p>\n<p>N\u00c3O UTILIZADOS<br \/>\nRuca, Tom\u00e9, Tiago Gon\u00e7alves e Yuri.<\/p>\n<p>TREINADOR<br \/>\nRicardo Ch\u00e9u<\/p>\n<a class=\"synved-social-button synved-social-button-share synved-social-size-24 synved-social-resolution-single synved-social-provider-facebook nolightbox\" data-provider=\"facebook\" target=\"_blank\" rel=\"nofollow\" title=\"Share on Facebook\" href=\"https:\/\/www.facebook.com\/sharer.php?u=https%3A%2F%2Ffcfamalicao.org%2Fportal%2Fwp-json%2Fwp%2Fv2%2Fposts%2F2996&#038;t=FC%20Famalic%C3%A3o%20x%20Ac.%20Viseu%20deu%20empate&#038;s=100&#038;p&#091;url&#093;=https%3A%2F%2Ffcfamalicao.org%2Fportal%2Fwp-json%2Fwp%2Fv2%2Fposts%2F2996&#038;p&#091;images&#093;&#091;0&#093;=http%3A%2F%2Ffcfamalicao.org%2Fportal%2Fwp-content%2Fuploads%2F2015%2F09%2F15_16_019.jpg&#038;p&#091;title&#093;=FC%20Famalic%C3%A3o%20x%20Ac.%20Viseu%20deu%20empate\" style=\"font-size: 0px;width:24px;height:24px;margin:0;margin-bottom:5px;margin-right:5px\"><img loading=\"lazy\" decoding=\"async\" alt=\"Facebook\" title=\"Share on Facebook\" class=\"synved-share-image synved-social-image synved-social-image-share\" width=\"24\" height=\"24\" style=\"display: inline;width:24px;height:24px;margin: 0;padding: 0;border: none;box-shadow: none\" src=\"https:\/\/fcfamalicao.org\/portal\/wp-content\/plugins\/social-media-feather\/synved-social\/image\/social\/regular\/48x48\/facebook.png\" \/><\/a><a class=\"synved-social-button synved-social-button-share synved-social-size-24 synved-social-resolution-single synved-social-provider-twitter nolightbox\" data-provider=\"twitter\" target=\"_blank\" rel=\"nofollow\" title=\"Share on Twitter\" href=\"https:\/\/twitter.com\/intent\/tweet?url=https%3A%2F%2Ffcfamalicao.org%2Fportal%2Fwp-json%2Fwp%2Fv2%2Fposts%2F2996&#038;text=Novidades%20%E2%80%93%20FC%20Famalic%C3%A3o%20Clube%20de%20F%C3%A3s%20Online\" style=\"font-size: 0px;width:24px;height:24px;margin:0;margin-bottom:5px\"><img loading=\"lazy\" decoding=\"async\" alt=\"twitter\" title=\"Share on Twitter\" class=\"synved-share-image synved-social-image synved-social-image-share\" width=\"24\" height=\"24\" style=\"display: inline;width:24px;height:24px;margin: 0;padding: 0;border: none;box-shadow: none\" src=\"https:\/\/fcfamalicao.org\/portal\/wp-content\/plugins\/social-media-feather\/synved-social\/image\/social\/regular\/48x48\/twitter.png\" \/><\/a><a class=\"synved-social-credit\" target=\"_blank\" rel=\"nofollow\" title=\"WordPress Social Media Feather\" href=\"http:\/\/synved.com\/wordpress-social-media-feather\/\" style=\"color:#444;text-decoration:none;font-size:8px;margin-left:5px;vertical-align:10px;white-space:nowrap\"><span>by <\/span><img loading=\"lazy\" decoding=\"async\" style=\"display: inline;margin:0;padding:0;width:16px;height:16px\" width=\"16\" height=\"16\" alt=\"feather\" src=\"https:\/\/fcfamalicao.org\/portal\/wp-content\/plugins\/social-media-feather\/synved-social\/image\/icon.png\" \/><\/a>","protected":false},"excerpt":{"rendered":"<p>O encontro que op\u00f4s o FC Famalic\u00e3o ao Acad\u00e9mico de Viseu terminou com um nulo no resultado. O desfecho deste encontro justifica-se pela falta de efic\u00e1cia e\u00a0pelas ocasi\u00f5es desperdi\u00e7adas. Pr\u00f3xima quarta-feira FC Famalic\u00e3o vai de novo a Oliveira de Azem\u00e9is &hellip; <a href=\"https:\/\/fcfamalicao.org\/portal\/2015\/09\/21\/fc-famalicao-x-ac-viseu-deu-empate\/\">Continuar a ler <span class=\"meta-nav\">&rarr;<\/span><\/a><\/p>\n","protected":false},"author":1,"featured_media":0,"comment_status":"closed","ping_status":"closed","sticky":false,"template":"","format":"standard","meta":{"ngg_post_thumbnail":0,"footnotes":""},"categories":[2],"tags":[],"class_list":["post-2996","post","type-post","status-publish","format-standard","hentry","category-seniores"],"_links":{"self":[{"href":"https:\/\/fcfamalicao.org\/portal\/wp-json\/wp\/v2\/posts\/2996","targetHints":{"allow":["GET"]}}],"collection":[{"href":"https:\/\/fcfamalicao.org\/portal\/wp-json\/wp\/v2\/posts"}],"about":[{"href":"https:\/\/fcfamalicao.org\/portal\/wp-json\/wp\/v2\/types\/post"}],"author":[{"embeddable":true,"href":"https:\/\/fcfamalicao.org\/portal\/wp-json\/wp\/v2\/users\/1"}],"replies":[{"embeddable":true,"href":"https:\/\/fcfamalicao.org\/portal\/wp-json\/wp\/v2\/comments?post=2996"}],"version-history":[{"count":1,"href":"https:\/\/fcfamalicao.org\/portal\/wp-json\/wp\/v2\/posts\/2996\/revisions"}],"predecessor-version":[{"id":2997,"href":"https:\/\/fcfamalicao.org\/portal\/wp-json\/wp\/v2\/posts\/2996\/revisions\/2997"}],"wp:attachment":[{"href":"https:\/\/fcfamalicao.org\/portal\/wp-json\/wp\/v2\/media?parent=2996"}],"wp:term":[{"taxonomy":"category","embeddable":true,"href":"https:\/\/fcfamalicao.org\/portal\/wp-json\/wp\/v2\/categories?post=2996"},{"taxonomy":"post_tag","embeddable":true,"href":"https:\/\/fcfamalicao.org\/portal\/wp-json\/wp\/v2\/tags?post=2996"}],"curies":[{"name":"wp","href":"https:\/\/api.w.org\/{rel}","templated":true}]}}