{"id":2938,"date":"2015-09-11T18:13:34","date_gmt":"2015-09-11T17:13:34","guid":{"rendered":"http:\/\/fcfamalicao.org\/portal\/?p=2938"},"modified":"2015-09-11T18:13:34","modified_gmt":"2015-09-11T17:13:34","slug":"fc-famalicao-x-fc-porto-b","status":"publish","type":"post","link":"https:\/\/fcfamalicao.org\/portal\/2015\/09\/11\/fc-famalicao-x-fc-porto-b\/","title":{"rendered":"FC Famalic\u00e3o X FC Porto B"},"content":{"rendered":"<p style=\"text-align: justify;\"><img loading=\"lazy\" decoding=\"async\" class=\"alignleft size-full wp-image-2939\" src=\"http:\/\/fcfamalicao.org\/portal\/wp-content\/uploads\/2015\/09\/15_16_013.jpg\" alt=\"15_16_013\" width=\"600\" height=\"300\" srcset=\"https:\/\/fcfamalicao.org\/portal\/wp-content\/uploads\/2015\/09\/15_16_013.jpg 600w, https:\/\/fcfamalicao.org\/portal\/wp-content\/uploads\/2015\/09\/15_16_013-300x150.jpg 300w, https:\/\/fcfamalicao.org\/portal\/wp-content\/uploads\/2015\/09\/15_16_013-500x250.jpg 500w\" sizes=\"auto, (max-width: 600px) 100vw, 600px\" \/><br \/>\nAp\u00f3s a pausa para os jogos internacionais o campeonato da Segunda Liga cumpre este fim de semana a sexta jornada e nada melhor que o encontro do Famalic\u00e3o frente ao FC Porto B.<br \/>\nNa antevis\u00e3o desta partida o treinador do FC Porto acredita numa vit\u00f3ria mas o FC Famalic\u00e3o tem uma palavra a dizer: unidos venceremos.<br \/>\nCom o apoio da massa associativa o FC Famalic\u00e3o tudo far\u00e1 para somar os tr\u00eas pontos do desafio e prosseguir no encal\u00e7o do objetivo.<br \/>\n<em>Unidos Venceremos e Orgulhosos Continuaremos!<\/em><\/p>\n<a class=\"synved-social-button synved-social-button-share synved-social-size-24 synved-social-resolution-single synved-social-provider-facebook nolightbox\" data-provider=\"facebook\" target=\"_blank\" rel=\"nofollow\" title=\"Share on Facebook\" href=\"https:\/\/www.facebook.com\/sharer.php?u=https%3A%2F%2Ffcfamalicao.org%2Fportal%2Fwp-json%2Fwp%2Fv2%2Fposts%2F2938&#038;t=FC%20Famalic%C3%A3o%20X%20FC%20Porto%20B&#038;s=100&#038;p&#091;url&#093;=https%3A%2F%2Ffcfamalicao.org%2Fportal%2Fwp-json%2Fwp%2Fv2%2Fposts%2F2938&#038;p&#091;images&#093;&#091;0&#093;=http%3A%2F%2Ffcfamalicao.org%2Fportal%2Fwp-content%2Fuploads%2F2015%2F09%2F15_16_013.jpg&#038;p&#091;title&#093;=FC%20Famalic%C3%A3o%20X%20FC%20Porto%20B\" style=\"font-size: 0px;width:24px;height:24px;margin:0;margin-bottom:5px;margin-right:5px\"><img loading=\"lazy\" decoding=\"async\" alt=\"Facebook\" title=\"Share on Facebook\" class=\"synved-share-image synved-social-image synved-social-image-share\" width=\"24\" height=\"24\" style=\"display: inline;width:24px;height:24px;margin: 0;padding: 0;border: none;box-shadow: none\" src=\"https:\/\/fcfamalicao.org\/portal\/wp-content\/plugins\/social-media-feather\/synved-social\/image\/social\/regular\/48x48\/facebook.png\" \/><\/a><a class=\"synved-social-button synved-social-button-share synved-social-size-24 synved-social-resolution-single synved-social-provider-twitter nolightbox\" data-provider=\"twitter\" target=\"_blank\" rel=\"nofollow\" title=\"Share on Twitter\" href=\"https:\/\/twitter.com\/intent\/tweet?url=https%3A%2F%2Ffcfamalicao.org%2Fportal%2Fwp-json%2Fwp%2Fv2%2Fposts%2F2938&#038;text=Novidades%20%E2%80%93%20FC%20Famalic%C3%A3o%20Clube%20de%20F%C3%A3s%20Online\" style=\"font-size: 0px;width:24px;height:24px;margin:0;margin-bottom:5px\"><img loading=\"lazy\" decoding=\"async\" alt=\"twitter\" title=\"Share on Twitter\" class=\"synved-share-image synved-social-image synved-social-image-share\" width=\"24\" height=\"24\" style=\"display: inline;width:24px;height:24px;margin: 0;padding: 0;border: none;box-shadow: none\" src=\"https:\/\/fcfamalicao.org\/portal\/wp-content\/plugins\/social-media-feather\/synved-social\/image\/social\/regular\/48x48\/twitter.png\" \/><\/a><a class=\"synved-social-credit\" target=\"_blank\" rel=\"nofollow\" title=\"WordPress Social Media Feather\" href=\"http:\/\/synved.com\/wordpress-social-media-feather\/\" style=\"color:#444;text-decoration:none;font-size:8px;margin-left:5px;vertical-align:10px;white-space:nowrap\"><span>by <\/span><img loading=\"lazy\" decoding=\"async\" style=\"display: inline;margin:0;padding:0;width:16px;height:16px\" width=\"16\" height=\"16\" alt=\"feather\" src=\"https:\/\/fcfamalicao.org\/portal\/wp-content\/plugins\/social-media-feather\/synved-social\/image\/icon.png\" \/><\/a>","protected":false},"excerpt":{"rendered":"<p>Ap\u00f3s a pausa para os jogos internacionais o campeonato da Segunda Liga cumpre este fim de semana a sexta jornada e nada melhor que o encontro do Famalic\u00e3o frente ao FC Porto B. Na antevis\u00e3o desta partida o treinador do &hellip; <a href=\"https:\/\/fcfamalicao.org\/portal\/2015\/09\/11\/fc-famalicao-x-fc-porto-b\/\">Continuar a ler <span class=\"meta-nav\">&rarr;<\/span><\/a><\/p>\n","protected":false},"author":1,"featured_media":0,"comment_status":"closed","ping_status":"closed","sticky":false,"template":"","format":"standard","meta":{"ngg_post_thumbnail":0,"footnotes":""},"categories":[2],"tags":[],"class_list":["post-2938","post","type-post","status-publish","format-standard","hentry","category-seniores"],"_links":{"self":[{"href":"https:\/\/fcfamalicao.org\/portal\/wp-json\/wp\/v2\/posts\/2938","targetHints":{"allow":["GET"]}}],"collection":[{"href":"https:\/\/fcfamalicao.org\/portal\/wp-json\/wp\/v2\/posts"}],"about":[{"href":"https:\/\/fcfamalicao.org\/portal\/wp-json\/wp\/v2\/types\/post"}],"author":[{"embeddable":true,"href":"https:\/\/fcfamalicao.org\/portal\/wp-json\/wp\/v2\/users\/1"}],"replies":[{"embeddable":true,"href":"https:\/\/fcfamalicao.org\/portal\/wp-json\/wp\/v2\/comments?post=2938"}],"version-history":[{"count":1,"href":"https:\/\/fcfamalicao.org\/portal\/wp-json\/wp\/v2\/posts\/2938\/revisions"}],"predecessor-version":[{"id":2940,"href":"https:\/\/fcfamalicao.org\/portal\/wp-json\/wp\/v2\/posts\/2938\/revisions\/2940"}],"wp:attachment":[{"href":"https:\/\/fcfamalicao.org\/portal\/wp-json\/wp\/v2\/media?parent=2938"}],"wp:term":[{"taxonomy":"category","embeddable":true,"href":"https:\/\/fcfamalicao.org\/portal\/wp-json\/wp\/v2\/categories?post=2938"},{"taxonomy":"post_tag","embeddable":true,"href":"https:\/\/fcfamalicao.org\/portal\/wp-json\/wp\/v2\/tags?post=2938"}],"curies":[{"name":"wp","href":"https:\/\/api.w.org\/{rel}","templated":true}]}}