{"id":2622,"date":"2015-07-24T22:59:29","date_gmt":"2015-07-24T21:59:29","guid":{"rendered":"http:\/\/fcfamalicao.org\/portal\/?p=2622"},"modified":"2015-07-24T22:59:29","modified_gmt":"2015-07-24T21:59:29","slug":"fc-famalicao-vence-na-apresentacao","status":"publish","type":"post","link":"https:\/\/fcfamalicao.org\/portal\/2015\/07\/24\/fc-famalicao-vence-na-apresentacao\/","title":{"rendered":"FC Famalic\u00e3o vence na apresenta\u00e7\u00e3o"},"content":{"rendered":"<p><img loading=\"lazy\" decoding=\"async\" class=\"alignleft size-full wp-image-2623\" src=\"http:\/\/fcfamalicao.org\/portal\/wp-content\/uploads\/2015\/07\/15_16_002.jpg\" alt=\"15_16_002\" width=\"600\" height=\"125\" srcset=\"https:\/\/fcfamalicao.org\/portal\/wp-content\/uploads\/2015\/07\/15_16_002.jpg 600w, https:\/\/fcfamalicao.org\/portal\/wp-content\/uploads\/2015\/07\/15_16_002-300x63.jpg 300w, https:\/\/fcfamalicao.org\/portal\/wp-content\/uploads\/2015\/07\/15_16_002-500x104.jpg 500w\" sizes=\"auto, (max-width: 600px) 100vw, 600px\" \/><\/p>\n<p style=\"text-align: justify;\">Antes do encontro foi feita a apresenta\u00e7\u00e3o dos jogadores, equipa t\u00e9cnica e os novos equipamentos para a temporada 2015\/2016.<br \/>\nIniciada partida podemos dizer que n\u00e3o poderia ser melhor pois logo ao segundo minuto do jogo Vitor Vinha marcou .<br \/>\nA fechar a primeira parte, Jo\u00e3o Pedro marcou e deu express\u00e3o ao dom\u00ednio do FC Famalic\u00e3o.<br \/>\nNo segundo tempo, Daniel Ramos utilizou os restantes jogadores \u00e0 exce\u00e7\u00e3o de Feliz e Luiz Alberto que est\u00e3o em fase de recupera\u00e7\u00e3o. Vila\u00e7a marcou um livre ao seu jeito e fez um belo golo aos 68 minutos.<br \/>\nNa jogada que haveria de ser a \u00faltima, Caleb reduziu para o Moreirense FC.<br \/>\nGolos: Vitor Vinha 2\u2019, Jo\u00e3o Pedro 43\u2019, Vila\u00e7a 68\u2019, Caleb 90\u2019<\/p>\n<a class=\"synved-social-button synved-social-button-share synved-social-size-24 synved-social-resolution-single synved-social-provider-facebook nolightbox\" data-provider=\"facebook\" target=\"_blank\" rel=\"nofollow\" title=\"Share on Facebook\" href=\"https:\/\/www.facebook.com\/sharer.php?u=https%3A%2F%2Ffcfamalicao.org%2Fportal%2Fwp-json%2Fwp%2Fv2%2Fposts%2F2622&#038;t=FC%20Famalic%C3%A3o%20vence%20na%20apresenta%C3%A7%C3%A3o&#038;s=100&#038;p&#091;url&#093;=https%3A%2F%2Ffcfamalicao.org%2Fportal%2Fwp-json%2Fwp%2Fv2%2Fposts%2F2622&#038;p&#091;images&#093;&#091;0&#093;=http%3A%2F%2Ffcfamalicao.org%2Fportal%2Fwp-content%2Fuploads%2F2015%2F07%2F15_16_002.jpg&#038;p&#091;title&#093;=FC%20Famalic%C3%A3o%20vence%20na%20apresenta%C3%A7%C3%A3o\" style=\"font-size: 0px;width:24px;height:24px;margin:0;margin-bottom:5px;margin-right:5px\"><img loading=\"lazy\" decoding=\"async\" alt=\"Facebook\" title=\"Share on Facebook\" class=\"synved-share-image synved-social-image synved-social-image-share\" width=\"24\" height=\"24\" style=\"display: inline;width:24px;height:24px;margin: 0;padding: 0;border: none;box-shadow: none\" src=\"https:\/\/fcfamalicao.org\/portal\/wp-content\/plugins\/social-media-feather\/synved-social\/image\/social\/regular\/48x48\/facebook.png\" \/><\/a><a class=\"synved-social-button synved-social-button-share synved-social-size-24 synved-social-resolution-single synved-social-provider-twitter nolightbox\" data-provider=\"twitter\" target=\"_blank\" rel=\"nofollow\" title=\"Share on Twitter\" href=\"https:\/\/twitter.com\/intent\/tweet?url=https%3A%2F%2Ffcfamalicao.org%2Fportal%2Fwp-json%2Fwp%2Fv2%2Fposts%2F2622&#038;text=Novidades%20%E2%80%93%20FC%20Famalic%C3%A3o%20Clube%20de%20F%C3%A3s%20Online\" style=\"font-size: 0px;width:24px;height:24px;margin:0;margin-bottom:5px\"><img loading=\"lazy\" decoding=\"async\" alt=\"twitter\" title=\"Share on Twitter\" class=\"synved-share-image synved-social-image synved-social-image-share\" width=\"24\" height=\"24\" style=\"display: inline;width:24px;height:24px;margin: 0;padding: 0;border: none;box-shadow: none\" src=\"https:\/\/fcfamalicao.org\/portal\/wp-content\/plugins\/social-media-feather\/synved-social\/image\/social\/regular\/48x48\/twitter.png\" \/><\/a><a class=\"synved-social-credit\" target=\"_blank\" rel=\"nofollow\" title=\"WordPress Social Media Feather\" href=\"http:\/\/synved.com\/wordpress-social-media-feather\/\" style=\"color:#444;text-decoration:none;font-size:8px;margin-left:5px;vertical-align:10px;white-space:nowrap\"><span>by <\/span><img loading=\"lazy\" decoding=\"async\" style=\"display: inline;margin:0;padding:0;width:16px;height:16px\" width=\"16\" height=\"16\" alt=\"feather\" src=\"https:\/\/fcfamalicao.org\/portal\/wp-content\/plugins\/social-media-feather\/synved-social\/image\/icon.png\" \/><\/a>","protected":false},"excerpt":{"rendered":"<p>Antes do encontro foi feita a apresenta\u00e7\u00e3o dos jogadores, equipa t\u00e9cnica e os novos equipamentos para a temporada 2015\/2016. Iniciada partida podemos dizer que n\u00e3o poderia ser melhor pois logo ao segundo minuto do jogo Vitor Vinha marcou . A &hellip; <a href=\"https:\/\/fcfamalicao.org\/portal\/2015\/07\/24\/fc-famalicao-vence-na-apresentacao\/\">Continuar a ler <span class=\"meta-nav\">&rarr;<\/span><\/a><\/p>\n","protected":false},"author":1,"featured_media":0,"comment_status":"closed","ping_status":"closed","sticky":false,"template":"","format":"standard","meta":{"ngg_post_thumbnail":0,"footnotes":""},"categories":[2],"tags":[],"class_list":["post-2622","post","type-post","status-publish","format-standard","hentry","category-seniores"],"_links":{"self":[{"href":"https:\/\/fcfamalicao.org\/portal\/wp-json\/wp\/v2\/posts\/2622","targetHints":{"allow":["GET"]}}],"collection":[{"href":"https:\/\/fcfamalicao.org\/portal\/wp-json\/wp\/v2\/posts"}],"about":[{"href":"https:\/\/fcfamalicao.org\/portal\/wp-json\/wp\/v2\/types\/post"}],"author":[{"embeddable":true,"href":"https:\/\/fcfamalicao.org\/portal\/wp-json\/wp\/v2\/users\/1"}],"replies":[{"embeddable":true,"href":"https:\/\/fcfamalicao.org\/portal\/wp-json\/wp\/v2\/comments?post=2622"}],"version-history":[{"count":1,"href":"https:\/\/fcfamalicao.org\/portal\/wp-json\/wp\/v2\/posts\/2622\/revisions"}],"predecessor-version":[{"id":2624,"href":"https:\/\/fcfamalicao.org\/portal\/wp-json\/wp\/v2\/posts\/2622\/revisions\/2624"}],"wp:attachment":[{"href":"https:\/\/fcfamalicao.org\/portal\/wp-json\/wp\/v2\/media?parent=2622"}],"wp:term":[{"taxonomy":"category","embeddable":true,"href":"https:\/\/fcfamalicao.org\/portal\/wp-json\/wp\/v2\/categories?post=2622"},{"taxonomy":"post_tag","embeddable":true,"href":"https:\/\/fcfamalicao.org\/portal\/wp-json\/wp\/v2\/tags?post=2622"}],"curies":[{"name":"wp","href":"https:\/\/api.w.org\/{rel}","templated":true}]}}