{"id":2581,"date":"2015-05-16T12:32:55","date_gmt":"2015-05-16T11:32:55","guid":{"rendered":"http:\/\/fcfamalicao.org\/portal\/?p=2581"},"modified":"2015-05-16T12:33:52","modified_gmt":"2015-05-16T11:33:52","slug":"fc-cesarense-vs-fc-famalicao","status":"publish","type":"post","link":"https:\/\/fcfamalicao.org\/portal\/2015\/05\/16\/fc-cesarense-vs-fc-famalicao\/","title":{"rendered":"FC Cesarense Vs FC Famalic\u00e3o"},"content":{"rendered":"<p style=\"text-align: justify;\">A pen\u00faltima jornada do CNS Zona Norte &#8211; fase subida joga-se amanh\u00e3, domingo dia 17 pelas 17 horas.<br \/>\nO Famalic\u00e3o j\u00e1 vencedor da s\u00e9rie desloca-se at\u00e9 C\u00e9sar &#8211; Oliveira de Azem\u00e9is para defrontar o FC Cesarense.<br \/>\nDaniel Ramos ir\u00e1 concerteza dar uma oportunidade aos atletas menos utilizados o que por si s\u00f3 trar\u00e1 mais um indicador ao encontro.<br \/>\nEsperamos uma nova romaria at\u00e9 Oliveira de Azem\u00e9is ao Campo do Mergulh\u00e3o em C\u00e9sar, para apoiar a equipa e dizer estamos presentes e seremos o d\u00e9cimo segundo jogador.<br \/>\n<em>Unidos venceremos e orgulhosos continuaremos!<br \/>\n<img loading=\"lazy\" decoding=\"async\" class=\"alignleft size-full wp-image-2582\" src=\"http:\/\/fcfamalicao.org\/portal\/wp-content\/uploads\/2015\/05\/14_15_0088.jpg\" alt=\"14_15_0088\" width=\"600\" height=\"338\" srcset=\"https:\/\/fcfamalicao.org\/portal\/wp-content\/uploads\/2015\/05\/14_15_0088.jpg 600w, https:\/\/fcfamalicao.org\/portal\/wp-content\/uploads\/2015\/05\/14_15_0088-300x169.jpg 300w, https:\/\/fcfamalicao.org\/portal\/wp-content\/uploads\/2015\/05\/14_15_0088-500x282.jpg 500w\" sizes=\"auto, (max-width: 600px) 100vw, 600px\" \/><\/em><\/p>\n<a class=\"synved-social-button synved-social-button-share synved-social-size-24 synved-social-resolution-single synved-social-provider-facebook nolightbox\" data-provider=\"facebook\" target=\"_blank\" rel=\"nofollow\" title=\"Share on Facebook\" href=\"https:\/\/www.facebook.com\/sharer.php?u=https%3A%2F%2Ffcfamalicao.org%2Fportal%2Fwp-json%2Fwp%2Fv2%2Fposts%2F2581&#038;t=FC%20Cesarense%20Vs%20FC%20Famalic%C3%A3o&#038;s=100&#038;p&#091;url&#093;=https%3A%2F%2Ffcfamalicao.org%2Fportal%2Fwp-json%2Fwp%2Fv2%2Fposts%2F2581&#038;p&#091;images&#093;&#091;0&#093;=http%3A%2F%2Ffcfamalicao.org%2Fportal%2Fwp-content%2Fuploads%2F2015%2F05%2F14_15_0088.jpg&#038;p&#091;title&#093;=FC%20Cesarense%20Vs%20FC%20Famalic%C3%A3o\" style=\"font-size: 0px;width:24px;height:24px;margin:0;margin-bottom:5px;margin-right:5px\"><img loading=\"lazy\" decoding=\"async\" alt=\"Facebook\" title=\"Share on Facebook\" class=\"synved-share-image synved-social-image synved-social-image-share\" width=\"24\" height=\"24\" style=\"display: inline;width:24px;height:24px;margin: 0;padding: 0;border: none;box-shadow: none\" src=\"https:\/\/fcfamalicao.org\/portal\/wp-content\/plugins\/social-media-feather\/synved-social\/image\/social\/regular\/48x48\/facebook.png\" \/><\/a><a class=\"synved-social-button synved-social-button-share synved-social-size-24 synved-social-resolution-single synved-social-provider-twitter nolightbox\" data-provider=\"twitter\" target=\"_blank\" rel=\"nofollow\" title=\"Share on Twitter\" href=\"https:\/\/twitter.com\/intent\/tweet?url=https%3A%2F%2Ffcfamalicao.org%2Fportal%2Fwp-json%2Fwp%2Fv2%2Fposts%2F2581&#038;text=Novidades%20%E2%80%93%20FC%20Famalic%C3%A3o%20Clube%20de%20F%C3%A3s%20Online\" style=\"font-size: 0px;width:24px;height:24px;margin:0;margin-bottom:5px\"><img loading=\"lazy\" decoding=\"async\" alt=\"twitter\" title=\"Share on Twitter\" class=\"synved-share-image synved-social-image synved-social-image-share\" width=\"24\" height=\"24\" style=\"display: inline;width:24px;height:24px;margin: 0;padding: 0;border: none;box-shadow: none\" src=\"https:\/\/fcfamalicao.org\/portal\/wp-content\/plugins\/social-media-feather\/synved-social\/image\/social\/regular\/48x48\/twitter.png\" \/><\/a><a class=\"synved-social-credit\" target=\"_blank\" rel=\"nofollow\" title=\"WordPress Social Media Feather\" href=\"http:\/\/synved.com\/wordpress-social-media-feather\/\" style=\"color:#444;text-decoration:none;font-size:8px;margin-left:5px;vertical-align:10px;white-space:nowrap\"><span>by <\/span><img loading=\"lazy\" decoding=\"async\" style=\"display: inline;margin:0;padding:0;width:16px;height:16px\" width=\"16\" height=\"16\" alt=\"feather\" src=\"https:\/\/fcfamalicao.org\/portal\/wp-content\/plugins\/social-media-feather\/synved-social\/image\/icon.png\" \/><\/a>","protected":false},"excerpt":{"rendered":"<p>A pen\u00faltima jornada do CNS Zona Norte &#8211; fase subida joga-se amanh\u00e3, domingo dia 17 pelas 17 horas. O Famalic\u00e3o j\u00e1 vencedor da s\u00e9rie desloca-se at\u00e9 C\u00e9sar &#8211; Oliveira de Azem\u00e9is para defrontar o FC Cesarense. Daniel Ramos ir\u00e1 concerteza &hellip; <a href=\"https:\/\/fcfamalicao.org\/portal\/2015\/05\/16\/fc-cesarense-vs-fc-famalicao\/\">Continuar a ler <span class=\"meta-nav\">&rarr;<\/span><\/a><\/p>\n","protected":false},"author":1,"featured_media":0,"comment_status":"closed","ping_status":"closed","sticky":false,"template":"","format":"standard","meta":{"ngg_post_thumbnail":0,"footnotes":""},"categories":[2],"tags":[],"class_list":["post-2581","post","type-post","status-publish","format-standard","hentry","category-seniores"],"_links":{"self":[{"href":"https:\/\/fcfamalicao.org\/portal\/wp-json\/wp\/v2\/posts\/2581","targetHints":{"allow":["GET"]}}],"collection":[{"href":"https:\/\/fcfamalicao.org\/portal\/wp-json\/wp\/v2\/posts"}],"about":[{"href":"https:\/\/fcfamalicao.org\/portal\/wp-json\/wp\/v2\/types\/post"}],"author":[{"embeddable":true,"href":"https:\/\/fcfamalicao.org\/portal\/wp-json\/wp\/v2\/users\/1"}],"replies":[{"embeddable":true,"href":"https:\/\/fcfamalicao.org\/portal\/wp-json\/wp\/v2\/comments?post=2581"}],"version-history":[{"count":2,"href":"https:\/\/fcfamalicao.org\/portal\/wp-json\/wp\/v2\/posts\/2581\/revisions"}],"predecessor-version":[{"id":2584,"href":"https:\/\/fcfamalicao.org\/portal\/wp-json\/wp\/v2\/posts\/2581\/revisions\/2584"}],"wp:attachment":[{"href":"https:\/\/fcfamalicao.org\/portal\/wp-json\/wp\/v2\/media?parent=2581"}],"wp:term":[{"taxonomy":"category","embeddable":true,"href":"https:\/\/fcfamalicao.org\/portal\/wp-json\/wp\/v2\/categories?post=2581"},{"taxonomy":"post_tag","embeddable":true,"href":"https:\/\/fcfamalicao.org\/portal\/wp-json\/wp\/v2\/tags?post=2581"}],"curies":[{"name":"wp","href":"https:\/\/api.w.org\/{rel}","templated":true}]}}