{"id":2559,"date":"2015-05-03T22:36:32","date_gmt":"2015-05-03T21:36:32","guid":{"rendered":"http:\/\/fcfamalicao.org\/portal\/?p=2559"},"modified":"2015-05-03T22:36:32","modified_gmt":"2015-05-03T21:36:32","slug":"fc-famalicao-a-uma-vitoria-do-acesso-a-2a-liga","status":"publish","type":"post","link":"https:\/\/fcfamalicao.org\/portal\/2015\/05\/03\/fc-famalicao-a-uma-vitoria-do-acesso-a-2a-liga\/","title":{"rendered":"FC Famalic\u00e3o a uma vit\u00f3ria do acesso \u00e0 2\u00aa Liga"},"content":{"rendered":"<p style=\"text-align: justify;\"><img loading=\"lazy\" decoding=\"async\" class=\"alignleft size-full wp-image-2560\" src=\"http:\/\/fcfamalicao.org\/portal\/wp-content\/uploads\/2015\/05\/14_15_0085.jpg\" alt=\"14_15_0085\" width=\"600\" height=\"125\" srcset=\"https:\/\/fcfamalicao.org\/portal\/wp-content\/uploads\/2015\/05\/14_15_0085.jpg 600w, https:\/\/fcfamalicao.org\/portal\/wp-content\/uploads\/2015\/05\/14_15_0085-300x63.jpg 300w, https:\/\/fcfamalicao.org\/portal\/wp-content\/uploads\/2015\/05\/14_15_0085-500x104.jpg 500w\" sizes=\"auto, (max-width: 600px) 100vw, 600px\" \/><br \/>\nO FC Famalic\u00e3o deu um enorme passo rumo ao objetivo o acesso direto \u00e0 segunda liga.<br \/>\nO feito foi conseguido ao vencer a partida frente ao Varzim por 2-1.<br \/>\nNo encontro o Varzim entrou a pressionar mas foi o Famalic\u00e3o que cedo marcou por Medeiros quando estavam jogados seis minutos. Depois o Famalic\u00e3o foi superior at\u00e9 ao intervalo. Na segunda metade o Famalic\u00e3o marcou pela segunda vez por Diego.<br \/>\nCom a expuls\u00e3o de Tiago Lopes o Varzim foi buscar for\u00e7as onde n\u00e3o se esperava e o Famalic\u00e3o acabou por recuar e assim permitiu ao Varzim crescer e at\u00e9 reduzir num livre direto por Hernani.<br \/>\nNa pr\u00f3xima jornada, esperamos que seja a da consagra\u00e7\u00e3o, o Famalic\u00e3o recebe o Lusitano de Vildemoinhos, pelas 17 horas.<\/p>\n<p style=\"text-align: justify;\">\n<a class=\"synved-social-button synved-social-button-share synved-social-size-24 synved-social-resolution-single synved-social-provider-facebook nolightbox\" data-provider=\"facebook\" target=\"_blank\" rel=\"nofollow\" title=\"Share on Facebook\" href=\"https:\/\/www.facebook.com\/sharer.php?u=https%3A%2F%2Ffcfamalicao.org%2Fportal%2Fwp-json%2Fwp%2Fv2%2Fposts%2F2559&#038;t=FC%20Famalic%C3%A3o%20a%20uma%20vit%C3%B3ria%20do%20acesso%20%C3%A0%202%C2%AA%20Liga&#038;s=100&#038;p&#091;url&#093;=https%3A%2F%2Ffcfamalicao.org%2Fportal%2Fwp-json%2Fwp%2Fv2%2Fposts%2F2559&#038;p&#091;images&#093;&#091;0&#093;=http%3A%2F%2Ffcfamalicao.org%2Fportal%2Fwp-content%2Fuploads%2F2015%2F05%2F14_15_0085.jpg&#038;p&#091;title&#093;=FC%20Famalic%C3%A3o%20a%20uma%20vit%C3%B3ria%20do%20acesso%20%C3%A0%202%C2%AA%20Liga\" style=\"font-size: 0px;width:24px;height:24px;margin:0;margin-bottom:5px;margin-right:5px\"><img loading=\"lazy\" decoding=\"async\" alt=\"Facebook\" title=\"Share on Facebook\" class=\"synved-share-image synved-social-image synved-social-image-share\" width=\"24\" height=\"24\" style=\"display: inline;width:24px;height:24px;margin: 0;padding: 0;border: none;box-shadow: none\" src=\"https:\/\/fcfamalicao.org\/portal\/wp-content\/plugins\/social-media-feather\/synved-social\/image\/social\/regular\/48x48\/facebook.png\" \/><\/a><a class=\"synved-social-button synved-social-button-share synved-social-size-24 synved-social-resolution-single synved-social-provider-twitter nolightbox\" data-provider=\"twitter\" target=\"_blank\" rel=\"nofollow\" title=\"Share on Twitter\" href=\"https:\/\/twitter.com\/intent\/tweet?url=https%3A%2F%2Ffcfamalicao.org%2Fportal%2Fwp-json%2Fwp%2Fv2%2Fposts%2F2559&#038;text=Novidades%20%E2%80%93%20FC%20Famalic%C3%A3o%20Clube%20de%20F%C3%A3s%20Online\" style=\"font-size: 0px;width:24px;height:24px;margin:0;margin-bottom:5px\"><img loading=\"lazy\" decoding=\"async\" alt=\"twitter\" title=\"Share on Twitter\" class=\"synved-share-image synved-social-image synved-social-image-share\" width=\"24\" height=\"24\" style=\"display: inline;width:24px;height:24px;margin: 0;padding: 0;border: none;box-shadow: none\" src=\"https:\/\/fcfamalicao.org\/portal\/wp-content\/plugins\/social-media-feather\/synved-social\/image\/social\/regular\/48x48\/twitter.png\" \/><\/a><a class=\"synved-social-credit\" target=\"_blank\" rel=\"nofollow\" title=\"WordPress Social Media Feather\" href=\"http:\/\/synved.com\/wordpress-social-media-feather\/\" style=\"color:#444;text-decoration:none;font-size:8px;margin-left:5px;vertical-align:10px;white-space:nowrap\"><span>by <\/span><img loading=\"lazy\" decoding=\"async\" style=\"display: inline;margin:0;padding:0;width:16px;height:16px\" width=\"16\" height=\"16\" alt=\"feather\" src=\"https:\/\/fcfamalicao.org\/portal\/wp-content\/plugins\/social-media-feather\/synved-social\/image\/icon.png\" \/><\/a>","protected":false},"excerpt":{"rendered":"<p>O FC Famalic\u00e3o deu um enorme passo rumo ao objetivo o acesso direto \u00e0 segunda liga. O feito foi conseguido ao vencer a partida frente ao Varzim por 2-1. No encontro o Varzim entrou a pressionar mas foi o Famalic\u00e3o &hellip; <a href=\"https:\/\/fcfamalicao.org\/portal\/2015\/05\/03\/fc-famalicao-a-uma-vitoria-do-acesso-a-2a-liga\/\">Continuar a ler <span class=\"meta-nav\">&rarr;<\/span><\/a><\/p>\n","protected":false},"author":1,"featured_media":0,"comment_status":"closed","ping_status":"closed","sticky":false,"template":"","format":"standard","meta":{"ngg_post_thumbnail":0,"footnotes":""},"categories":[2],"tags":[],"class_list":["post-2559","post","type-post","status-publish","format-standard","hentry","category-seniores"],"_links":{"self":[{"href":"https:\/\/fcfamalicao.org\/portal\/wp-json\/wp\/v2\/posts\/2559","targetHints":{"allow":["GET"]}}],"collection":[{"href":"https:\/\/fcfamalicao.org\/portal\/wp-json\/wp\/v2\/posts"}],"about":[{"href":"https:\/\/fcfamalicao.org\/portal\/wp-json\/wp\/v2\/types\/post"}],"author":[{"embeddable":true,"href":"https:\/\/fcfamalicao.org\/portal\/wp-json\/wp\/v2\/users\/1"}],"replies":[{"embeddable":true,"href":"https:\/\/fcfamalicao.org\/portal\/wp-json\/wp\/v2\/comments?post=2559"}],"version-history":[{"count":1,"href":"https:\/\/fcfamalicao.org\/portal\/wp-json\/wp\/v2\/posts\/2559\/revisions"}],"predecessor-version":[{"id":2561,"href":"https:\/\/fcfamalicao.org\/portal\/wp-json\/wp\/v2\/posts\/2559\/revisions\/2561"}],"wp:attachment":[{"href":"https:\/\/fcfamalicao.org\/portal\/wp-json\/wp\/v2\/media?parent=2559"}],"wp:term":[{"taxonomy":"category","embeddable":true,"href":"https:\/\/fcfamalicao.org\/portal\/wp-json\/wp\/v2\/categories?post=2559"},{"taxonomy":"post_tag","embeddable":true,"href":"https:\/\/fcfamalicao.org\/portal\/wp-json\/wp\/v2\/tags?post=2559"}],"curies":[{"name":"wp","href":"https:\/\/api.w.org\/{rel}","templated":true}]}}