{"id":2552,"date":"2015-05-02T14:38:57","date_gmt":"2015-05-02T13:38:57","guid":{"rendered":"http:\/\/fcfamalicao.org\/portal\/?p=2552"},"modified":"2015-05-02T14:38:57","modified_gmt":"2015-05-02T13:38:57","slug":"fc-famalicao-vs-varzimsc","status":"publish","type":"post","link":"https:\/\/fcfamalicao.org\/portal\/2015\/05\/02\/fc-famalicao-vs-varzimsc\/","title":{"rendered":"FC Famalic\u00e3o Vs VarzimSC"},"content":{"rendered":"<p style=\"text-align: justify;\">Amanh\u00e3, 3 de maio pelas 16 horas no Municipal 22 de Junho, o FC Famalic\u00e3o tem mais uma partida em que tudo ir\u00e1 fazer por somar os pontos em disputa de forma a assegurar o r\u00e1pido poss\u00edvel o passaporte para a segunda liga.<br \/>\nA partida frente ao Varzim \u00e9 sempre dificil e esta ainda mais, pois os comandados de Paneira tudo far\u00e3o para pontuar uma vez que t\u00eam o Fafe apenas a um ponto.<br \/>\nEst\u00e3o lan\u00e7ados os dados e estamos crentes que os onze de Daniel Ramos mais o d\u00e9cimo segundo &#8220;a massa associativa&#8221; ir\u00e3o criar o ambiente necess\u00e1rio para um resultado positivo para o Famalic\u00e3o.<br \/>\n<em>Unidos venceremos e orgulhosos continuaremos!<br \/>\n<img loading=\"lazy\" decoding=\"async\" class=\"alignleft size-full wp-image-2553\" src=\"http:\/\/fcfamalicao.org\/portal\/wp-content\/uploads\/2015\/05\/14_15_0083.jpg\" alt=\"14_15_0083\" width=\"600\" height=\"300\" srcset=\"https:\/\/fcfamalicao.org\/portal\/wp-content\/uploads\/2015\/05\/14_15_0083.jpg 600w, https:\/\/fcfamalicao.org\/portal\/wp-content\/uploads\/2015\/05\/14_15_0083-300x150.jpg 300w, https:\/\/fcfamalicao.org\/portal\/wp-content\/uploads\/2015\/05\/14_15_0083-500x250.jpg 500w\" sizes=\"auto, (max-width: 600px) 100vw, 600px\" \/><\/em><\/p>\n<a class=\"synved-social-button synved-social-button-share synved-social-size-24 synved-social-resolution-single synved-social-provider-facebook nolightbox\" data-provider=\"facebook\" target=\"_blank\" rel=\"nofollow\" title=\"Share on Facebook\" href=\"https:\/\/www.facebook.com\/sharer.php?u=https%3A%2F%2Ffcfamalicao.org%2Fportal%2Fwp-json%2Fwp%2Fv2%2Fposts%2F2552&#038;t=FC%20Famalic%C3%A3o%20Vs%20VarzimSC&#038;s=100&#038;p&#091;url&#093;=https%3A%2F%2Ffcfamalicao.org%2Fportal%2Fwp-json%2Fwp%2Fv2%2Fposts%2F2552&#038;p&#091;images&#093;&#091;0&#093;=http%3A%2F%2Ffcfamalicao.org%2Fportal%2Fwp-content%2Fuploads%2F2015%2F05%2F14_15_0083.jpg&#038;p&#091;title&#093;=FC%20Famalic%C3%A3o%20Vs%20VarzimSC\" style=\"font-size: 0px;width:24px;height:24px;margin:0;margin-bottom:5px;margin-right:5px\"><img loading=\"lazy\" decoding=\"async\" alt=\"Facebook\" title=\"Share on Facebook\" class=\"synved-share-image synved-social-image synved-social-image-share\" width=\"24\" height=\"24\" style=\"display: inline;width:24px;height:24px;margin: 0;padding: 0;border: none;box-shadow: none\" src=\"https:\/\/fcfamalicao.org\/portal\/wp-content\/plugins\/social-media-feather\/synved-social\/image\/social\/regular\/48x48\/facebook.png\" \/><\/a><a class=\"synved-social-button synved-social-button-share synved-social-size-24 synved-social-resolution-single synved-social-provider-twitter nolightbox\" data-provider=\"twitter\" target=\"_blank\" rel=\"nofollow\" title=\"Share on Twitter\" href=\"https:\/\/twitter.com\/intent\/tweet?url=https%3A%2F%2Ffcfamalicao.org%2Fportal%2Fwp-json%2Fwp%2Fv2%2Fposts%2F2552&#038;text=Novidades%20%E2%80%93%20FC%20Famalic%C3%A3o%20Clube%20de%20F%C3%A3s%20Online\" style=\"font-size: 0px;width:24px;height:24px;margin:0;margin-bottom:5px\"><img loading=\"lazy\" decoding=\"async\" alt=\"twitter\" title=\"Share on Twitter\" class=\"synved-share-image synved-social-image synved-social-image-share\" width=\"24\" height=\"24\" style=\"display: inline;width:24px;height:24px;margin: 0;padding: 0;border: none;box-shadow: none\" src=\"https:\/\/fcfamalicao.org\/portal\/wp-content\/plugins\/social-media-feather\/synved-social\/image\/social\/regular\/48x48\/twitter.png\" \/><\/a><a class=\"synved-social-credit\" target=\"_blank\" rel=\"nofollow\" title=\"WordPress Social Media Feather\" href=\"http:\/\/synved.com\/wordpress-social-media-feather\/\" style=\"color:#444;text-decoration:none;font-size:8px;margin-left:5px;vertical-align:10px;white-space:nowrap\"><span>by <\/span><img loading=\"lazy\" decoding=\"async\" style=\"display: inline;margin:0;padding:0;width:16px;height:16px\" width=\"16\" height=\"16\" alt=\"feather\" src=\"https:\/\/fcfamalicao.org\/portal\/wp-content\/plugins\/social-media-feather\/synved-social\/image\/icon.png\" \/><\/a>","protected":false},"excerpt":{"rendered":"<p>Amanh\u00e3, 3 de maio pelas 16 horas no Municipal 22 de Junho, o FC Famalic\u00e3o tem mais uma partida em que tudo ir\u00e1 fazer por somar os pontos em disputa de forma a assegurar o r\u00e1pido poss\u00edvel o passaporte para &hellip; <a href=\"https:\/\/fcfamalicao.org\/portal\/2015\/05\/02\/fc-famalicao-vs-varzimsc\/\">Continuar a ler <span class=\"meta-nav\">&rarr;<\/span><\/a><\/p>\n","protected":false},"author":1,"featured_media":0,"comment_status":"closed","ping_status":"closed","sticky":false,"template":"","format":"standard","meta":{"ngg_post_thumbnail":0,"footnotes":""},"categories":[2],"tags":[],"class_list":["post-2552","post","type-post","status-publish","format-standard","hentry","category-seniores"],"_links":{"self":[{"href":"https:\/\/fcfamalicao.org\/portal\/wp-json\/wp\/v2\/posts\/2552","targetHints":{"allow":["GET"]}}],"collection":[{"href":"https:\/\/fcfamalicao.org\/portal\/wp-json\/wp\/v2\/posts"}],"about":[{"href":"https:\/\/fcfamalicao.org\/portal\/wp-json\/wp\/v2\/types\/post"}],"author":[{"embeddable":true,"href":"https:\/\/fcfamalicao.org\/portal\/wp-json\/wp\/v2\/users\/1"}],"replies":[{"embeddable":true,"href":"https:\/\/fcfamalicao.org\/portal\/wp-json\/wp\/v2\/comments?post=2552"}],"version-history":[{"count":1,"href":"https:\/\/fcfamalicao.org\/portal\/wp-json\/wp\/v2\/posts\/2552\/revisions"}],"predecessor-version":[{"id":2554,"href":"https:\/\/fcfamalicao.org\/portal\/wp-json\/wp\/v2\/posts\/2552\/revisions\/2554"}],"wp:attachment":[{"href":"https:\/\/fcfamalicao.org\/portal\/wp-json\/wp\/v2\/media?parent=2552"}],"wp:term":[{"taxonomy":"category","embeddable":true,"href":"https:\/\/fcfamalicao.org\/portal\/wp-json\/wp\/v2\/categories?post=2552"},{"taxonomy":"post_tag","embeddable":true,"href":"https:\/\/fcfamalicao.org\/portal\/wp-json\/wp\/v2\/tags?post=2552"}],"curies":[{"name":"wp","href":"https:\/\/api.w.org\/{rel}","templated":true}]}}