{"id":2539,"date":"2015-04-24T22:30:11","date_gmt":"2015-04-24T21:30:11","guid":{"rendered":"http:\/\/fcfamalicao.org\/portal\/?p=2539"},"modified":"2015-04-24T22:30:37","modified_gmt":"2015-04-24T21:30:37","slug":"sc-mirandela-vs-fc-famalicao","status":"publish","type":"post","link":"https:\/\/fcfamalicao.org\/portal\/2015\/04\/24\/sc-mirandela-vs-fc-famalicao\/","title":{"rendered":"SC Mirandela Vs FC Famalic\u00e3o"},"content":{"rendered":"<p style=\"text-align: justify;\">No pr\u00f3ximo domingo, dia 26, o\u00a0FC Famalic\u00e3o vai de abalada at\u00e9 Mirandela para disputar mais uma jornada do CNS &#8211; Zona Norte (Fase Subida).<br \/>\nNo Est\u00e1dio S\u00e3o Sebasti\u00e3o, pelas 16 horas, o FC Famalic\u00e3o poder\u00e1 contar com uma falange que se mobilizou para continuar a ser o d\u00e9cimo segundo jogador e apoiar a equipa do princ\u00edpio ao fim do jogo.<br \/>\nEsta \u00e9 mais uma das finais que o Famalic\u00e3o ter\u00e1 de enfrentar e tentar trazer os pontos de forma a manter o primeiro lugar e assim, chegar o mais depressa ao objetivo &#8211; a subida.<br \/>\n<em>Unidos venceremos e orgulhosos continuaremos!<\/em><br \/>\n<img loading=\"lazy\" decoding=\"async\" class=\"size-full wp-image-2540\" src=\"http:\/\/fcfamalicao.org\/portal\/wp-content\/uploads\/2015\/04\/14_15_0081.jpg\" alt=\"14_15_0081\" width=\"600\" height=\"338\" srcset=\"https:\/\/fcfamalicao.org\/portal\/wp-content\/uploads\/2015\/04\/14_15_0081.jpg 600w, https:\/\/fcfamalicao.org\/portal\/wp-content\/uploads\/2015\/04\/14_15_0081-300x169.jpg 300w, https:\/\/fcfamalicao.org\/portal\/wp-content\/uploads\/2015\/04\/14_15_0081-500x282.jpg 500w\" sizes=\"auto, (max-width: 600px) 100vw, 600px\" \/><\/p>\n<a class=\"synved-social-button synved-social-button-share synved-social-size-24 synved-social-resolution-single synved-social-provider-facebook nolightbox\" data-provider=\"facebook\" target=\"_blank\" rel=\"nofollow\" title=\"Share on Facebook\" href=\"https:\/\/www.facebook.com\/sharer.php?u=https%3A%2F%2Ffcfamalicao.org%2Fportal%2Fwp-json%2Fwp%2Fv2%2Fposts%2F2539&#038;t=SC%20Mirandela%20Vs%20FC%20Famalic%C3%A3o&#038;s=100&#038;p&#091;url&#093;=https%3A%2F%2Ffcfamalicao.org%2Fportal%2Fwp-json%2Fwp%2Fv2%2Fposts%2F2539&#038;p&#091;images&#093;&#091;0&#093;=http%3A%2F%2Ffcfamalicao.org%2Fportal%2Fwp-content%2Fuploads%2F2015%2F04%2F14_15_0081.jpg&#038;p&#091;title&#093;=SC%20Mirandela%20Vs%20FC%20Famalic%C3%A3o\" style=\"font-size: 0px;width:24px;height:24px;margin:0;margin-bottom:5px;margin-right:5px\"><img loading=\"lazy\" decoding=\"async\" alt=\"Facebook\" title=\"Share on Facebook\" class=\"synved-share-image synved-social-image synved-social-image-share\" width=\"24\" height=\"24\" style=\"display: inline;width:24px;height:24px;margin: 0;padding: 0;border: none;box-shadow: none\" src=\"https:\/\/fcfamalicao.org\/portal\/wp-content\/plugins\/social-media-feather\/synved-social\/image\/social\/regular\/48x48\/facebook.png\" \/><\/a><a class=\"synved-social-button synved-social-button-share synved-social-size-24 synved-social-resolution-single synved-social-provider-twitter nolightbox\" data-provider=\"twitter\" target=\"_blank\" rel=\"nofollow\" title=\"Share on Twitter\" href=\"https:\/\/twitter.com\/intent\/tweet?url=https%3A%2F%2Ffcfamalicao.org%2Fportal%2Fwp-json%2Fwp%2Fv2%2Fposts%2F2539&#038;text=Novidades%20%E2%80%93%20FC%20Famalic%C3%A3o%20Clube%20de%20F%C3%A3s%20Online\" style=\"font-size: 0px;width:24px;height:24px;margin:0;margin-bottom:5px\"><img loading=\"lazy\" decoding=\"async\" alt=\"twitter\" title=\"Share on Twitter\" class=\"synved-share-image synved-social-image synved-social-image-share\" width=\"24\" height=\"24\" style=\"display: inline;width:24px;height:24px;margin: 0;padding: 0;border: none;box-shadow: none\" src=\"https:\/\/fcfamalicao.org\/portal\/wp-content\/plugins\/social-media-feather\/synved-social\/image\/social\/regular\/48x48\/twitter.png\" \/><\/a><a class=\"synved-social-credit\" target=\"_blank\" rel=\"nofollow\" title=\"WordPress Social Media Feather\" href=\"http:\/\/synved.com\/wordpress-social-media-feather\/\" style=\"color:#444;text-decoration:none;font-size:8px;margin-left:5px;vertical-align:10px;white-space:nowrap\"><span>by <\/span><img loading=\"lazy\" decoding=\"async\" style=\"display: inline;margin:0;padding:0;width:16px;height:16px\" width=\"16\" height=\"16\" alt=\"feather\" src=\"https:\/\/fcfamalicao.org\/portal\/wp-content\/plugins\/social-media-feather\/synved-social\/image\/icon.png\" \/><\/a>","protected":false},"excerpt":{"rendered":"<p>No pr\u00f3ximo domingo, dia 26, o\u00a0FC Famalic\u00e3o vai de abalada at\u00e9 Mirandela para disputar mais uma jornada do CNS &#8211; Zona Norte (Fase Subida). No Est\u00e1dio S\u00e3o Sebasti\u00e3o, pelas 16 horas, o FC Famalic\u00e3o poder\u00e1 contar com uma falange que &hellip; <a href=\"https:\/\/fcfamalicao.org\/portal\/2015\/04\/24\/sc-mirandela-vs-fc-famalicao\/\">Continuar a ler <span class=\"meta-nav\">&rarr;<\/span><\/a><\/p>\n","protected":false},"author":1,"featured_media":0,"comment_status":"closed","ping_status":"closed","sticky":false,"template":"","format":"standard","meta":{"ngg_post_thumbnail":0,"footnotes":""},"categories":[2],"tags":[],"class_list":["post-2539","post","type-post","status-publish","format-standard","hentry","category-seniores"],"_links":{"self":[{"href":"https:\/\/fcfamalicao.org\/portal\/wp-json\/wp\/v2\/posts\/2539","targetHints":{"allow":["GET"]}}],"collection":[{"href":"https:\/\/fcfamalicao.org\/portal\/wp-json\/wp\/v2\/posts"}],"about":[{"href":"https:\/\/fcfamalicao.org\/portal\/wp-json\/wp\/v2\/types\/post"}],"author":[{"embeddable":true,"href":"https:\/\/fcfamalicao.org\/portal\/wp-json\/wp\/v2\/users\/1"}],"replies":[{"embeddable":true,"href":"https:\/\/fcfamalicao.org\/portal\/wp-json\/wp\/v2\/comments?post=2539"}],"version-history":[{"count":2,"href":"https:\/\/fcfamalicao.org\/portal\/wp-json\/wp\/v2\/posts\/2539\/revisions"}],"predecessor-version":[{"id":2542,"href":"https:\/\/fcfamalicao.org\/portal\/wp-json\/wp\/v2\/posts\/2539\/revisions\/2542"}],"wp:attachment":[{"href":"https:\/\/fcfamalicao.org\/portal\/wp-json\/wp\/v2\/media?parent=2539"}],"wp:term":[{"taxonomy":"category","embeddable":true,"href":"https:\/\/fcfamalicao.org\/portal\/wp-json\/wp\/v2\/categories?post=2539"},{"taxonomy":"post_tag","embeddable":true,"href":"https:\/\/fcfamalicao.org\/portal\/wp-json\/wp\/v2\/tags?post=2539"}],"curies":[{"name":"wp","href":"https:\/\/api.w.org\/{rel}","templated":true}]}}