{"id":2482,"date":"2015-04-10T21:17:39","date_gmt":"2015-04-10T20:17:39","guid":{"rendered":"http:\/\/fcfamalicao.org\/portal\/?p=2482"},"modified":"2015-04-10T21:17:39","modified_gmt":"2015-04-10T20:17:39","slug":"ad-fafe-x-fc-famalicao-mais-uma-final","status":"publish","type":"post","link":"https:\/\/fcfamalicao.org\/portal\/2015\/04\/10\/ad-fafe-x-fc-famalicao-mais-uma-final\/","title":{"rendered":"AD Fafe X FC Famalic\u00e3o &#8211; mais uma final"},"content":{"rendered":"<p style=\"text-align: justify;\">A\u00ed est\u00e1, novamente, o CNS &#8211; Zona Norte (fase Subida) em que o FC Famalic\u00e3o vai at\u00e9 Fafe disputar mais uma jornada.<br \/>\nNesta jornada &#8211; primeira da segunda volta &#8211; O FC Famalic\u00e3o tentar\u00e1 trazer pontos de Fafe para assim continuar o sonho de todos os famalicenses, a subida \u00e0 segunda liga.<br \/>\nComo se vem a dizer o Famalic\u00e3o, com o apoio do d\u00e9cimo segundo jogador, poder\u00e1 levar mais uma vez a \u00e1gua ao seu moinho e trazer um resultado positivo.<br \/>\n<em>Unidos venceremos e orgulhosos continuaremos!<br \/>\n<img loading=\"lazy\" decoding=\"async\" class=\"alignleft size-full wp-image-2486\" src=\"http:\/\/fcfamalicao.org\/portal\/wp-content\/uploads\/2015\/04\/14_15_0078.jpg\" alt=\"14_15_0078\" width=\"600\" height=\"338\" srcset=\"https:\/\/fcfamalicao.org\/portal\/wp-content\/uploads\/2015\/04\/14_15_0078.jpg 600w, https:\/\/fcfamalicao.org\/portal\/wp-content\/uploads\/2015\/04\/14_15_0078-300x169.jpg 300w, https:\/\/fcfamalicao.org\/portal\/wp-content\/uploads\/2015\/04\/14_15_0078-500x282.jpg 500w\" sizes=\"auto, (max-width: 600px) 100vw, 600px\" \/><\/em><\/p>\n<a class=\"synved-social-button synved-social-button-share synved-social-size-24 synved-social-resolution-single synved-social-provider-facebook nolightbox\" data-provider=\"facebook\" target=\"_blank\" rel=\"nofollow\" title=\"Share on Facebook\" href=\"https:\/\/www.facebook.com\/sharer.php?u=https%3A%2F%2Ffcfamalicao.org%2Fportal%2Fwp-json%2Fwp%2Fv2%2Fposts%2F2482&#038;t=AD%20Fafe%20X%20FC%20Famalic%C3%A3o%20%E2%80%93%20mais%20uma%20final&#038;s=100&#038;p&#091;url&#093;=https%3A%2F%2Ffcfamalicao.org%2Fportal%2Fwp-json%2Fwp%2Fv2%2Fposts%2F2482&#038;p&#091;images&#093;&#091;0&#093;=http%3A%2F%2Ffcfamalicao.org%2Fportal%2Fwp-content%2Fuploads%2F2015%2F04%2F14_15_0078.jpg&#038;p&#091;title&#093;=AD%20Fafe%20X%20FC%20Famalic%C3%A3o%20%E2%80%93%20mais%20uma%20final\" style=\"font-size: 0px;width:24px;height:24px;margin:0;margin-bottom:5px;margin-right:5px\"><img loading=\"lazy\" decoding=\"async\" alt=\"Facebook\" title=\"Share on Facebook\" class=\"synved-share-image synved-social-image synved-social-image-share\" width=\"24\" height=\"24\" style=\"display: inline;width:24px;height:24px;margin: 0;padding: 0;border: none;box-shadow: none\" src=\"https:\/\/fcfamalicao.org\/portal\/wp-content\/plugins\/social-media-feather\/synved-social\/image\/social\/regular\/48x48\/facebook.png\" \/><\/a><a class=\"synved-social-button synved-social-button-share synved-social-size-24 synved-social-resolution-single synved-social-provider-twitter nolightbox\" data-provider=\"twitter\" target=\"_blank\" rel=\"nofollow\" title=\"Share on Twitter\" href=\"https:\/\/twitter.com\/intent\/tweet?url=https%3A%2F%2Ffcfamalicao.org%2Fportal%2Fwp-json%2Fwp%2Fv2%2Fposts%2F2482&#038;text=Novidades%20%E2%80%93%20FC%20Famalic%C3%A3o%20Clube%20de%20F%C3%A3s%20Online\" style=\"font-size: 0px;width:24px;height:24px;margin:0;margin-bottom:5px\"><img loading=\"lazy\" decoding=\"async\" alt=\"twitter\" title=\"Share on Twitter\" class=\"synved-share-image synved-social-image synved-social-image-share\" width=\"24\" height=\"24\" style=\"display: inline;width:24px;height:24px;margin: 0;padding: 0;border: none;box-shadow: none\" src=\"https:\/\/fcfamalicao.org\/portal\/wp-content\/plugins\/social-media-feather\/synved-social\/image\/social\/regular\/48x48\/twitter.png\" \/><\/a><a class=\"synved-social-credit\" target=\"_blank\" rel=\"nofollow\" title=\"WordPress Social Media Feather\" href=\"http:\/\/synved.com\/wordpress-social-media-feather\/\" style=\"color:#444;text-decoration:none;font-size:8px;margin-left:5px;vertical-align:10px;white-space:nowrap\"><span>by <\/span><img loading=\"lazy\" decoding=\"async\" style=\"display: inline;margin:0;padding:0;width:16px;height:16px\" width=\"16\" height=\"16\" alt=\"feather\" src=\"https:\/\/fcfamalicao.org\/portal\/wp-content\/plugins\/social-media-feather\/synved-social\/image\/icon.png\" \/><\/a>","protected":false},"excerpt":{"rendered":"<p>A\u00ed est\u00e1, novamente, o CNS &#8211; Zona Norte (fase Subida) em que o FC Famalic\u00e3o vai at\u00e9 Fafe disputar mais uma jornada. Nesta jornada &#8211; primeira da segunda volta &#8211; O FC Famalic\u00e3o tentar\u00e1 trazer pontos de Fafe para assim &hellip; <a href=\"https:\/\/fcfamalicao.org\/portal\/2015\/04\/10\/ad-fafe-x-fc-famalicao-mais-uma-final\/\">Continuar a ler <span class=\"meta-nav\">&rarr;<\/span><\/a><\/p>\n","protected":false},"author":1,"featured_media":0,"comment_status":"closed","ping_status":"closed","sticky":false,"template":"","format":"standard","meta":{"ngg_post_thumbnail":0,"footnotes":""},"categories":[2],"tags":[],"class_list":["post-2482","post","type-post","status-publish","format-standard","hentry","category-seniores"],"_links":{"self":[{"href":"https:\/\/fcfamalicao.org\/portal\/wp-json\/wp\/v2\/posts\/2482","targetHints":{"allow":["GET"]}}],"collection":[{"href":"https:\/\/fcfamalicao.org\/portal\/wp-json\/wp\/v2\/posts"}],"about":[{"href":"https:\/\/fcfamalicao.org\/portal\/wp-json\/wp\/v2\/types\/post"}],"author":[{"embeddable":true,"href":"https:\/\/fcfamalicao.org\/portal\/wp-json\/wp\/v2\/users\/1"}],"replies":[{"embeddable":true,"href":"https:\/\/fcfamalicao.org\/portal\/wp-json\/wp\/v2\/comments?post=2482"}],"version-history":[{"count":1,"href":"https:\/\/fcfamalicao.org\/portal\/wp-json\/wp\/v2\/posts\/2482\/revisions"}],"predecessor-version":[{"id":2487,"href":"https:\/\/fcfamalicao.org\/portal\/wp-json\/wp\/v2\/posts\/2482\/revisions\/2487"}],"wp:attachment":[{"href":"https:\/\/fcfamalicao.org\/portal\/wp-json\/wp\/v2\/media?parent=2482"}],"wp:term":[{"taxonomy":"category","embeddable":true,"href":"https:\/\/fcfamalicao.org\/portal\/wp-json\/wp\/v2\/categories?post=2482"},{"taxonomy":"post_tag","embeddable":true,"href":"https:\/\/fcfamalicao.org\/portal\/wp-json\/wp\/v2\/tags?post=2482"}],"curies":[{"name":"wp","href":"https:\/\/api.w.org\/{rel}","templated":true}]}}