{"id":2397,"date":"2015-03-09T16:58:19","date_gmt":"2015-03-09T15:58:19","guid":{"rendered":"http:\/\/fcfamalicao.org\/portal\/?p=2397"},"modified":"2015-03-09T16:58:19","modified_gmt":"2015-03-09T15:58:19","slug":"varzim-x-famalicao-deu-empate","status":"publish","type":"post","link":"https:\/\/fcfamalicao.org\/portal\/2015\/03\/09\/varzim-x-famalicao-deu-empate\/","title":{"rendered":"Varzim X Famalic\u00e3o deu empate"},"content":{"rendered":"<p><img loading=\"lazy\" decoding=\"async\" class=\"alignleft size-full wp-image-2398\" src=\"http:\/\/fcfamalicao.org\/portal\/wp-content\/uploads\/2015\/03\/14_15_0071.jpg\" alt=\"14_15_0071\" width=\"600\" height=\"125\" srcset=\"https:\/\/fcfamalicao.org\/portal\/wp-content\/uploads\/2015\/03\/14_15_0071.jpg 600w, https:\/\/fcfamalicao.org\/portal\/wp-content\/uploads\/2015\/03\/14_15_0071-300x63.jpg 300w, https:\/\/fcfamalicao.org\/portal\/wp-content\/uploads\/2015\/03\/14_15_0071-500x104.jpg 500w\" sizes=\"auto, (max-width: 600px) 100vw, 600px\" \/><\/p>\n<p style=\"text-align: justify;\">Na partida que op\u00f4s o FC Famalic\u00e3o ao Varzim faltou o que faz vibrar os adeptos &#8211; o golo.<br \/>\nlogo aos tr\u00eas minutos Correia mandou a bola para o funda das redes, mas o juiz da partida anulou o golo por falta do avan\u00e7ado famalicense.<br \/>\nO encontro prosseguiu numa\u00a0postura de querer marcar para ambos os lados. se o Varzim disp\u00f4s de oportunidade por sandro ao enviar a bola \u00e0 barra, o Famalic\u00e3o disp\u00f4s de ocasi\u00e3o soberana por Correia que, com a baliza escancarada mandou ao lado. Pode-se dizer que acontece aos melhores falhar t\u00e3o clara oportunidade.<br \/>\nNa segunda parte, a toada do jogo manteve-se sem que nenhuma das equipas fosse capaz de superiorizar-se na partida.<br \/>\nDo lado do Famalic\u00e3o, Murta negou a Coentr\u00e3o um golo que os poveiros j\u00e1 gritavam. Do lado do Varzim haveria de ser Pedro Santos a cortar sobre a linha de golo.<br \/>\nAtendendo ao jogo em si e \u00e0s oportunidades criadas e desperdi\u00e7adas o nulo acaba por ser o desfecho mais justo para o encontro.<br \/>\nPr\u00f3ximo jogo, domingo dia 15 pelas 15 horas, o FC Famalic\u00e3o vai at\u00e9 Vil de Moinhos &#8211; Viseu defrontar\u00a0no Est\u00e1dio dos Trambelos o Lusitano FCV.<\/p>\n<a class=\"synved-social-button synved-social-button-share synved-social-size-24 synved-social-resolution-single synved-social-provider-facebook nolightbox\" data-provider=\"facebook\" target=\"_blank\" rel=\"nofollow\" title=\"Share on Facebook\" href=\"https:\/\/www.facebook.com\/sharer.php?u=https%3A%2F%2Ffcfamalicao.org%2Fportal%2Fwp-json%2Fwp%2Fv2%2Fposts%2F2397&#038;t=Varzim%20X%20Famalic%C3%A3o%20deu%20empate&#038;s=100&#038;p&#091;url&#093;=https%3A%2F%2Ffcfamalicao.org%2Fportal%2Fwp-json%2Fwp%2Fv2%2Fposts%2F2397&#038;p&#091;images&#093;&#091;0&#093;=http%3A%2F%2Ffcfamalicao.org%2Fportal%2Fwp-content%2Fuploads%2F2015%2F03%2F14_15_0071.jpg&#038;p&#091;title&#093;=Varzim%20X%20Famalic%C3%A3o%20deu%20empate\" style=\"font-size: 0px;width:24px;height:24px;margin:0;margin-bottom:5px;margin-right:5px\"><img loading=\"lazy\" decoding=\"async\" alt=\"Facebook\" title=\"Share on Facebook\" class=\"synved-share-image synved-social-image synved-social-image-share\" width=\"24\" height=\"24\" style=\"display: inline;width:24px;height:24px;margin: 0;padding: 0;border: none;box-shadow: none\" src=\"https:\/\/fcfamalicao.org\/portal\/wp-content\/plugins\/social-media-feather\/synved-social\/image\/social\/regular\/48x48\/facebook.png\" \/><\/a><a class=\"synved-social-button synved-social-button-share synved-social-size-24 synved-social-resolution-single synved-social-provider-twitter nolightbox\" data-provider=\"twitter\" target=\"_blank\" rel=\"nofollow\" title=\"Share on Twitter\" href=\"https:\/\/twitter.com\/intent\/tweet?url=https%3A%2F%2Ffcfamalicao.org%2Fportal%2Fwp-json%2Fwp%2Fv2%2Fposts%2F2397&#038;text=Novidades%20%E2%80%93%20FC%20Famalic%C3%A3o%20Clube%20de%20F%C3%A3s%20Online\" style=\"font-size: 0px;width:24px;height:24px;margin:0;margin-bottom:5px\"><img loading=\"lazy\" decoding=\"async\" alt=\"twitter\" title=\"Share on Twitter\" class=\"synved-share-image synved-social-image synved-social-image-share\" width=\"24\" height=\"24\" style=\"display: inline;width:24px;height:24px;margin: 0;padding: 0;border: none;box-shadow: none\" src=\"https:\/\/fcfamalicao.org\/portal\/wp-content\/plugins\/social-media-feather\/synved-social\/image\/social\/regular\/48x48\/twitter.png\" \/><\/a><a class=\"synved-social-credit\" target=\"_blank\" rel=\"nofollow\" title=\"WordPress Social Media Feather\" href=\"http:\/\/synved.com\/wordpress-social-media-feather\/\" style=\"color:#444;text-decoration:none;font-size:8px;margin-left:5px;vertical-align:10px;white-space:nowrap\"><span>by <\/span><img loading=\"lazy\" decoding=\"async\" style=\"display: inline;margin:0;padding:0;width:16px;height:16px\" width=\"16\" height=\"16\" alt=\"feather\" src=\"https:\/\/fcfamalicao.org\/portal\/wp-content\/plugins\/social-media-feather\/synved-social\/image\/icon.png\" \/><\/a>","protected":false},"excerpt":{"rendered":"<p>Na partida que op\u00f4s o FC Famalic\u00e3o ao Varzim faltou o que faz vibrar os adeptos &#8211; o golo. logo aos tr\u00eas minutos Correia mandou a bola para o funda das redes, mas o juiz da partida anulou o golo &hellip; <a href=\"https:\/\/fcfamalicao.org\/portal\/2015\/03\/09\/varzim-x-famalicao-deu-empate\/\">Continuar a ler <span class=\"meta-nav\">&rarr;<\/span><\/a><\/p>\n","protected":false},"author":1,"featured_media":0,"comment_status":"closed","ping_status":"closed","sticky":false,"template":"","format":"standard","meta":{"ngg_post_thumbnail":0,"footnotes":""},"categories":[2],"tags":[],"class_list":["post-2397","post","type-post","status-publish","format-standard","hentry","category-seniores"],"_links":{"self":[{"href":"https:\/\/fcfamalicao.org\/portal\/wp-json\/wp\/v2\/posts\/2397","targetHints":{"allow":["GET"]}}],"collection":[{"href":"https:\/\/fcfamalicao.org\/portal\/wp-json\/wp\/v2\/posts"}],"about":[{"href":"https:\/\/fcfamalicao.org\/portal\/wp-json\/wp\/v2\/types\/post"}],"author":[{"embeddable":true,"href":"https:\/\/fcfamalicao.org\/portal\/wp-json\/wp\/v2\/users\/1"}],"replies":[{"embeddable":true,"href":"https:\/\/fcfamalicao.org\/portal\/wp-json\/wp\/v2\/comments?post=2397"}],"version-history":[{"count":1,"href":"https:\/\/fcfamalicao.org\/portal\/wp-json\/wp\/v2\/posts\/2397\/revisions"}],"predecessor-version":[{"id":2399,"href":"https:\/\/fcfamalicao.org\/portal\/wp-json\/wp\/v2\/posts\/2397\/revisions\/2399"}],"wp:attachment":[{"href":"https:\/\/fcfamalicao.org\/portal\/wp-json\/wp\/v2\/media?parent=2397"}],"wp:term":[{"taxonomy":"category","embeddable":true,"href":"https:\/\/fcfamalicao.org\/portal\/wp-json\/wp\/v2\/categories?post=2397"},{"taxonomy":"post_tag","embeddable":true,"href":"https:\/\/fcfamalicao.org\/portal\/wp-json\/wp\/v2\/tags?post=2397"}],"curies":[{"name":"wp","href":"https:\/\/api.w.org\/{rel}","templated":true}]}}