{"id":2387,"date":"2015-03-06T22:09:19","date_gmt":"2015-03-06T21:09:19","guid":{"rendered":"http:\/\/fcfamalicao.org\/portal\/?p=2387"},"modified":"2015-03-06T22:09:19","modified_gmt":"2015-03-06T21:09:19","slug":"varzim-vs-fc-famalicao-2","status":"publish","type":"post","link":"https:\/\/fcfamalicao.org\/portal\/2015\/03\/06\/varzim-vs-fc-famalicao-2\/","title":{"rendered":"Varzim Vs FC Famalic\u00e3o"},"content":{"rendered":"<p style=\"text-align: justify;\">A\u00ed est\u00e1 o encontro entre Varzim e FC Famalic\u00e3o em partida a contar para a 4\u00aa jornada do CNS fase subida &#8211; Zona Norte.<br \/>\nEste domingo no Est\u00e1dio do Varzim pelas 15.00 horas ter\u00e1 lugar o encontro entre os dois principais candidatos \u00e0 subida na s\u00e9rie.<br \/>\nO FC Famalic\u00e3o tudo ir\u00e1 fazer para de uma forma coesa tentar realizar um encontro que lhe permita amealhar pontos que no futuro pr\u00f3ximo lhe poder\u00e3o ser muito importantes.<br \/>\nCom o apoio do d\u00e9cimo segundo jogador &#8220;os adeptos&#8221; o Famalic\u00e3o poder\u00e1 conseguir os seus intentos.<br \/>\n<em>UNIDOS VENCEREMOS E\u00a0ORGULHOSOS CONTINUAREMOS!<br \/>\n<img loading=\"lazy\" decoding=\"async\" class=\"alignleft size-full wp-image-2388\" src=\"http:\/\/fcfamalicao.org\/portal\/wp-content\/uploads\/2015\/03\/14_15_0070.jpg\" alt=\"14_15_0070\" width=\"600\" height=\"338\" srcset=\"https:\/\/fcfamalicao.org\/portal\/wp-content\/uploads\/2015\/03\/14_15_0070.jpg 600w, https:\/\/fcfamalicao.org\/portal\/wp-content\/uploads\/2015\/03\/14_15_0070-300x169.jpg 300w, https:\/\/fcfamalicao.org\/portal\/wp-content\/uploads\/2015\/03\/14_15_0070-500x282.jpg 500w\" sizes=\"auto, (max-width: 600px) 100vw, 600px\" \/><\/em><\/p>\n<a class=\"synved-social-button synved-social-button-share synved-social-size-24 synved-social-resolution-single synved-social-provider-facebook nolightbox\" data-provider=\"facebook\" target=\"_blank\" rel=\"nofollow\" title=\"Share on Facebook\" href=\"https:\/\/www.facebook.com\/sharer.php?u=https%3A%2F%2Ffcfamalicao.org%2Fportal%2Fwp-json%2Fwp%2Fv2%2Fposts%2F2387&#038;t=Varzim%20Vs%20FC%20Famalic%C3%A3o&#038;s=100&#038;p&#091;url&#093;=https%3A%2F%2Ffcfamalicao.org%2Fportal%2Fwp-json%2Fwp%2Fv2%2Fposts%2F2387&#038;p&#091;images&#093;&#091;0&#093;=http%3A%2F%2Ffcfamalicao.org%2Fportal%2Fwp-content%2Fuploads%2F2015%2F03%2F14_15_0070.jpg&#038;p&#091;title&#093;=Varzim%20Vs%20FC%20Famalic%C3%A3o\" style=\"font-size: 0px;width:24px;height:24px;margin:0;margin-bottom:5px;margin-right:5px\"><img loading=\"lazy\" decoding=\"async\" alt=\"Facebook\" title=\"Share on Facebook\" class=\"synved-share-image synved-social-image synved-social-image-share\" width=\"24\" height=\"24\" style=\"display: inline;width:24px;height:24px;margin: 0;padding: 0;border: none;box-shadow: none\" src=\"https:\/\/fcfamalicao.org\/portal\/wp-content\/plugins\/social-media-feather\/synved-social\/image\/social\/regular\/48x48\/facebook.png\" \/><\/a><a class=\"synved-social-button synved-social-button-share synved-social-size-24 synved-social-resolution-single synved-social-provider-twitter nolightbox\" data-provider=\"twitter\" target=\"_blank\" rel=\"nofollow\" title=\"Share on Twitter\" href=\"https:\/\/twitter.com\/intent\/tweet?url=https%3A%2F%2Ffcfamalicao.org%2Fportal%2Fwp-json%2Fwp%2Fv2%2Fposts%2F2387&#038;text=Novidades%20%E2%80%93%20FC%20Famalic%C3%A3o%20Clube%20de%20F%C3%A3s%20Online\" style=\"font-size: 0px;width:24px;height:24px;margin:0;margin-bottom:5px\"><img loading=\"lazy\" decoding=\"async\" alt=\"twitter\" title=\"Share on Twitter\" class=\"synved-share-image synved-social-image synved-social-image-share\" width=\"24\" height=\"24\" style=\"display: inline;width:24px;height:24px;margin: 0;padding: 0;border: none;box-shadow: none\" src=\"https:\/\/fcfamalicao.org\/portal\/wp-content\/plugins\/social-media-feather\/synved-social\/image\/social\/regular\/48x48\/twitter.png\" \/><\/a><a class=\"synved-social-credit\" target=\"_blank\" rel=\"nofollow\" title=\"WordPress Social Media Feather\" href=\"http:\/\/synved.com\/wordpress-social-media-feather\/\" style=\"color:#444;text-decoration:none;font-size:8px;margin-left:5px;vertical-align:10px;white-space:nowrap\"><span>by <\/span><img loading=\"lazy\" decoding=\"async\" style=\"display: inline;margin:0;padding:0;width:16px;height:16px\" width=\"16\" height=\"16\" alt=\"feather\" src=\"https:\/\/fcfamalicao.org\/portal\/wp-content\/plugins\/social-media-feather\/synved-social\/image\/icon.png\" \/><\/a>","protected":false},"excerpt":{"rendered":"<p>A\u00ed est\u00e1 o encontro entre Varzim e FC Famalic\u00e3o em partida a contar para a 4\u00aa jornada do CNS fase subida &#8211; Zona Norte. Este domingo no Est\u00e1dio do Varzim pelas 15.00 horas ter\u00e1 lugar o encontro entre os dois &hellip; <a href=\"https:\/\/fcfamalicao.org\/portal\/2015\/03\/06\/varzim-vs-fc-famalicao-2\/\">Continuar a ler <span class=\"meta-nav\">&rarr;<\/span><\/a><\/p>\n","protected":false},"author":1,"featured_media":0,"comment_status":"closed","ping_status":"closed","sticky":false,"template":"","format":"standard","meta":{"ngg_post_thumbnail":0,"footnotes":""},"categories":[2],"tags":[],"class_list":["post-2387","post","type-post","status-publish","format-standard","hentry","category-seniores"],"_links":{"self":[{"href":"https:\/\/fcfamalicao.org\/portal\/wp-json\/wp\/v2\/posts\/2387","targetHints":{"allow":["GET"]}}],"collection":[{"href":"https:\/\/fcfamalicao.org\/portal\/wp-json\/wp\/v2\/posts"}],"about":[{"href":"https:\/\/fcfamalicao.org\/portal\/wp-json\/wp\/v2\/types\/post"}],"author":[{"embeddable":true,"href":"https:\/\/fcfamalicao.org\/portal\/wp-json\/wp\/v2\/users\/1"}],"replies":[{"embeddable":true,"href":"https:\/\/fcfamalicao.org\/portal\/wp-json\/wp\/v2\/comments?post=2387"}],"version-history":[{"count":1,"href":"https:\/\/fcfamalicao.org\/portal\/wp-json\/wp\/v2\/posts\/2387\/revisions"}],"predecessor-version":[{"id":2389,"href":"https:\/\/fcfamalicao.org\/portal\/wp-json\/wp\/v2\/posts\/2387\/revisions\/2389"}],"wp:attachment":[{"href":"https:\/\/fcfamalicao.org\/portal\/wp-json\/wp\/v2\/media?parent=2387"}],"wp:term":[{"taxonomy":"category","embeddable":true,"href":"https:\/\/fcfamalicao.org\/portal\/wp-json\/wp\/v2\/categories?post=2387"},{"taxonomy":"post_tag","embeddable":true,"href":"https:\/\/fcfamalicao.org\/portal\/wp-json\/wp\/v2\/tags?post=2387"}],"curies":[{"name":"wp","href":"https:\/\/api.w.org\/{rel}","templated":true}]}}