{"id":2379,"date":"2015-03-01T19:41:14","date_gmt":"2015-03-01T18:41:14","guid":{"rendered":"http:\/\/fcfamalicao.org\/portal\/?p=2379"},"modified":"2015-03-01T19:41:14","modified_gmt":"2015-03-01T18:41:14","slug":"fc-famalicao-soma-mais-uma-vitoria","status":"publish","type":"post","link":"https:\/\/fcfamalicao.org\/portal\/2015\/03\/01\/fc-famalicao-soma-mais-uma-vitoria\/","title":{"rendered":"FC Famalic\u00e3o soma mais uma vit\u00f3ria"},"content":{"rendered":"<p style=\"text-align: justify;\"><img loading=\"lazy\" decoding=\"async\" class=\"alignleft size-full wp-image-2380\" src=\"http:\/\/fcfamalicao.org\/portal\/wp-content\/uploads\/2015\/03\/14_15_0069.jpg\" alt=\"14_15_0069\" width=\"600\" height=\"125\" srcset=\"https:\/\/fcfamalicao.org\/portal\/wp-content\/uploads\/2015\/03\/14_15_0069.jpg 600w, https:\/\/fcfamalicao.org\/portal\/wp-content\/uploads\/2015\/03\/14_15_0069-300x63.jpg 300w, https:\/\/fcfamalicao.org\/portal\/wp-content\/uploads\/2015\/03\/14_15_0069-500x104.jpg 500w\" sizes=\"auto, (max-width: 600px) 100vw, 600px\" \/><br \/>\nNa tarde de hoje, 1 de mar\u00e7o, o FC Famalic\u00e3o recebeu e venceu o SC Mirandela por duas bolas a zero.<br \/>\nO FC Famalic\u00e3o entrou forte e at\u00e9 aos vinte e cinco minutos de jogo poderia ter resolvido a partida a seu favor por um resultado dilatado.<br \/>\nA partir daqui o\u00a0Mirandela equilibrou o encontro e at\u00e9 ao intervalo ainda mandou um remate ao poste.<br \/>\nNa segunda metade o Famalic\u00e3o entrou novamente ao ataque e haveria de marcar por penalti cometido pelo guarda-redes em falta clara sobre Correia. Vitor Lima chamado a converter n\u00e3o perdoou.<br \/>\nO encontro n\u00e3o terminaria sem que o marcador de servi\u00e7o do Famalic\u00e3o ( Correia) fizesse o gosto ao p\u00e9.<br \/>\nVit\u00f3ria clara do Famalic\u00e3o sobre\u00a0o Mirandela que aqui e ali demonstrou\u00a0que poder\u00e1 fazer mais.<\/p>\n<a class=\"synved-social-button synved-social-button-share synved-social-size-24 synved-social-resolution-single synved-social-provider-facebook nolightbox\" data-provider=\"facebook\" target=\"_blank\" rel=\"nofollow\" title=\"Share on Facebook\" href=\"https:\/\/www.facebook.com\/sharer.php?u=https%3A%2F%2Ffcfamalicao.org%2Fportal%2Fwp-json%2Fwp%2Fv2%2Fposts%2F2379&#038;t=FC%20Famalic%C3%A3o%20soma%20mais%20uma%20vit%C3%B3ria&#038;s=100&#038;p&#091;url&#093;=https%3A%2F%2Ffcfamalicao.org%2Fportal%2Fwp-json%2Fwp%2Fv2%2Fposts%2F2379&#038;p&#091;images&#093;&#091;0&#093;=http%3A%2F%2Ffcfamalicao.org%2Fportal%2Fwp-content%2Fuploads%2F2015%2F03%2F14_15_0069.jpg&#038;p&#091;title&#093;=FC%20Famalic%C3%A3o%20soma%20mais%20uma%20vit%C3%B3ria\" style=\"font-size: 0px;width:24px;height:24px;margin:0;margin-bottom:5px;margin-right:5px\"><img loading=\"lazy\" decoding=\"async\" alt=\"Facebook\" title=\"Share on Facebook\" class=\"synved-share-image synved-social-image synved-social-image-share\" width=\"24\" height=\"24\" style=\"display: inline;width:24px;height:24px;margin: 0;padding: 0;border: none;box-shadow: none\" src=\"https:\/\/fcfamalicao.org\/portal\/wp-content\/plugins\/social-media-feather\/synved-social\/image\/social\/regular\/48x48\/facebook.png\" \/><\/a><a class=\"synved-social-button synved-social-button-share synved-social-size-24 synved-social-resolution-single synved-social-provider-twitter nolightbox\" data-provider=\"twitter\" target=\"_blank\" rel=\"nofollow\" title=\"Share on Twitter\" href=\"https:\/\/twitter.com\/intent\/tweet?url=https%3A%2F%2Ffcfamalicao.org%2Fportal%2Fwp-json%2Fwp%2Fv2%2Fposts%2F2379&#038;text=Novidades%20%E2%80%93%20FC%20Famalic%C3%A3o%20Clube%20de%20F%C3%A3s%20Online\" style=\"font-size: 0px;width:24px;height:24px;margin:0;margin-bottom:5px\"><img loading=\"lazy\" decoding=\"async\" alt=\"twitter\" title=\"Share on Twitter\" class=\"synved-share-image synved-social-image synved-social-image-share\" width=\"24\" height=\"24\" style=\"display: inline;width:24px;height:24px;margin: 0;padding: 0;border: none;box-shadow: none\" src=\"https:\/\/fcfamalicao.org\/portal\/wp-content\/plugins\/social-media-feather\/synved-social\/image\/social\/regular\/48x48\/twitter.png\" \/><\/a><a class=\"synved-social-credit\" target=\"_blank\" rel=\"nofollow\" title=\"WordPress Social Media Feather\" href=\"http:\/\/synved.com\/wordpress-social-media-feather\/\" style=\"color:#444;text-decoration:none;font-size:8px;margin-left:5px;vertical-align:10px;white-space:nowrap\"><span>by <\/span><img loading=\"lazy\" decoding=\"async\" style=\"display: inline;margin:0;padding:0;width:16px;height:16px\" width=\"16\" height=\"16\" alt=\"feather\" src=\"https:\/\/fcfamalicao.org\/portal\/wp-content\/plugins\/social-media-feather\/synved-social\/image\/icon.png\" \/><\/a>","protected":false},"excerpt":{"rendered":"<p>Na tarde de hoje, 1 de mar\u00e7o, o FC Famalic\u00e3o recebeu e venceu o SC Mirandela por duas bolas a zero. O FC Famalic\u00e3o entrou forte e at\u00e9 aos vinte e cinco minutos de jogo poderia ter resolvido a partida &hellip; <a href=\"https:\/\/fcfamalicao.org\/portal\/2015\/03\/01\/fc-famalicao-soma-mais-uma-vitoria\/\">Continuar a ler <span class=\"meta-nav\">&rarr;<\/span><\/a><\/p>\n","protected":false},"author":1,"featured_media":0,"comment_status":"closed","ping_status":"closed","sticky":false,"template":"","format":"standard","meta":{"ngg_post_thumbnail":0,"footnotes":""},"categories":[2],"tags":[],"class_list":["post-2379","post","type-post","status-publish","format-standard","hentry","category-seniores"],"_links":{"self":[{"href":"https:\/\/fcfamalicao.org\/portal\/wp-json\/wp\/v2\/posts\/2379","targetHints":{"allow":["GET"]}}],"collection":[{"href":"https:\/\/fcfamalicao.org\/portal\/wp-json\/wp\/v2\/posts"}],"about":[{"href":"https:\/\/fcfamalicao.org\/portal\/wp-json\/wp\/v2\/types\/post"}],"author":[{"embeddable":true,"href":"https:\/\/fcfamalicao.org\/portal\/wp-json\/wp\/v2\/users\/1"}],"replies":[{"embeddable":true,"href":"https:\/\/fcfamalicao.org\/portal\/wp-json\/wp\/v2\/comments?post=2379"}],"version-history":[{"count":1,"href":"https:\/\/fcfamalicao.org\/portal\/wp-json\/wp\/v2\/posts\/2379\/revisions"}],"predecessor-version":[{"id":2381,"href":"https:\/\/fcfamalicao.org\/portal\/wp-json\/wp\/v2\/posts\/2379\/revisions\/2381"}],"wp:attachment":[{"href":"https:\/\/fcfamalicao.org\/portal\/wp-json\/wp\/v2\/media?parent=2379"}],"wp:term":[{"taxonomy":"category","embeddable":true,"href":"https:\/\/fcfamalicao.org\/portal\/wp-json\/wp\/v2\/categories?post=2379"},{"taxonomy":"post_tag","embeddable":true,"href":"https:\/\/fcfamalicao.org\/portal\/wp-json\/wp\/v2\/tags?post=2379"}],"curies":[{"name":"wp","href":"https:\/\/api.w.org\/{rel}","templated":true}]}}