{"id":2317,"date":"2015-02-15T00:41:11","date_gmt":"2015-02-14T23:41:11","guid":{"rendered":"http:\/\/fcfamalicao.org\/portal\/?p=2317"},"modified":"2015-02-15T00:41:11","modified_gmt":"2015-02-14T23:41:11","slug":"fc-famalicao-vs-fafe","status":"publish","type":"post","link":"https:\/\/fcfamalicao.org\/portal\/2015\/02\/15\/fc-famalicao-vs-fafe\/","title":{"rendered":"FC Famalic\u00e3o Vs Fafe"},"content":{"rendered":"<p style=\"text-align: justify;\">A\u00ed est\u00e1 o in\u00edcio da fase de Subida do Campeonato Nacional de Seniores &#8211; Zona Norte.<br \/>\nDeste grupo fazem parte o FC Famalic\u00e3o, Varzim, Fafe, Mirandela, Sousense, Salgueiros, Cesarense e Lusitano de Vildemoinhos.<br \/>\nNa primeira jornada o FC Famalic\u00e3o recebe o Fafe. O encontro ter\u00e1 lugar domingo, dia 15 pelas 15 horas no Est\u00e1dio Muicipal 22 de Junho.<br \/>\nCom a uni\u00e3o e o apoio dos famalicenses poderemos vencer este domingo.<br \/>\n<em>UNIDOS VENCEREMOS E\u00a0ORGULHOSOS CONTINUAREMOS!<\/em><br \/>\n<img loading=\"lazy\" decoding=\"async\" class=\"alignleft size-full wp-image-2318\" src=\"http:\/\/fcfamalicao.org\/portal\/wp-content\/uploads\/2015\/02\/14_15_0065.jpg\" alt=\"14_15_0065\" width=\"600\" height=\"300\" srcset=\"https:\/\/fcfamalicao.org\/portal\/wp-content\/uploads\/2015\/02\/14_15_0065.jpg 600w, https:\/\/fcfamalicao.org\/portal\/wp-content\/uploads\/2015\/02\/14_15_0065-300x150.jpg 300w, https:\/\/fcfamalicao.org\/portal\/wp-content\/uploads\/2015\/02\/14_15_0065-500x250.jpg 500w\" sizes=\"auto, (max-width: 600px) 100vw, 600px\" \/><\/p>\n<a class=\"synved-social-button synved-social-button-share synved-social-size-24 synved-social-resolution-single synved-social-provider-facebook nolightbox\" data-provider=\"facebook\" target=\"_blank\" rel=\"nofollow\" title=\"Share on Facebook\" href=\"https:\/\/www.facebook.com\/sharer.php?u=https%3A%2F%2Ffcfamalicao.org%2Fportal%2Fwp-json%2Fwp%2Fv2%2Fposts%2F2317&#038;t=FC%20Famalic%C3%A3o%20Vs%20Fafe&#038;s=100&#038;p&#091;url&#093;=https%3A%2F%2Ffcfamalicao.org%2Fportal%2Fwp-json%2Fwp%2Fv2%2Fposts%2F2317&#038;p&#091;images&#093;&#091;0&#093;=http%3A%2F%2Ffcfamalicao.org%2Fportal%2Fwp-content%2Fuploads%2F2015%2F02%2F14_15_0065.jpg&#038;p&#091;title&#093;=FC%20Famalic%C3%A3o%20Vs%20Fafe\" style=\"font-size: 0px;width:24px;height:24px;margin:0;margin-bottom:5px;margin-right:5px\"><img loading=\"lazy\" decoding=\"async\" alt=\"Facebook\" title=\"Share on Facebook\" class=\"synved-share-image synved-social-image synved-social-image-share\" width=\"24\" height=\"24\" style=\"display: inline;width:24px;height:24px;margin: 0;padding: 0;border: none;box-shadow: none\" src=\"https:\/\/fcfamalicao.org\/portal\/wp-content\/plugins\/social-media-feather\/synved-social\/image\/social\/regular\/48x48\/facebook.png\" \/><\/a><a class=\"synved-social-button synved-social-button-share synved-social-size-24 synved-social-resolution-single synved-social-provider-twitter nolightbox\" data-provider=\"twitter\" target=\"_blank\" rel=\"nofollow\" title=\"Share on Twitter\" href=\"https:\/\/twitter.com\/intent\/tweet?url=https%3A%2F%2Ffcfamalicao.org%2Fportal%2Fwp-json%2Fwp%2Fv2%2Fposts%2F2317&#038;text=Novidades%20%E2%80%93%20FC%20Famalic%C3%A3o%20Clube%20de%20F%C3%A3s%20Online\" style=\"font-size: 0px;width:24px;height:24px;margin:0;margin-bottom:5px\"><img loading=\"lazy\" decoding=\"async\" alt=\"twitter\" title=\"Share on Twitter\" class=\"synved-share-image synved-social-image synved-social-image-share\" width=\"24\" height=\"24\" style=\"display: inline;width:24px;height:24px;margin: 0;padding: 0;border: none;box-shadow: none\" src=\"https:\/\/fcfamalicao.org\/portal\/wp-content\/plugins\/social-media-feather\/synved-social\/image\/social\/regular\/48x48\/twitter.png\" \/><\/a><a class=\"synved-social-credit\" target=\"_blank\" rel=\"nofollow\" title=\"WordPress Social Media Feather\" href=\"http:\/\/synved.com\/wordpress-social-media-feather\/\" style=\"color:#444;text-decoration:none;font-size:8px;margin-left:5px;vertical-align:10px;white-space:nowrap\"><span>by <\/span><img loading=\"lazy\" decoding=\"async\" style=\"display: inline;margin:0;padding:0;width:16px;height:16px\" width=\"16\" height=\"16\" alt=\"feather\" src=\"https:\/\/fcfamalicao.org\/portal\/wp-content\/plugins\/social-media-feather\/synved-social\/image\/icon.png\" \/><\/a>","protected":false},"excerpt":{"rendered":"<p>A\u00ed est\u00e1 o in\u00edcio da fase de Subida do Campeonato Nacional de Seniores &#8211; Zona Norte. Deste grupo fazem parte o FC Famalic\u00e3o, Varzim, Fafe, Mirandela, Sousense, Salgueiros, Cesarense e Lusitano de Vildemoinhos. Na primeira jornada o FC Famalic\u00e3o recebe &hellip; <a href=\"https:\/\/fcfamalicao.org\/portal\/2015\/02\/15\/fc-famalicao-vs-fafe\/\">Continuar a ler <span class=\"meta-nav\">&rarr;<\/span><\/a><\/p>\n","protected":false},"author":1,"featured_media":0,"comment_status":"closed","ping_status":"closed","sticky":false,"template":"","format":"standard","meta":{"ngg_post_thumbnail":0,"footnotes":""},"categories":[2],"tags":[],"class_list":["post-2317","post","type-post","status-publish","format-standard","hentry","category-seniores"],"_links":{"self":[{"href":"https:\/\/fcfamalicao.org\/portal\/wp-json\/wp\/v2\/posts\/2317","targetHints":{"allow":["GET"]}}],"collection":[{"href":"https:\/\/fcfamalicao.org\/portal\/wp-json\/wp\/v2\/posts"}],"about":[{"href":"https:\/\/fcfamalicao.org\/portal\/wp-json\/wp\/v2\/types\/post"}],"author":[{"embeddable":true,"href":"https:\/\/fcfamalicao.org\/portal\/wp-json\/wp\/v2\/users\/1"}],"replies":[{"embeddable":true,"href":"https:\/\/fcfamalicao.org\/portal\/wp-json\/wp\/v2\/comments?post=2317"}],"version-history":[{"count":1,"href":"https:\/\/fcfamalicao.org\/portal\/wp-json\/wp\/v2\/posts\/2317\/revisions"}],"predecessor-version":[{"id":2319,"href":"https:\/\/fcfamalicao.org\/portal\/wp-json\/wp\/v2\/posts\/2317\/revisions\/2319"}],"wp:attachment":[{"href":"https:\/\/fcfamalicao.org\/portal\/wp-json\/wp\/v2\/media?parent=2317"}],"wp:term":[{"taxonomy":"category","embeddable":true,"href":"https:\/\/fcfamalicao.org\/portal\/wp-json\/wp\/v2\/categories?post=2317"},{"taxonomy":"post_tag","embeddable":true,"href":"https:\/\/fcfamalicao.org\/portal\/wp-json\/wp\/v2\/tags?post=2317"}],"curies":[{"name":"wp","href":"https:\/\/api.w.org\/{rel}","templated":true}]}}