{"id":2230,"date":"2015-01-16T21:17:22","date_gmt":"2015-01-16T20:17:22","guid":{"rendered":"http:\/\/fcfamalicao.org\/portal\/?p=2230"},"modified":"2015-01-16T21:18:19","modified_gmt":"2015-01-16T20:18:19","slug":"ad-oliveirense-vs-fc-famalicao","status":"publish","type":"post","link":"https:\/\/fcfamalicao.org\/portal\/2015\/01\/16\/ad-oliveirense-vs-fc-famalicao\/","title":{"rendered":"AD Oliveirense Vs FC Famalic\u00e3o"},"content":{"rendered":"<p style=\"text-align: justify;\">Eis-nos chegados \u00e0\u00a0terceira final que apont\u00e1vamos ao FC Famalic\u00e3o.<br \/>\nNo domingo, dia 18 pelas 15 horas, o FC Famalic\u00e3o entrar\u00e1 em a\u00e7\u00e3o frente \u00e0 Oliveirense no est\u00e1dio de Ribes.<br \/>\nNa derradeira jornada entram em campo tr\u00eas forma\u00e7\u00f5es, em tr\u00eas campos diferentes, com possibilidade de lutar pela fase de subida, FC Famalic\u00e3o, Varzim e Vizela, sendo que os Famalicenses est\u00e3o em vantagem por for\u00e7a dos pontos conquistados entre si.<br \/>\nAssim sendo, \u00e9\u00a0necess\u00e1rio que os famalicenses entrem com a cabe\u00e7a fria e cientes que ter\u00e3o de vencer o encontro para n\u00e3o dependerem de ningu\u00e9m para acederem \u00e0 fase de subida na frente da s\u00e9rie.<br \/>\nCom a uni\u00e3o e o apoio dos famalicenses poderemos vencer este domingo.<br \/>\n<em>UNIDOS VENCEREMOS E\u00a0ORGULHOSOS CONTINUAREMOS!<\/em><br \/>\n<img loading=\"lazy\" decoding=\"async\" class=\"alignleft size-full wp-image-2231\" src=\"http:\/\/fcfamalicao.org\/portal\/wp-content\/uploads\/2015\/01\/14_15_0062.jpg\" alt=\"14_15_0062\" width=\"600\" height=\"338\" srcset=\"https:\/\/fcfamalicao.org\/portal\/wp-content\/uploads\/2015\/01\/14_15_0062.jpg 600w, https:\/\/fcfamalicao.org\/portal\/wp-content\/uploads\/2015\/01\/14_15_0062-300x169.jpg 300w, https:\/\/fcfamalicao.org\/portal\/wp-content\/uploads\/2015\/01\/14_15_0062-500x282.jpg 500w\" sizes=\"auto, (max-width: 600px) 100vw, 600px\" \/><\/p>\n<a class=\"synved-social-button synved-social-button-share synved-social-size-24 synved-social-resolution-single synved-social-provider-facebook nolightbox\" data-provider=\"facebook\" target=\"_blank\" rel=\"nofollow\" title=\"Share on Facebook\" href=\"https:\/\/www.facebook.com\/sharer.php?u=https%3A%2F%2Ffcfamalicao.org%2Fportal%2Fwp-json%2Fwp%2Fv2%2Fposts%2F2230&#038;t=AD%20Oliveirense%20Vs%20FC%20Famalic%C3%A3o&#038;s=100&#038;p&#091;url&#093;=https%3A%2F%2Ffcfamalicao.org%2Fportal%2Fwp-json%2Fwp%2Fv2%2Fposts%2F2230&#038;p&#091;images&#093;&#091;0&#093;=http%3A%2F%2Ffcfamalicao.org%2Fportal%2Fwp-content%2Fuploads%2F2015%2F01%2F14_15_0062.jpg&#038;p&#091;title&#093;=AD%20Oliveirense%20Vs%20FC%20Famalic%C3%A3o\" style=\"font-size: 0px;width:24px;height:24px;margin:0;margin-bottom:5px;margin-right:5px\"><img loading=\"lazy\" decoding=\"async\" alt=\"Facebook\" title=\"Share on Facebook\" class=\"synved-share-image synved-social-image synved-social-image-share\" width=\"24\" height=\"24\" style=\"display: inline;width:24px;height:24px;margin: 0;padding: 0;border: none;box-shadow: none\" src=\"https:\/\/fcfamalicao.org\/portal\/wp-content\/plugins\/social-media-feather\/synved-social\/image\/social\/regular\/48x48\/facebook.png\" \/><\/a><a class=\"synved-social-button synved-social-button-share synved-social-size-24 synved-social-resolution-single synved-social-provider-twitter nolightbox\" data-provider=\"twitter\" target=\"_blank\" rel=\"nofollow\" title=\"Share on Twitter\" href=\"https:\/\/twitter.com\/intent\/tweet?url=https%3A%2F%2Ffcfamalicao.org%2Fportal%2Fwp-json%2Fwp%2Fv2%2Fposts%2F2230&#038;text=Novidades%20%E2%80%93%20FC%20Famalic%C3%A3o%20Clube%20de%20F%C3%A3s%20Online\" style=\"font-size: 0px;width:24px;height:24px;margin:0;margin-bottom:5px\"><img loading=\"lazy\" decoding=\"async\" alt=\"twitter\" title=\"Share on Twitter\" class=\"synved-share-image synved-social-image synved-social-image-share\" width=\"24\" height=\"24\" style=\"display: inline;width:24px;height:24px;margin: 0;padding: 0;border: none;box-shadow: none\" src=\"https:\/\/fcfamalicao.org\/portal\/wp-content\/plugins\/social-media-feather\/synved-social\/image\/social\/regular\/48x48\/twitter.png\" \/><\/a><a class=\"synved-social-credit\" target=\"_blank\" rel=\"nofollow\" title=\"WordPress Social Media Feather\" href=\"http:\/\/synved.com\/wordpress-social-media-feather\/\" style=\"color:#444;text-decoration:none;font-size:8px;margin-left:5px;vertical-align:10px;white-space:nowrap\"><span>by <\/span><img loading=\"lazy\" decoding=\"async\" style=\"display: inline;margin:0;padding:0;width:16px;height:16px\" width=\"16\" height=\"16\" alt=\"feather\" src=\"https:\/\/fcfamalicao.org\/portal\/wp-content\/plugins\/social-media-feather\/synved-social\/image\/icon.png\" \/><\/a>","protected":false},"excerpt":{"rendered":"<p>Eis-nos chegados \u00e0\u00a0terceira final que apont\u00e1vamos ao FC Famalic\u00e3o. No domingo, dia 18 pelas 15 horas, o FC Famalic\u00e3o entrar\u00e1 em a\u00e7\u00e3o frente \u00e0 Oliveirense no est\u00e1dio de Ribes. Na derradeira jornada entram em campo tr\u00eas forma\u00e7\u00f5es, em tr\u00eas campos &hellip; <a href=\"https:\/\/fcfamalicao.org\/portal\/2015\/01\/16\/ad-oliveirense-vs-fc-famalicao\/\">Continuar a ler <span class=\"meta-nav\">&rarr;<\/span><\/a><\/p>\n","protected":false},"author":1,"featured_media":0,"comment_status":"closed","ping_status":"closed","sticky":false,"template":"","format":"standard","meta":{"ngg_post_thumbnail":0,"footnotes":""},"categories":[2],"tags":[],"class_list":["post-2230","post","type-post","status-publish","format-standard","hentry","category-seniores"],"_links":{"self":[{"href":"https:\/\/fcfamalicao.org\/portal\/wp-json\/wp\/v2\/posts\/2230","targetHints":{"allow":["GET"]}}],"collection":[{"href":"https:\/\/fcfamalicao.org\/portal\/wp-json\/wp\/v2\/posts"}],"about":[{"href":"https:\/\/fcfamalicao.org\/portal\/wp-json\/wp\/v2\/types\/post"}],"author":[{"embeddable":true,"href":"https:\/\/fcfamalicao.org\/portal\/wp-json\/wp\/v2\/users\/1"}],"replies":[{"embeddable":true,"href":"https:\/\/fcfamalicao.org\/portal\/wp-json\/wp\/v2\/comments?post=2230"}],"version-history":[{"count":2,"href":"https:\/\/fcfamalicao.org\/portal\/wp-json\/wp\/v2\/posts\/2230\/revisions"}],"predecessor-version":[{"id":2233,"href":"https:\/\/fcfamalicao.org\/portal\/wp-json\/wp\/v2\/posts\/2230\/revisions\/2233"}],"wp:attachment":[{"href":"https:\/\/fcfamalicao.org\/portal\/wp-json\/wp\/v2\/media?parent=2230"}],"wp:term":[{"taxonomy":"category","embeddable":true,"href":"https:\/\/fcfamalicao.org\/portal\/wp-json\/wp\/v2\/categories?post=2230"},{"taxonomy":"post_tag","embeddable":true,"href":"https:\/\/fcfamalicao.org\/portal\/wp-json\/wp\/v2\/tags?post=2230"}],"curies":[{"name":"wp","href":"https:\/\/api.w.org\/{rel}","templated":true}]}}