{"id":2224,"date":"2015-01-13T22:50:12","date_gmt":"2015-01-13T21:50:12","guid":{"rendered":"http:\/\/fcfamalicao.org\/portal\/?p=2224"},"modified":"2015-01-13T22:50:12","modified_gmt":"2015-01-13T21:50:12","slug":"e-a-fase-de-subida-ali-tao-perto","status":"publish","type":"post","link":"https:\/\/fcfamalicao.org\/portal\/2015\/01\/13\/e-a-fase-de-subida-ali-tao-perto\/","title":{"rendered":"E a fase de subida ali t\u00e3o perto"},"content":{"rendered":"<p><img loading=\"lazy\" decoding=\"async\" class=\"alignleft size-full wp-image-2225\" src=\"http:\/\/fcfamalicao.org\/portal\/wp-content\/uploads\/2015\/01\/14_15_0061.jpg\" alt=\"14_15_0061\" width=\"600\" height=\"125\" srcset=\"https:\/\/fcfamalicao.org\/portal\/wp-content\/uploads\/2015\/01\/14_15_0061.jpg 600w, https:\/\/fcfamalicao.org\/portal\/wp-content\/uploads\/2015\/01\/14_15_0061-300x63.jpg 300w, https:\/\/fcfamalicao.org\/portal\/wp-content\/uploads\/2015\/01\/14_15_0061-500x104.jpg 500w\" sizes=\"auto, (max-width: 600px) 100vw, 600px\" \/><\/p>\n<p style=\"text-align: justify;\">Mais uma jornada cumprida. Desta vez no Municipal 22 de Junho perante casa cheia a fazer lembrar os &#8220;nossos tempos de meninice&#8221;, o Famalic\u00e3o lutou at\u00e9 ao fim pelo resultado que lhe daria a possibilidade de lutar na \u00faltima jornada pelo resultado e n\u00e3o estar dependente de &#8220;outros&#8221; para atingir os objetivos de lutar na fase de subida.<br \/>\nNum jogo intenso o resultado acabou por ser um empate a duas bolas.<\/p>\n<p><strong>FICHA DE JOGO<\/strong><br \/>\n<strong>FC Famalic\u00e3o\u00a0 2 &#8211; 2\u00a0 Varzim SC<\/strong><\/p>\n<p>CNS \u2013 S\u00e9rie B, 17\u00aa jornada<br \/>\n11 de janeiro de 2015<br \/>\nEst\u00e1dio Municipal 22 de Junho<br \/>\n<strong>\u00c1rbitro:<\/strong>\u00a0Jorge Faustino (AF Leiria)<br \/>\n<strong><br \/>\nFC FAMALIC\u00c3O:<\/strong>\u00a0Murta, Daniel, Luiz Alberto, Vila\u00e7a, Jo\u00e3o Pedro Santos (Diego 76\u2019), Ibraima, M\u00e9rcio (Diogo Torres 45\u2019), V\u00edtor Lima, Diego Medeiros (Chico 45\u2019), Correia e Feliz.<br \/>\n<strong>N\u00e3o utilizados:<\/strong>\u00a0Emanuel, Palheiras, Joel e Ruben Alves<br \/>\n<strong>Treinador:<\/strong>\u00a0Daniel Ramos<\/p>\n<p><strong>VARZIM SC:<\/strong>\u00a0 Pedro Soares, Tiago Lopes, Sandro Cunha, Ra\u00fal Martins, Bijou, Nelson Agra, Nelsinho (Pedro S\u00e1 66\u2019), S\u00e9rgio Organista, Amilton, Diego Mour\u00e3o (Victor Hugo 82\u2019) e Rui Coentr\u00e3o (Tanela 71\u2019)<br \/>\n<strong>N\u00e3o utilizados:<\/strong>\u00a0Ricardo Silva, Telmo Silva, Abel Pereira e Pedro Cervantes.<br \/>\n<strong>Treinador:<\/strong>\u00a0V\u00edtor Paneira<\/p>\n<p><strong>Ao intervalo:<\/strong>\u00a00-2<br \/>\n<strong>Marcadores:<\/strong>\u00a0Sandro Cunha (11\u2019), S\u00e9rgio Organista (21\u2019), Correia (59\u2019) e Ibraima (90+7\u2019)<br \/>\n<strong>Resultado Final: <\/strong><strong>2-2<\/strong><\/p>\n<p><strong>A\u00e7\u00e3o Disciplinar<br \/>\n<\/strong><strong>Amarelos:<\/strong><strong>\u00a0<\/strong>M\u00e9rcio (27\u2019), Amilton (39\u2019), Tiago Lopes (39\u2019), Rui Coentr\u00e3o (44\u2019), Daniel (53\u2019), Bijou (55\u2019), Diego Mour\u00e3o (69\u2019), Pedro Soares (73\u2019), Diego (90+4\u2019) e Vila\u00e7a (90+8\u2019)<br \/>\n<strong>Duplos Amarelos:<\/strong> Amilton (41\u2019)<br \/>\n<strong>Vermelhos: <\/strong>Tiago Cunha (90+8\u2019)<\/p>\n<a class=\"synved-social-button synved-social-button-share synved-social-size-24 synved-social-resolution-single synved-social-provider-facebook nolightbox\" data-provider=\"facebook\" target=\"_blank\" rel=\"nofollow\" title=\"Share on Facebook\" href=\"https:\/\/www.facebook.com\/sharer.php?u=https%3A%2F%2Ffcfamalicao.org%2Fportal%2Fwp-json%2Fwp%2Fv2%2Fposts%2F2224&#038;t=E%20a%20fase%20de%20subida%20ali%20t%C3%A3o%20perto&#038;s=100&#038;p&#091;url&#093;=https%3A%2F%2Ffcfamalicao.org%2Fportal%2Fwp-json%2Fwp%2Fv2%2Fposts%2F2224&#038;p&#091;images&#093;&#091;0&#093;=http%3A%2F%2Ffcfamalicao.org%2Fportal%2Fwp-content%2Fuploads%2F2015%2F01%2F14_15_0061.jpg&#038;p&#091;title&#093;=E%20a%20fase%20de%20subida%20ali%20t%C3%A3o%20perto\" style=\"font-size: 0px;width:24px;height:24px;margin:0;margin-bottom:5px;margin-right:5px\"><img loading=\"lazy\" decoding=\"async\" alt=\"Facebook\" title=\"Share on Facebook\" class=\"synved-share-image synved-social-image synved-social-image-share\" width=\"24\" height=\"24\" style=\"display: inline;width:24px;height:24px;margin: 0;padding: 0;border: none;box-shadow: none\" src=\"https:\/\/fcfamalicao.org\/portal\/wp-content\/plugins\/social-media-feather\/synved-social\/image\/social\/regular\/48x48\/facebook.png\" \/><\/a><a class=\"synved-social-button synved-social-button-share synved-social-size-24 synved-social-resolution-single synved-social-provider-twitter nolightbox\" data-provider=\"twitter\" target=\"_blank\" rel=\"nofollow\" title=\"Share on Twitter\" href=\"https:\/\/twitter.com\/intent\/tweet?url=https%3A%2F%2Ffcfamalicao.org%2Fportal%2Fwp-json%2Fwp%2Fv2%2Fposts%2F2224&#038;text=Novidades%20%E2%80%93%20FC%20Famalic%C3%A3o%20Clube%20de%20F%C3%A3s%20Online\" style=\"font-size: 0px;width:24px;height:24px;margin:0;margin-bottom:5px\"><img loading=\"lazy\" decoding=\"async\" alt=\"twitter\" title=\"Share on Twitter\" class=\"synved-share-image synved-social-image synved-social-image-share\" width=\"24\" height=\"24\" style=\"display: inline;width:24px;height:24px;margin: 0;padding: 0;border: none;box-shadow: none\" src=\"https:\/\/fcfamalicao.org\/portal\/wp-content\/plugins\/social-media-feather\/synved-social\/image\/social\/regular\/48x48\/twitter.png\" \/><\/a><a class=\"synved-social-credit\" target=\"_blank\" rel=\"nofollow\" title=\"WordPress Social Media Feather\" href=\"http:\/\/synved.com\/wordpress-social-media-feather\/\" style=\"color:#444;text-decoration:none;font-size:8px;margin-left:5px;vertical-align:10px;white-space:nowrap\"><span>by <\/span><img loading=\"lazy\" decoding=\"async\" style=\"display: inline;margin:0;padding:0;width:16px;height:16px\" width=\"16\" height=\"16\" alt=\"feather\" src=\"https:\/\/fcfamalicao.org\/portal\/wp-content\/plugins\/social-media-feather\/synved-social\/image\/icon.png\" \/><\/a>","protected":false},"excerpt":{"rendered":"<p>Mais uma jornada cumprida. Desta vez no Municipal 22 de Junho perante casa cheia a fazer lembrar os &#8220;nossos tempos de meninice&#8221;, o Famalic\u00e3o lutou at\u00e9 ao fim pelo resultado que lhe daria a possibilidade de lutar na \u00faltima jornada &hellip; <a href=\"https:\/\/fcfamalicao.org\/portal\/2015\/01\/13\/e-a-fase-de-subida-ali-tao-perto\/\">Continuar a ler <span class=\"meta-nav\">&rarr;<\/span><\/a><\/p>\n","protected":false},"author":1,"featured_media":0,"comment_status":"closed","ping_status":"closed","sticky":false,"template":"","format":"standard","meta":{"ngg_post_thumbnail":0,"footnotes":""},"categories":[2],"tags":[],"class_list":["post-2224","post","type-post","status-publish","format-standard","hentry","category-seniores"],"_links":{"self":[{"href":"https:\/\/fcfamalicao.org\/portal\/wp-json\/wp\/v2\/posts\/2224","targetHints":{"allow":["GET"]}}],"collection":[{"href":"https:\/\/fcfamalicao.org\/portal\/wp-json\/wp\/v2\/posts"}],"about":[{"href":"https:\/\/fcfamalicao.org\/portal\/wp-json\/wp\/v2\/types\/post"}],"author":[{"embeddable":true,"href":"https:\/\/fcfamalicao.org\/portal\/wp-json\/wp\/v2\/users\/1"}],"replies":[{"embeddable":true,"href":"https:\/\/fcfamalicao.org\/portal\/wp-json\/wp\/v2\/comments?post=2224"}],"version-history":[{"count":1,"href":"https:\/\/fcfamalicao.org\/portal\/wp-json\/wp\/v2\/posts\/2224\/revisions"}],"predecessor-version":[{"id":2226,"href":"https:\/\/fcfamalicao.org\/portal\/wp-json\/wp\/v2\/posts\/2224\/revisions\/2226"}],"wp:attachment":[{"href":"https:\/\/fcfamalicao.org\/portal\/wp-json\/wp\/v2\/media?parent=2224"}],"wp:term":[{"taxonomy":"category","embeddable":true,"href":"https:\/\/fcfamalicao.org\/portal\/wp-json\/wp\/v2\/categories?post=2224"},{"taxonomy":"post_tag","embeddable":true,"href":"https:\/\/fcfamalicao.org\/portal\/wp-json\/wp\/v2\/tags?post=2224"}],"curies":[{"name":"wp","href":"https:\/\/api.w.org\/{rel}","templated":true}]}}