{"id":2205,"date":"2015-01-06T15:52:14","date_gmt":"2015-01-06T14:52:14","guid":{"rendered":"http:\/\/fcfamalicao.org\/portal\/?p=2205"},"modified":"2015-01-06T15:52:14","modified_gmt":"2015-01-06T14:52:14","slug":"taca-de-portugal-14-final","status":"publish","type":"post","link":"https:\/\/fcfamalicao.org\/portal\/2015\/01\/06\/taca-de-portugal-14-final\/","title":{"rendered":"Ta\u00e7a de Portugal &#8211; 1\/4 Final"},"content":{"rendered":"<p style=\"text-align: justify;\">\u00c9 amanh\u00e3, dia 7 de janeiro de 2015, pelas 21 horas que, uma vez mais o FC Famalic\u00e3o encontra o Sporting numa eliminat\u00f3ria da Ta\u00e7a de Portugal, desta feita em Lisboa no Est\u00e1dio Jos\u00e9 Alvalade.<br \/>\nO FC Famalic\u00e3o frente ao Sporting em Alvalade tudo ir\u00e1 fazer para dignificar o emblema e se poss\u00edvel jogar numa surpresa que, a acontecer, seria hist\u00f3rica pois os azuis e brancos para a ta\u00e7a t\u00eam m\u00e1 mem\u00f3ria dos verde-brancos.<br \/>\n<em>Unidos Venceremos e Orgulhosos Continuaremos!<br \/>\n<img loading=\"lazy\" decoding=\"async\" class=\"alignleft size-full wp-image-2206\" src=\"http:\/\/fcfamalicao.org\/portal\/wp-content\/uploads\/2015\/01\/14_15_0059.jpg\" alt=\"14_15_0059\" width=\"600\" height=\"400\" srcset=\"https:\/\/fcfamalicao.org\/portal\/wp-content\/uploads\/2015\/01\/14_15_0059.jpg 600w, https:\/\/fcfamalicao.org\/portal\/wp-content\/uploads\/2015\/01\/14_15_0059-282x188.jpg 282w, https:\/\/fcfamalicao.org\/portal\/wp-content\/uploads\/2015\/01\/14_15_0059-450x300.jpg 450w\" sizes=\"auto, (max-width: 600px) 100vw, 600px\" \/><br \/>\n<\/em><\/p>\n<a class=\"synved-social-button synved-social-button-share synved-social-size-24 synved-social-resolution-single synved-social-provider-facebook nolightbox\" data-provider=\"facebook\" target=\"_blank\" rel=\"nofollow\" title=\"Share on Facebook\" href=\"https:\/\/www.facebook.com\/sharer.php?u=https%3A%2F%2Ffcfamalicao.org%2Fportal%2Fwp-json%2Fwp%2Fv2%2Fposts%2F2205&#038;t=Ta%C3%A7a%20de%20Portugal%20%E2%80%93%201%2F4%20Final&#038;s=100&#038;p&#091;url&#093;=https%3A%2F%2Ffcfamalicao.org%2Fportal%2Fwp-json%2Fwp%2Fv2%2Fposts%2F2205&#038;p&#091;images&#093;&#091;0&#093;=http%3A%2F%2Ffcfamalicao.org%2Fportal%2Fwp-content%2Fuploads%2F2015%2F01%2F14_15_0059.jpg&#038;p&#091;title&#093;=Ta%C3%A7a%20de%20Portugal%20%E2%80%93%201%2F4%20Final\" style=\"font-size: 0px;width:24px;height:24px;margin:0;margin-bottom:5px;margin-right:5px\"><img loading=\"lazy\" decoding=\"async\" alt=\"Facebook\" title=\"Share on Facebook\" class=\"synved-share-image synved-social-image synved-social-image-share\" width=\"24\" height=\"24\" style=\"display: inline;width:24px;height:24px;margin: 0;padding: 0;border: none;box-shadow: none\" src=\"https:\/\/fcfamalicao.org\/portal\/wp-content\/plugins\/social-media-feather\/synved-social\/image\/social\/regular\/48x48\/facebook.png\" \/><\/a><a class=\"synved-social-button synved-social-button-share synved-social-size-24 synved-social-resolution-single synved-social-provider-twitter nolightbox\" data-provider=\"twitter\" target=\"_blank\" rel=\"nofollow\" title=\"Share on Twitter\" href=\"https:\/\/twitter.com\/intent\/tweet?url=https%3A%2F%2Ffcfamalicao.org%2Fportal%2Fwp-json%2Fwp%2Fv2%2Fposts%2F2205&#038;text=Novidades%20%E2%80%93%20FC%20Famalic%C3%A3o%20Clube%20de%20F%C3%A3s%20Online\" style=\"font-size: 0px;width:24px;height:24px;margin:0;margin-bottom:5px\"><img loading=\"lazy\" decoding=\"async\" alt=\"twitter\" title=\"Share on Twitter\" class=\"synved-share-image synved-social-image synved-social-image-share\" width=\"24\" height=\"24\" style=\"display: inline;width:24px;height:24px;margin: 0;padding: 0;border: none;box-shadow: none\" src=\"https:\/\/fcfamalicao.org\/portal\/wp-content\/plugins\/social-media-feather\/synved-social\/image\/social\/regular\/48x48\/twitter.png\" \/><\/a><a class=\"synved-social-credit\" target=\"_blank\" rel=\"nofollow\" title=\"WordPress Social Media Feather\" href=\"http:\/\/synved.com\/wordpress-social-media-feather\/\" style=\"color:#444;text-decoration:none;font-size:8px;margin-left:5px;vertical-align:10px;white-space:nowrap\"><span>by <\/span><img loading=\"lazy\" decoding=\"async\" style=\"display: inline;margin:0;padding:0;width:16px;height:16px\" width=\"16\" height=\"16\" alt=\"feather\" src=\"https:\/\/fcfamalicao.org\/portal\/wp-content\/plugins\/social-media-feather\/synved-social\/image\/icon.png\" \/><\/a>","protected":false},"excerpt":{"rendered":"<p>\u00c9 amanh\u00e3, dia 7 de janeiro de 2015, pelas 21 horas que, uma vez mais o FC Famalic\u00e3o encontra o Sporting numa eliminat\u00f3ria da Ta\u00e7a de Portugal, desta feita em Lisboa no Est\u00e1dio Jos\u00e9 Alvalade. O FC Famalic\u00e3o frente ao &hellip; <a href=\"https:\/\/fcfamalicao.org\/portal\/2015\/01\/06\/taca-de-portugal-14-final\/\">Continuar a ler <span class=\"meta-nav\">&rarr;<\/span><\/a><\/p>\n","protected":false},"author":1,"featured_media":0,"comment_status":"closed","ping_status":"closed","sticky":false,"template":"","format":"standard","meta":{"ngg_post_thumbnail":0,"footnotes":""},"categories":[2],"tags":[],"class_list":["post-2205","post","type-post","status-publish","format-standard","hentry","category-seniores"],"_links":{"self":[{"href":"https:\/\/fcfamalicao.org\/portal\/wp-json\/wp\/v2\/posts\/2205","targetHints":{"allow":["GET"]}}],"collection":[{"href":"https:\/\/fcfamalicao.org\/portal\/wp-json\/wp\/v2\/posts"}],"about":[{"href":"https:\/\/fcfamalicao.org\/portal\/wp-json\/wp\/v2\/types\/post"}],"author":[{"embeddable":true,"href":"https:\/\/fcfamalicao.org\/portal\/wp-json\/wp\/v2\/users\/1"}],"replies":[{"embeddable":true,"href":"https:\/\/fcfamalicao.org\/portal\/wp-json\/wp\/v2\/comments?post=2205"}],"version-history":[{"count":1,"href":"https:\/\/fcfamalicao.org\/portal\/wp-json\/wp\/v2\/posts\/2205\/revisions"}],"predecessor-version":[{"id":2207,"href":"https:\/\/fcfamalicao.org\/portal\/wp-json\/wp\/v2\/posts\/2205\/revisions\/2207"}],"wp:attachment":[{"href":"https:\/\/fcfamalicao.org\/portal\/wp-json\/wp\/v2\/media?parent=2205"}],"wp:term":[{"taxonomy":"category","embeddable":true,"href":"https:\/\/fcfamalicao.org\/portal\/wp-json\/wp\/v2\/categories?post=2205"},{"taxonomy":"post_tag","embeddable":true,"href":"https:\/\/fcfamalicao.org\/portal\/wp-json\/wp\/v2\/tags?post=2205"}],"curies":[{"name":"wp","href":"https:\/\/api.w.org\/{rel}","templated":true}]}}