{"id":2194,"date":"2015-01-03T18:04:34","date_gmt":"2015-01-03T17:04:34","guid":{"rendered":"http:\/\/fcfamalicao.org\/portal\/?p=2194"},"modified":"2015-01-04T14:28:54","modified_gmt":"2015-01-04T13:28:54","slug":"faltam-dois-jogos-para-o-primeiro-objetivo","status":"publish","type":"post","link":"https:\/\/fcfamalicao.org\/portal\/2015\/01\/03\/faltam-dois-jogos-para-o-primeiro-objetivo\/","title":{"rendered":"Faltam dois jogos para o primeiro objetivo"},"content":{"rendered":"<p><img loading=\"lazy\" decoding=\"async\" class=\"alignleft size-full wp-image-2195\" src=\"http:\/\/fcfamalicao.org\/portal\/wp-content\/uploads\/2015\/01\/14_15_0058.jpg\" alt=\"14_15_0058\" width=\"600\" height=\"125\" srcset=\"https:\/\/fcfamalicao.org\/portal\/wp-content\/uploads\/2015\/01\/14_15_0058.jpg 600w, https:\/\/fcfamalicao.org\/portal\/wp-content\/uploads\/2015\/01\/14_15_0058-300x63.jpg 300w, https:\/\/fcfamalicao.org\/portal\/wp-content\/uploads\/2015\/01\/14_15_0058-500x104.jpg 500w\" sizes=\"auto, (max-width: 600px) 100vw, 600px\" \/><\/p>\n<p>Mais uma vit\u00f3ria do FC Famalic\u00e3o, esta em Santa Eul\u00e1lia de Vizela.<br \/>\nO sonho de ir para a segunda fase &#8211; Fase de Subida &#8211; continua intacto.<br \/>\nFaltam dois encontros para ser alcan\u00e7ado o primeiro objetivo.<\/p>\n<p><strong>FICHA DE JOGO<\/strong><br \/>\n<strong>Santa Eul\u00e1lia\u00a0 1-2\u00a0 FC Famalic\u00e3o<br \/>\n<\/strong>CNS \u2013 S\u00e9rie B, 16\u00aa jornada<br \/>\n3 de janeiro de 2015<br \/>\nCampo Municipal de Santa Eul\u00e1lia<br \/>\nHora: 15:00<br \/>\n<strong>\u00c1rbitro:<\/strong>\u00a0Rui Silva (AF Vila Real)<\/p>\n<p><strong>CCD SANTA EUL\u00c1LIA:<\/strong>\u00a0Ferreira, In\u00e1cio, \u00c9lvis, Bas\u00edlio, Armando Pinto, \u00c9lio, Ruben Moreira, Andr\u00e9 Cunha (Jo\u00e3o Pedro 63\u2019), Nelson (Filipe Magalh\u00e3es 73\u2019), H\u00e9lder (Marquinho 45\u2019) e Pipo<br \/>\n<strong>N\u00e3o utilizados:<\/strong><br \/>\n<strong>Treinador:<\/strong>\u00a0Jo\u00e3o Pedro Coelho<\/p>\n<p><strong>FC FAMALIC\u00c3O:<\/strong>\u00a0Murta, Daniel, Vila\u00e7a, Luiz Alberto, Jo\u00e3o Pedro Santos, Ibraima M\u00e9rcio, Diego (Palheiras 89\u2019), Diogo Torres (Ruben Alves 76\u2019), Correia e Feliz (Diego Medeiros 76\u2019)<br \/>\n<strong>N\u00e3o utilizados:<\/strong>\u00a0Emanuel, Jo\u00e3o Pedro, Joel e Moreira.<br \/>\n<strong>Treinador:<\/strong>\u00a0Daniel Ramos<\/p>\n<p><strong>Ao intervalo:<\/strong>\u00a02-0<br \/>\n<strong>Resultado Final:<\/strong> 1-2<br \/>\n<strong>Marcadores:<\/strong>\u00a0Feliz (16\u2019), M\u00e9rcio (33\u2019)e Daniel (PB 80\u2019)<\/p>\n<p><strong>A\u00e7\u00e3o Disciplinar<br \/>\n<\/strong><strong>Amarelos: <\/strong>Luiz Alberto (20\u2019), Andr\u00e9 Cunha (42\u2019), Daniel (87\u2019), Filipe Magalh\u00e3es (90+1\u2019) e Diego Medeiros (90+2\u2019)<br \/>\n<strong>Duplos Amarelos:<\/strong>\u00a0Nada a assinalar<br \/>\n<strong>Vermelhos:<\/strong>\u00a0Nada a assinalar<\/p>\n<a class=\"synved-social-button synved-social-button-share synved-social-size-24 synved-social-resolution-single synved-social-provider-facebook nolightbox\" data-provider=\"facebook\" target=\"_blank\" rel=\"nofollow\" title=\"Share on Facebook\" href=\"https:\/\/www.facebook.com\/sharer.php?u=https%3A%2F%2Ffcfamalicao.org%2Fportal%2Fwp-json%2Fwp%2Fv2%2Fposts%2F2194&#038;t=Faltam%20dois%20jogos%20para%20o%20primeiro%20objetivo&#038;s=100&#038;p&#091;url&#093;=https%3A%2F%2Ffcfamalicao.org%2Fportal%2Fwp-json%2Fwp%2Fv2%2Fposts%2F2194&#038;p&#091;images&#093;&#091;0&#093;=http%3A%2F%2Ffcfamalicao.org%2Fportal%2Fwp-content%2Fuploads%2F2015%2F01%2F14_15_0058.jpg&#038;p&#091;title&#093;=Faltam%20dois%20jogos%20para%20o%20primeiro%20objetivo\" style=\"font-size: 0px;width:24px;height:24px;margin:0;margin-bottom:5px;margin-right:5px\"><img loading=\"lazy\" decoding=\"async\" alt=\"Facebook\" title=\"Share on Facebook\" class=\"synved-share-image synved-social-image synved-social-image-share\" width=\"24\" height=\"24\" style=\"display: inline;width:24px;height:24px;margin: 0;padding: 0;border: none;box-shadow: none\" src=\"https:\/\/fcfamalicao.org\/portal\/wp-content\/plugins\/social-media-feather\/synved-social\/image\/social\/regular\/48x48\/facebook.png\" \/><\/a><a class=\"synved-social-button synved-social-button-share synved-social-size-24 synved-social-resolution-single synved-social-provider-twitter nolightbox\" data-provider=\"twitter\" target=\"_blank\" rel=\"nofollow\" title=\"Share on Twitter\" href=\"https:\/\/twitter.com\/intent\/tweet?url=https%3A%2F%2Ffcfamalicao.org%2Fportal%2Fwp-json%2Fwp%2Fv2%2Fposts%2F2194&#038;text=Novidades%20%E2%80%93%20FC%20Famalic%C3%A3o%20Clube%20de%20F%C3%A3s%20Online\" style=\"font-size: 0px;width:24px;height:24px;margin:0;margin-bottom:5px\"><img loading=\"lazy\" decoding=\"async\" alt=\"twitter\" title=\"Share on Twitter\" class=\"synved-share-image synved-social-image synved-social-image-share\" width=\"24\" height=\"24\" style=\"display: inline;width:24px;height:24px;margin: 0;padding: 0;border: none;box-shadow: none\" src=\"https:\/\/fcfamalicao.org\/portal\/wp-content\/plugins\/social-media-feather\/synved-social\/image\/social\/regular\/48x48\/twitter.png\" \/><\/a><a class=\"synved-social-credit\" target=\"_blank\" rel=\"nofollow\" title=\"WordPress Social Media Feather\" href=\"http:\/\/synved.com\/wordpress-social-media-feather\/\" style=\"color:#444;text-decoration:none;font-size:8px;margin-left:5px;vertical-align:10px;white-space:nowrap\"><span>by <\/span><img loading=\"lazy\" decoding=\"async\" style=\"display: inline;margin:0;padding:0;width:16px;height:16px\" width=\"16\" height=\"16\" alt=\"feather\" src=\"https:\/\/fcfamalicao.org\/portal\/wp-content\/plugins\/social-media-feather\/synved-social\/image\/icon.png\" \/><\/a>","protected":false},"excerpt":{"rendered":"<p>Mais uma vit\u00f3ria do FC Famalic\u00e3o, esta em Santa Eul\u00e1lia de Vizela. O sonho de ir para a segunda fase &#8211; Fase de Subida &#8211; continua intacto. Faltam dois encontros para ser alcan\u00e7ado o primeiro objetivo. FICHA DE JOGO Santa &hellip; <a href=\"https:\/\/fcfamalicao.org\/portal\/2015\/01\/03\/faltam-dois-jogos-para-o-primeiro-objetivo\/\">Continuar a ler <span class=\"meta-nav\">&rarr;<\/span><\/a><\/p>\n","protected":false},"author":1,"featured_media":0,"comment_status":"closed","ping_status":"closed","sticky":false,"template":"","format":"standard","meta":{"ngg_post_thumbnail":0,"footnotes":""},"categories":[2],"tags":[],"class_list":["post-2194","post","type-post","status-publish","format-standard","hentry","category-seniores"],"_links":{"self":[{"href":"https:\/\/fcfamalicao.org\/portal\/wp-json\/wp\/v2\/posts\/2194","targetHints":{"allow":["GET"]}}],"collection":[{"href":"https:\/\/fcfamalicao.org\/portal\/wp-json\/wp\/v2\/posts"}],"about":[{"href":"https:\/\/fcfamalicao.org\/portal\/wp-json\/wp\/v2\/types\/post"}],"author":[{"embeddable":true,"href":"https:\/\/fcfamalicao.org\/portal\/wp-json\/wp\/v2\/users\/1"}],"replies":[{"embeddable":true,"href":"https:\/\/fcfamalicao.org\/portal\/wp-json\/wp\/v2\/comments?post=2194"}],"version-history":[{"count":3,"href":"https:\/\/fcfamalicao.org\/portal\/wp-json\/wp\/v2\/posts\/2194\/revisions"}],"predecessor-version":[{"id":2199,"href":"https:\/\/fcfamalicao.org\/portal\/wp-json\/wp\/v2\/posts\/2194\/revisions\/2199"}],"wp:attachment":[{"href":"https:\/\/fcfamalicao.org\/portal\/wp-json\/wp\/v2\/media?parent=2194"}],"wp:term":[{"taxonomy":"category","embeddable":true,"href":"https:\/\/fcfamalicao.org\/portal\/wp-json\/wp\/v2\/categories?post=2194"},{"taxonomy":"post_tag","embeddable":true,"href":"https:\/\/fcfamalicao.org\/portal\/wp-json\/wp\/v2\/tags?post=2194"}],"curies":[{"name":"wp","href":"https:\/\/api.w.org\/{rel}","templated":true}]}}