{"id":2184,"date":"2014-12-30T21:55:27","date_gmt":"2014-12-30T20:55:27","guid":{"rendered":"http:\/\/fcfamalicao.org\/portal\/?p=2184"},"modified":"2014-12-30T21:56:24","modified_gmt":"2014-12-30T20:56:24","slug":"sonho-continua","status":"publish","type":"post","link":"https:\/\/fcfamalicao.org\/portal\/2014\/12\/30\/sonho-continua\/","title":{"rendered":"Sonho continua"},"content":{"rendered":"<p style=\"text-align: justify;\"><img loading=\"lazy\" decoding=\"async\" class=\"alignleft size-full wp-image-2185\" src=\"http:\/\/fcfamalicao.org\/portal\/wp-content\/uploads\/2014\/12\/14_15_0056.jpg\" alt=\"14_15_0056\" width=\"600\" height=\"125\" srcset=\"https:\/\/fcfamalicao.org\/portal\/wp-content\/uploads\/2014\/12\/14_15_0056.jpg 600w, https:\/\/fcfamalicao.org\/portal\/wp-content\/uploads\/2014\/12\/14_15_0056-300x63.jpg 300w, https:\/\/fcfamalicao.org\/portal\/wp-content\/uploads\/2014\/12\/14_15_0056-500x104.jpg 500w\" sizes=\"auto, (max-width: 600px) 100vw, 600px\" \/><br \/>\nCom a vit\u00f3ria em Vila Real o FC Famalic\u00e3o continua em segundo lugar, em igualdade pontual com o primeiro classificado.<br \/>\nO Famalic\u00e3o est\u00e1 agora a tr\u00eas finais de alcan\u00e7ar o objetivo que \u00e9 lutar na fase de grupos de subida.<br \/>\nDas 3 finais a primeira \u00e9 no s\u00e1bado 3 de janeiro frente ao Santa Eul\u00e1lia em Santa Eul\u00e1lia de Vizela.<\/p>\n<p><strong>FICHA DE JOGO<\/strong><strong><br \/>\n<\/strong><strong>Vila Real 0 &#8211; 1\u00a0 FC Famalic\u00e3o<\/strong><\/p>\n<p>CNS \u2013 S\u00e9rie B, 15\u00aa jornada<br \/>\n28 de dezembro de 2014<br \/>\nComplexo Desportivo Monte da Forca \u2013 Vila Real<br \/>\n<strong>\u00c1rbitro:<\/strong>\u00a0Lu\u00eds M\u00e1ximo (AF Castelo Branco)<\/p>\n<p><strong>Vila Real:<\/strong>\u00a0Miguel Assun\u00e7\u00e3o, Miguel Carreira, Telmo, Fred, In\u00e1cio, Andr\u00e9 Bukia, Castanha, Rui Magalh\u00e3es, Orlando (Aquini 70\u2019), Patrick (Schuster 67\u2019) e Felipe Martins.<br \/>\n<strong>N\u00e3o utilizados:<\/strong>\u00a0Andrew, Anderson, Francis, Jo\u00e3o Pereira e Miguel Morais.<br \/>\n<strong>Treinador:<\/strong>\u00a0Nuno Pereira<\/p>\n<p><strong>FC FAMALIC\u00c3O:<\/strong>\u00a0Murta, Daniel, Vila\u00e7a, Luiz Alberto, Jo\u00e3o Pedro Santos, Ibraima, Diego (M\u00e9rcio 70\u2018), V\u00edtor Lima, Diogo Torres (Diego Medeiros 66\u2019), Correia e Feliz (Moreira 88\u2019).<br \/>\n<strong>N\u00e3o utilizados:<\/strong>\u00a0Armando, Joel, Palheiras e Ruben Alves.<br \/>\n<strong>Treinador:<\/strong>\u00a0Daniel Ramos<\/p>\n<p><strong>Ao intervalo:<\/strong>\u00a00-1<br \/>\n<strong>Marcadores:<\/strong>\u00a0Correia (26\u2019)<br \/>\n<strong>Resultado Final:<\/strong> 0-1<\/p>\n<p><strong>A\u00e7\u00e3o Disciplinar<br \/>\n<\/strong><strong>Amarelos:<\/strong><strong>\u00a0<\/strong>Diego (32\u2019), Miguel Assun\u00e7\u00e3o (44\u2019), M\u00e9rcio (61\u2019), Daniel (65\u2019), Jo\u00e3o Pedro Santos (71\u2019).<\/p>\n<a class=\"synved-social-button synved-social-button-share synved-social-size-24 synved-social-resolution-single synved-social-provider-facebook nolightbox\" data-provider=\"facebook\" target=\"_blank\" rel=\"nofollow\" title=\"Share on Facebook\" href=\"https:\/\/www.facebook.com\/sharer.php?u=https%3A%2F%2Ffcfamalicao.org%2Fportal%2Fwp-json%2Fwp%2Fv2%2Fposts%2F2184&#038;t=Sonho%20continua&#038;s=100&#038;p&#091;url&#093;=https%3A%2F%2Ffcfamalicao.org%2Fportal%2Fwp-json%2Fwp%2Fv2%2Fposts%2F2184&#038;p&#091;images&#093;&#091;0&#093;=http%3A%2F%2Ffcfamalicao.org%2Fportal%2Fwp-content%2Fuploads%2F2014%2F12%2F14_15_0056.jpg&#038;p&#091;title&#093;=Sonho%20continua\" style=\"font-size: 0px;width:24px;height:24px;margin:0;margin-bottom:5px;margin-right:5px\"><img loading=\"lazy\" decoding=\"async\" alt=\"Facebook\" title=\"Share on Facebook\" class=\"synved-share-image synved-social-image synved-social-image-share\" width=\"24\" height=\"24\" style=\"display: inline;width:24px;height:24px;margin: 0;padding: 0;border: none;box-shadow: none\" src=\"https:\/\/fcfamalicao.org\/portal\/wp-content\/plugins\/social-media-feather\/synved-social\/image\/social\/regular\/48x48\/facebook.png\" \/><\/a><a class=\"synved-social-button synved-social-button-share synved-social-size-24 synved-social-resolution-single synved-social-provider-twitter nolightbox\" data-provider=\"twitter\" target=\"_blank\" rel=\"nofollow\" title=\"Share on Twitter\" href=\"https:\/\/twitter.com\/intent\/tweet?url=https%3A%2F%2Ffcfamalicao.org%2Fportal%2Fwp-json%2Fwp%2Fv2%2Fposts%2F2184&#038;text=Novidades%20%E2%80%93%20FC%20Famalic%C3%A3o%20Clube%20de%20F%C3%A3s%20Online\" style=\"font-size: 0px;width:24px;height:24px;margin:0;margin-bottom:5px\"><img loading=\"lazy\" decoding=\"async\" alt=\"twitter\" title=\"Share on Twitter\" class=\"synved-share-image synved-social-image synved-social-image-share\" width=\"24\" height=\"24\" style=\"display: inline;width:24px;height:24px;margin: 0;padding: 0;border: none;box-shadow: none\" src=\"https:\/\/fcfamalicao.org\/portal\/wp-content\/plugins\/social-media-feather\/synved-social\/image\/social\/regular\/48x48\/twitter.png\" \/><\/a><a class=\"synved-social-credit\" target=\"_blank\" rel=\"nofollow\" title=\"WordPress Social Media Feather\" href=\"http:\/\/synved.com\/wordpress-social-media-feather\/\" style=\"color:#444;text-decoration:none;font-size:8px;margin-left:5px;vertical-align:10px;white-space:nowrap\"><span>by <\/span><img loading=\"lazy\" decoding=\"async\" style=\"display: inline;margin:0;padding:0;width:16px;height:16px\" width=\"16\" height=\"16\" alt=\"feather\" src=\"https:\/\/fcfamalicao.org\/portal\/wp-content\/plugins\/social-media-feather\/synved-social\/image\/icon.png\" \/><\/a>","protected":false},"excerpt":{"rendered":"<p>Com a vit\u00f3ria em Vila Real o FC Famalic\u00e3o continua em segundo lugar, em igualdade pontual com o primeiro classificado. O Famalic\u00e3o est\u00e1 agora a tr\u00eas finais de alcan\u00e7ar o objetivo que \u00e9 lutar na fase de grupos de subida. &hellip; <a href=\"https:\/\/fcfamalicao.org\/portal\/2014\/12\/30\/sonho-continua\/\">Continuar a ler <span class=\"meta-nav\">&rarr;<\/span><\/a><\/p>\n","protected":false},"author":1,"featured_media":0,"comment_status":"closed","ping_status":"closed","sticky":false,"template":"","format":"standard","meta":{"ngg_post_thumbnail":0,"footnotes":""},"categories":[2],"tags":[],"class_list":["post-2184","post","type-post","status-publish","format-standard","hentry","category-seniores"],"_links":{"self":[{"href":"https:\/\/fcfamalicao.org\/portal\/wp-json\/wp\/v2\/posts\/2184","targetHints":{"allow":["GET"]}}],"collection":[{"href":"https:\/\/fcfamalicao.org\/portal\/wp-json\/wp\/v2\/posts"}],"about":[{"href":"https:\/\/fcfamalicao.org\/portal\/wp-json\/wp\/v2\/types\/post"}],"author":[{"embeddable":true,"href":"https:\/\/fcfamalicao.org\/portal\/wp-json\/wp\/v2\/users\/1"}],"replies":[{"embeddable":true,"href":"https:\/\/fcfamalicao.org\/portal\/wp-json\/wp\/v2\/comments?post=2184"}],"version-history":[{"count":2,"href":"https:\/\/fcfamalicao.org\/portal\/wp-json\/wp\/v2\/posts\/2184\/revisions"}],"predecessor-version":[{"id":2187,"href":"https:\/\/fcfamalicao.org\/portal\/wp-json\/wp\/v2\/posts\/2184\/revisions\/2187"}],"wp:attachment":[{"href":"https:\/\/fcfamalicao.org\/portal\/wp-json\/wp\/v2\/media?parent=2184"}],"wp:term":[{"taxonomy":"category","embeddable":true,"href":"https:\/\/fcfamalicao.org\/portal\/wp-json\/wp\/v2\/categories?post=2184"},{"taxonomy":"post_tag","embeddable":true,"href":"https:\/\/fcfamalicao.org\/portal\/wp-json\/wp\/v2\/tags?post=2184"}],"curies":[{"name":"wp","href":"https:\/\/api.w.org\/{rel}","templated":true}]}}