{"id":2170,"date":"2014-12-23T00:37:47","date_gmt":"2014-12-22T23:37:47","guid":{"rendered":"http:\/\/fcfamalicao.org\/portal\/?p=2170"},"modified":"2014-12-23T00:39:44","modified_gmt":"2014-12-22T23:39:44","slug":"quartos-de-final-taca-portugal","status":"publish","type":"post","link":"https:\/\/fcfamalicao.org\/portal\/2014\/12\/23\/quartos-de-final-taca-portugal\/","title":{"rendered":"Quartos-de-Final Ta\u00e7a Portugal"},"content":{"rendered":"<p style=\"text-align: justify;\"><img loading=\"lazy\" decoding=\"async\" class=\"alignleft size-full wp-image-651\" src=\"http:\/\/fcfamalicao.org\/portal\/wp-content\/uploads\/2013\/09\/setembro_02.jpg\" alt=\"setembro_02\" width=\"300\" height=\"199\" srcset=\"https:\/\/fcfamalicao.org\/portal\/wp-content\/uploads\/2013\/09\/setembro_02.jpg 300w, https:\/\/fcfamalicao.org\/portal\/wp-content\/uploads\/2013\/09\/setembro_02-283x188.jpg 283w\" sizes=\"auto, (max-width: 300px) 100vw, 300px\" \/>O FC Famalic\u00e3o ficou hoje a conhecer\u00a0o seu advers\u00e1rio nos Quartos-de-Final da Ta\u00e7a de Portugal.<br \/>\nO sorteio realizado na sede da FPF ditou que o Famalic\u00e3o ir\u00e1 defrontar o Sporting no Est\u00e1dio Alvalade, em\u00a0partida marcada para o dia 7 de janeiro de 2015.<\/p>\n<p><strong><span style=\"color: #0000ff;\"><br \/>\nTa\u00e7a Portugal &#8211; Quartos-de-Final<\/span><\/strong><br \/>\n<strong><span style=\"color: #0000ff;\">Sporting CP &#8211; FC Famalic\u00e3o<\/p>\n<p><\/span><\/strong><\/p>\n<a class=\"synved-social-button synved-social-button-share synved-social-size-24 synved-social-resolution-single synved-social-provider-facebook nolightbox\" data-provider=\"facebook\" target=\"_blank\" rel=\"nofollow\" title=\"Share on Facebook\" href=\"https:\/\/www.facebook.com\/sharer.php?u=https%3A%2F%2Ffcfamalicao.org%2Fportal%2Fwp-json%2Fwp%2Fv2%2Fposts%2F2170&#038;t=Quartos-de-Final%20Ta%C3%A7a%20Portugal&#038;s=100&#038;p&#091;url&#093;=https%3A%2F%2Ffcfamalicao.org%2Fportal%2Fwp-json%2Fwp%2Fv2%2Fposts%2F2170&#038;p&#091;images&#093;&#091;0&#093;=http%3A%2F%2Ffcfamalicao.org%2Fportal%2Fwp-content%2Fuploads%2F2013%2F09%2Fsetembro_02.jpg&#038;p&#091;title&#093;=Quartos-de-Final%20Ta%C3%A7a%20Portugal\" style=\"font-size: 0px;width:24px;height:24px;margin:0;margin-bottom:5px;margin-right:5px\"><img loading=\"lazy\" decoding=\"async\" alt=\"Facebook\" title=\"Share on Facebook\" class=\"synved-share-image synved-social-image synved-social-image-share\" width=\"24\" height=\"24\" style=\"display: inline;width:24px;height:24px;margin: 0;padding: 0;border: none;box-shadow: none\" src=\"https:\/\/fcfamalicao.org\/portal\/wp-content\/plugins\/social-media-feather\/synved-social\/image\/social\/regular\/48x48\/facebook.png\" \/><\/a><a class=\"synved-social-button synved-social-button-share synved-social-size-24 synved-social-resolution-single synved-social-provider-twitter nolightbox\" data-provider=\"twitter\" target=\"_blank\" rel=\"nofollow\" title=\"Share on Twitter\" href=\"https:\/\/twitter.com\/intent\/tweet?url=https%3A%2F%2Ffcfamalicao.org%2Fportal%2Fwp-json%2Fwp%2Fv2%2Fposts%2F2170&#038;text=Novidades%20%E2%80%93%20FC%20Famalic%C3%A3o%20Clube%20de%20F%C3%A3s%20Online\" style=\"font-size: 0px;width:24px;height:24px;margin:0;margin-bottom:5px\"><img loading=\"lazy\" decoding=\"async\" alt=\"twitter\" title=\"Share on Twitter\" class=\"synved-share-image synved-social-image synved-social-image-share\" width=\"24\" height=\"24\" style=\"display: inline;width:24px;height:24px;margin: 0;padding: 0;border: none;box-shadow: none\" src=\"https:\/\/fcfamalicao.org\/portal\/wp-content\/plugins\/social-media-feather\/synved-social\/image\/social\/regular\/48x48\/twitter.png\" \/><\/a><a class=\"synved-social-credit\" target=\"_blank\" rel=\"nofollow\" title=\"WordPress Social Media Feather\" href=\"http:\/\/synved.com\/wordpress-social-media-feather\/\" style=\"color:#444;text-decoration:none;font-size:8px;margin-left:5px;vertical-align:10px;white-space:nowrap\"><span>by <\/span><img loading=\"lazy\" decoding=\"async\" style=\"display: inline;margin:0;padding:0;width:16px;height:16px\" width=\"16\" height=\"16\" alt=\"feather\" src=\"https:\/\/fcfamalicao.org\/portal\/wp-content\/plugins\/social-media-feather\/synved-social\/image\/icon.png\" \/><\/a>","protected":false},"excerpt":{"rendered":"<p>O FC Famalic\u00e3o ficou hoje a conhecer\u00a0o seu advers\u00e1rio nos Quartos-de-Final da Ta\u00e7a de Portugal. O sorteio realizado na sede da FPF ditou que o Famalic\u00e3o ir\u00e1 defrontar o Sporting no Est\u00e1dio Alvalade, em\u00a0partida marcada para o dia 7 de &hellip; <a href=\"https:\/\/fcfamalicao.org\/portal\/2014\/12\/23\/quartos-de-final-taca-portugal\/\">Continuar a ler <span class=\"meta-nav\">&rarr;<\/span><\/a><\/p>\n","protected":false},"author":1,"featured_media":0,"comment_status":"closed","ping_status":"closed","sticky":false,"template":"","format":"standard","meta":{"ngg_post_thumbnail":0,"footnotes":""},"categories":[2],"tags":[],"class_list":["post-2170","post","type-post","status-publish","format-standard","hentry","category-seniores"],"_links":{"self":[{"href":"https:\/\/fcfamalicao.org\/portal\/wp-json\/wp\/v2\/posts\/2170","targetHints":{"allow":["GET"]}}],"collection":[{"href":"https:\/\/fcfamalicao.org\/portal\/wp-json\/wp\/v2\/posts"}],"about":[{"href":"https:\/\/fcfamalicao.org\/portal\/wp-json\/wp\/v2\/types\/post"}],"author":[{"embeddable":true,"href":"https:\/\/fcfamalicao.org\/portal\/wp-json\/wp\/v2\/users\/1"}],"replies":[{"embeddable":true,"href":"https:\/\/fcfamalicao.org\/portal\/wp-json\/wp\/v2\/comments?post=2170"}],"version-history":[{"count":3,"href":"https:\/\/fcfamalicao.org\/portal\/wp-json\/wp\/v2\/posts\/2170\/revisions"}],"predecessor-version":[{"id":2173,"href":"https:\/\/fcfamalicao.org\/portal\/wp-json\/wp\/v2\/posts\/2170\/revisions\/2173"}],"wp:attachment":[{"href":"https:\/\/fcfamalicao.org\/portal\/wp-json\/wp\/v2\/media?parent=2170"}],"wp:term":[{"taxonomy":"category","embeddable":true,"href":"https:\/\/fcfamalicao.org\/portal\/wp-json\/wp\/v2\/categories?post=2170"},{"taxonomy":"post_tag","embeddable":true,"href":"https:\/\/fcfamalicao.org\/portal\/wp-json\/wp\/v2\/tags?post=2170"}],"curies":[{"name":"wp","href":"https:\/\/api.w.org\/{rel}","templated":true}]}}