{"id":2109,"date":"2014-12-03T20:50:08","date_gmt":"2014-12-03T19:50:08","guid":{"rendered":"http:\/\/fcfamalicao.org\/portal\/?p=2109"},"modified":"2014-12-03T20:55:30","modified_gmt":"2014-12-03T19:55:30","slug":"famalicao-de-regresso-as-vitorias","status":"publish","type":"post","link":"https:\/\/fcfamalicao.org\/portal\/2014\/12\/03\/famalicao-de-regresso-as-vitorias\/","title":{"rendered":"Famalic\u00e3o de regresso \u00e0s vit\u00f3rias"},"content":{"rendered":"<p><img loading=\"lazy\" decoding=\"async\" class=\"alignleft size-full wp-image-2110\" src=\"http:\/\/fcfamalicao.org\/portal\/wp-content\/uploads\/2014\/12\/14_15_0047.jpg\" alt=\"14_15_0047\" width=\"600\" height=\"125\" srcset=\"https:\/\/fcfamalicao.org\/portal\/wp-content\/uploads\/2014\/12\/14_15_0047.jpg 600w, https:\/\/fcfamalicao.org\/portal\/wp-content\/uploads\/2014\/12\/14_15_0047-300x62.jpg 300w, https:\/\/fcfamalicao.org\/portal\/wp-content\/uploads\/2014\/12\/14_15_0047-500x104.jpg 500w\" sizes=\"auto, (max-width: 600px) 100vw, 600px\" \/><\/p>\n<p>&nbsp;<\/p>\n<p style=\"text-align: justify;\">O FC Famalic\u00e3o para continuar a sonhar o acesso \u00e0 segunda fase nos dois primeiros lugares,\u00a0tinha necessidade de vencer esta partida frente a um advers\u00e1rio direto pelos mesmos objetivos. Tal como dissemos na antevis\u00e3o o Famalic\u00e3o esplanou o seu futebol e na hora da verdade concretizou a supremacia em golo.<br \/>\nPr\u00f3ximo domingo recebe no Municipal 22 de Junho o Amarante pelas 15 horas.<\/p>\n<p style=\"text-align: justify;\"><strong>FICHA DE JOGO<\/strong><br \/>\n<strong>FC Vizela 0-1\u00a0 FC Famalic\u00e3o<br \/>\n<\/strong>CNS \u2013 S\u00e9rie B, 11\u00aa jornada<br \/>\n30 de novembro de 2014<br \/>\nEst\u00e1dio do Vizela \u2013 Vizela<br \/>\nHora: 15:00<br \/>\n<strong>\u00c1rbitro:<\/strong>\u00a0Quit\u00e9rio Almeida (AF Lisboa)<\/p>\n<p><strong>FC VIZELA:<\/strong>\u00a0Pedro Albergaria, Jo\u00e3o Pedro, Diogo Machado, Cl\u00e1udio, Talocha, Maur\u00edcio (Bruno Fernandes 85\u2019), Tiago Martins (Rui Pereira 76\u2019), Lu\u00eds Ferraz, Fininho (Rafinha 69\u2019), Ricardo Teixeira e Felipe.<br \/>\n<strong>N\u00e3o utilizados:<\/strong>\u00a0Tiago Guedes, Andr\u00e9 Pereira, Andr\u00e9 Pinto e Z\u00e9 Manel.<br \/>\n<strong>Treinador:<\/strong>\u00a0Emanuel Sim\u00f5es<\/p>\n<p><strong>FC FAMALIC\u00c3O:<\/strong>\u00a0Murta, Daniel, Vila\u00e7a, Luiz Alberto, Jo\u00e3o Pedro Santos, Ibraima (Diego 62\u2019), M\u00e9rcio, Vitor Lima(Palheiras 89\u2019), Diego Medeiros (Diogo Torres70\u2019), Correia e Feliz.<br \/>\n<strong>N\u00e3o utilizados:<\/strong>\u00a0Emanuel, Silv\u00e9rio, Joel e Moreira.<br \/>\n<strong>Treinador:<\/strong>\u00a0Daniel Ramos<\/p>\n<p><strong>Ao intervalo:<\/strong>\u00a00-0<br \/>\n<strong>Resultado Final:<\/strong> 0-1<br \/>\n<strong>Marcadores:<\/strong>\u00a0Correia (78\u2019)<\/p>\n<p><strong>A\u00e7\u00e3o Disciplinar<br \/>\n<\/strong><strong>Amarelos: <\/strong>M\u00e9rcio (25\u2019), Daniel (28\u2019), Feliz (50\u2019), Luis ferraz (70\u2019), Jo\u00e3o Pedro (72\u2019), Murta (87\u2019), Diogo Torres (88\u2019) e Talocha (91\u2019)<br \/>\n<strong>Duplos Amarelos:<\/strong>\u00a0Nada a assinalar<br \/>\n<strong>Vermelhos:<\/strong>\u00a0Nada a assinalar<\/p>\n<a class=\"synved-social-button synved-social-button-share synved-social-size-24 synved-social-resolution-single synved-social-provider-facebook nolightbox\" data-provider=\"facebook\" target=\"_blank\" rel=\"nofollow\" title=\"Share on Facebook\" href=\"https:\/\/www.facebook.com\/sharer.php?u=https%3A%2F%2Ffcfamalicao.org%2Fportal%2Fwp-json%2Fwp%2Fv2%2Fposts%2F2109&#038;t=Famalic%C3%A3o%20de%20regresso%20%C3%A0s%20vit%C3%B3rias&#038;s=100&#038;p&#091;url&#093;=https%3A%2F%2Ffcfamalicao.org%2Fportal%2Fwp-json%2Fwp%2Fv2%2Fposts%2F2109&#038;p&#091;images&#093;&#091;0&#093;=http%3A%2F%2Ffcfamalicao.org%2Fportal%2Fwp-content%2Fuploads%2F2014%2F12%2F14_15_0047.jpg&#038;p&#091;title&#093;=Famalic%C3%A3o%20de%20regresso%20%C3%A0s%20vit%C3%B3rias\" style=\"font-size: 0px;width:24px;height:24px;margin:0;margin-bottom:5px;margin-right:5px\"><img loading=\"lazy\" decoding=\"async\" alt=\"Facebook\" title=\"Share on Facebook\" class=\"synved-share-image synved-social-image synved-social-image-share\" width=\"24\" height=\"24\" style=\"display: inline;width:24px;height:24px;margin: 0;padding: 0;border: none;box-shadow: none\" src=\"https:\/\/fcfamalicao.org\/portal\/wp-content\/plugins\/social-media-feather\/synved-social\/image\/social\/regular\/48x48\/facebook.png\" \/><\/a><a class=\"synved-social-button synved-social-button-share synved-social-size-24 synved-social-resolution-single synved-social-provider-twitter nolightbox\" data-provider=\"twitter\" target=\"_blank\" rel=\"nofollow\" title=\"Share on Twitter\" href=\"https:\/\/twitter.com\/intent\/tweet?url=https%3A%2F%2Ffcfamalicao.org%2Fportal%2Fwp-json%2Fwp%2Fv2%2Fposts%2F2109&#038;text=Novidades%20%E2%80%93%20FC%20Famalic%C3%A3o%20Clube%20de%20F%C3%A3s%20Online\" style=\"font-size: 0px;width:24px;height:24px;margin:0;margin-bottom:5px\"><img loading=\"lazy\" decoding=\"async\" alt=\"twitter\" title=\"Share on Twitter\" class=\"synved-share-image synved-social-image synved-social-image-share\" width=\"24\" height=\"24\" style=\"display: inline;width:24px;height:24px;margin: 0;padding: 0;border: none;box-shadow: none\" src=\"https:\/\/fcfamalicao.org\/portal\/wp-content\/plugins\/social-media-feather\/synved-social\/image\/social\/regular\/48x48\/twitter.png\" \/><\/a><a class=\"synved-social-credit\" target=\"_blank\" rel=\"nofollow\" title=\"WordPress Social Media Feather\" href=\"http:\/\/synved.com\/wordpress-social-media-feather\/\" style=\"color:#444;text-decoration:none;font-size:8px;margin-left:5px;vertical-align:10px;white-space:nowrap\"><span>by <\/span><img loading=\"lazy\" decoding=\"async\" style=\"display: inline;margin:0;padding:0;width:16px;height:16px\" width=\"16\" height=\"16\" alt=\"feather\" src=\"https:\/\/fcfamalicao.org\/portal\/wp-content\/plugins\/social-media-feather\/synved-social\/image\/icon.png\" \/><\/a>","protected":false},"excerpt":{"rendered":"<p>&nbsp; O FC Famalic\u00e3o para continuar a sonhar o acesso \u00e0 segunda fase nos dois primeiros lugares,\u00a0tinha necessidade de vencer esta partida frente a um advers\u00e1rio direto pelos mesmos objetivos. Tal como dissemos na antevis\u00e3o o Famalic\u00e3o esplanou o seu &hellip; <a href=\"https:\/\/fcfamalicao.org\/portal\/2014\/12\/03\/famalicao-de-regresso-as-vitorias\/\">Continuar a ler <span class=\"meta-nav\">&rarr;<\/span><\/a><\/p>\n","protected":false},"author":1,"featured_media":0,"comment_status":"closed","ping_status":"closed","sticky":false,"template":"","format":"standard","meta":{"ngg_post_thumbnail":0,"footnotes":""},"categories":[2],"tags":[],"class_list":["post-2109","post","type-post","status-publish","format-standard","hentry","category-seniores"],"_links":{"self":[{"href":"https:\/\/fcfamalicao.org\/portal\/wp-json\/wp\/v2\/posts\/2109","targetHints":{"allow":["GET"]}}],"collection":[{"href":"https:\/\/fcfamalicao.org\/portal\/wp-json\/wp\/v2\/posts"}],"about":[{"href":"https:\/\/fcfamalicao.org\/portal\/wp-json\/wp\/v2\/types\/post"}],"author":[{"embeddable":true,"href":"https:\/\/fcfamalicao.org\/portal\/wp-json\/wp\/v2\/users\/1"}],"replies":[{"embeddable":true,"href":"https:\/\/fcfamalicao.org\/portal\/wp-json\/wp\/v2\/comments?post=2109"}],"version-history":[{"count":3,"href":"https:\/\/fcfamalicao.org\/portal\/wp-json\/wp\/v2\/posts\/2109\/revisions"}],"predecessor-version":[{"id":2113,"href":"https:\/\/fcfamalicao.org\/portal\/wp-json\/wp\/v2\/posts\/2109\/revisions\/2113"}],"wp:attachment":[{"href":"https:\/\/fcfamalicao.org\/portal\/wp-json\/wp\/v2\/media?parent=2109"}],"wp:term":[{"taxonomy":"category","embeddable":true,"href":"https:\/\/fcfamalicao.org\/portal\/wp-json\/wp\/v2\/categories?post=2109"},{"taxonomy":"post_tag","embeddable":true,"href":"https:\/\/fcfamalicao.org\/portal\/wp-json\/wp\/v2\/tags?post=2109"}],"curies":[{"name":"wp","href":"https:\/\/api.w.org\/{rel}","templated":true}]}}