{"id":2069,"date":"2014-11-22T19:44:36","date_gmt":"2014-11-22T18:44:36","guid":{"rendered":"http:\/\/fcfamalicao.org\/portal\/?p=2069"},"modified":"2014-11-23T12:52:00","modified_gmt":"2014-11-23T11:52:00","slug":"fc-famalicao-segue-em-frente-na-taca-2","status":"publish","type":"post","link":"https:\/\/fcfamalicao.org\/portal\/2014\/11\/22\/fc-famalicao-segue-em-frente-na-taca-2\/","title":{"rendered":"FC Famalic\u00e3o segue em frente na Ta\u00e7a"},"content":{"rendered":"<p><img loading=\"lazy\" decoding=\"async\" class=\"alignleft size-full wp-image-2070\" src=\"http:\/\/fcfamalicao.org\/portal\/wp-content\/uploads\/2014\/11\/14_15_0045.jpg\" alt=\"14_15_0045\" width=\"600\" height=\"125\" srcset=\"https:\/\/fcfamalicao.org\/portal\/wp-content\/uploads\/2014\/11\/14_15_0045.jpg 600w, https:\/\/fcfamalicao.org\/portal\/wp-content\/uploads\/2014\/11\/14_15_0045-300x62.jpg 300w, https:\/\/fcfamalicao.org\/portal\/wp-content\/uploads\/2014\/11\/14_15_0045-500x104.jpg 500w\" sizes=\"auto, (max-width: 600px) 100vw, 600px\" \/><br \/>\nO FC Famalic\u00e3o carimbou a passagem \u00e0 5\u00aa eliminat\u00f3ria (oitavos de final) da Ta\u00e7a de Portugal.<br \/>\nA jogar em casa, o Famalic\u00e3o goleou o Fafe com golos de M\u00e9rcio (38&#8242;), Chico (58&#8242; e 70&#8242;) e Diogo Torres (81&#8242;).<\/p>\n<p><strong>FICHA DE JOGO<\/strong><\/p>\n<p><strong>FC Famalic\u00e3o \u00a04 &#8211; 0\u00a0 AD Fafe<br \/>\n<\/strong>Ta\u00e7a de Portugal, 4\u00aa Eliminat\u00f3ria<br \/>\n22 de novembro de 2014<br \/>\nEst\u00e1dio Municipal 22 de Junho<br \/>\nHora: 15:00<br \/>\n<strong>\u00c1rbitro:<\/strong>\u00a0Andr\u00e9 Gralha (AF Santar\u00e9m)<\/p>\n<p><strong>FC FAMALIC\u00c3O:<\/strong>\u00a0Murta, Daniel, Luiz Alberto, Vila\u00e7a, Jorge Miguel, Ibraima, V\u00edtor Lima, M\u00e9rcio (Palheiras 82&#8242;), Diego Medeiros (Diogo Torres 69&#8242;), Chico (Correia 76\u2019) e Feliz<br \/>\n<strong>N\u00e3o utilizados:<\/strong>\u00a0Emanuel, Joel, Diego\u00a0e Ruben Alves<br \/>\n<strong>Treinador:<\/strong>\u00a0Daniel Ramos<\/p>\n<p><strong>AD Fafe:<\/strong>\u00a0Mar\u00e7al, Rui Herculano (Frederico Lopes 58&#8242;), Ricardo Fernandes, Xavi, Raviola (Brochado 64&#8242;), Ricardo Andr\u00e9, Silvestre Pinheiro, Jo\u00e3o Nogueira, Vasco Costa, Nuninho (Vasco Cruz 39&#8242;) e S\u00f3crates<br \/>\n<strong>N\u00e3o utilizados:<\/strong>\u00a0\u00a0Rui Lopes, Digas, Rui Filipe e Manuel Cordeiro<br \/>\n<strong>Treinador:<\/strong>\u00a0Agostinho Bento<\/p>\n<p><strong>Ao intervalo:<\/strong>\u00a01-0<br \/>\n<strong>Resultado Final:<\/strong>\u00a04-0<br \/>\n<strong>Marcadores:<\/strong>\u00a0M\u00e9rcio\u00a0(38\u2019), Chico\u00a0(59\u2018, 70&#8242;) e Diogo Torres\u00a0(80\u2019)<\/p>\n<p><strong>A\u00e7\u00e3o Disciplinar<br \/>\n<\/strong><strong>Amarelos:<\/strong><strong>\u00a0<\/strong>Rui Herculano (21&#8242;), Raviola (26&#8242;), Jorge Miguel (41&#8242;), Daniel (62&#8242;), Jo\u00e3o Nogueira (65&#8242;) e M\u00e9rcio (75&#8242;)<br \/>\n<strong>Duplos Amarelos:<\/strong>\u00a0Jorge Miguel\u00a0(73\u2019) e Jo\u00e3o Nogueira (86&#8242;)<\/p>\n<a class=\"synved-social-button synved-social-button-share synved-social-size-24 synved-social-resolution-single synved-social-provider-facebook nolightbox\" data-provider=\"facebook\" target=\"_blank\" rel=\"nofollow\" title=\"Share on Facebook\" href=\"https:\/\/www.facebook.com\/sharer.php?u=https%3A%2F%2Ffcfamalicao.org%2Fportal%2Fwp-json%2Fwp%2Fv2%2Fposts%2F2069&#038;t=FC%20Famalic%C3%A3o%20segue%20em%20frente%20na%20Ta%C3%A7a&#038;s=100&#038;p&#091;url&#093;=https%3A%2F%2Ffcfamalicao.org%2Fportal%2Fwp-json%2Fwp%2Fv2%2Fposts%2F2069&#038;p&#091;images&#093;&#091;0&#093;=http%3A%2F%2Ffcfamalicao.org%2Fportal%2Fwp-content%2Fuploads%2F2014%2F11%2F14_15_0045.jpg&#038;p&#091;title&#093;=FC%20Famalic%C3%A3o%20segue%20em%20frente%20na%20Ta%C3%A7a\" style=\"font-size: 0px;width:24px;height:24px;margin:0;margin-bottom:5px;margin-right:5px\"><img loading=\"lazy\" decoding=\"async\" alt=\"Facebook\" title=\"Share on Facebook\" class=\"synved-share-image synved-social-image synved-social-image-share\" width=\"24\" height=\"24\" style=\"display: inline;width:24px;height:24px;margin: 0;padding: 0;border: none;box-shadow: none\" src=\"https:\/\/fcfamalicao.org\/portal\/wp-content\/plugins\/social-media-feather\/synved-social\/image\/social\/regular\/48x48\/facebook.png\" \/><\/a><a class=\"synved-social-button synved-social-button-share synved-social-size-24 synved-social-resolution-single synved-social-provider-twitter nolightbox\" data-provider=\"twitter\" target=\"_blank\" rel=\"nofollow\" title=\"Share on Twitter\" href=\"https:\/\/twitter.com\/intent\/tweet?url=https%3A%2F%2Ffcfamalicao.org%2Fportal%2Fwp-json%2Fwp%2Fv2%2Fposts%2F2069&#038;text=Novidades%20%E2%80%93%20FC%20Famalic%C3%A3o%20Clube%20de%20F%C3%A3s%20Online\" style=\"font-size: 0px;width:24px;height:24px;margin:0;margin-bottom:5px\"><img loading=\"lazy\" decoding=\"async\" alt=\"twitter\" title=\"Share on Twitter\" class=\"synved-share-image synved-social-image synved-social-image-share\" width=\"24\" height=\"24\" style=\"display: inline;width:24px;height:24px;margin: 0;padding: 0;border: none;box-shadow: none\" src=\"https:\/\/fcfamalicao.org\/portal\/wp-content\/plugins\/social-media-feather\/synved-social\/image\/social\/regular\/48x48\/twitter.png\" \/><\/a><a class=\"synved-social-credit\" target=\"_blank\" rel=\"nofollow\" title=\"WordPress Social Media Feather\" href=\"http:\/\/synved.com\/wordpress-social-media-feather\/\" style=\"color:#444;text-decoration:none;font-size:8px;margin-left:5px;vertical-align:10px;white-space:nowrap\"><span>by <\/span><img loading=\"lazy\" decoding=\"async\" style=\"display: inline;margin:0;padding:0;width:16px;height:16px\" width=\"16\" height=\"16\" alt=\"feather\" src=\"https:\/\/fcfamalicao.org\/portal\/wp-content\/plugins\/social-media-feather\/synved-social\/image\/icon.png\" \/><\/a>","protected":false},"excerpt":{"rendered":"<p>O FC Famalic\u00e3o carimbou a passagem \u00e0 5\u00aa eliminat\u00f3ria (oitavos de final) da Ta\u00e7a de Portugal. A jogar em casa, o Famalic\u00e3o goleou o Fafe com golos de M\u00e9rcio (38&#8242;), Chico (58&#8242; e 70&#8242;) e Diogo Torres (81&#8242;). FICHA DE &hellip; <a href=\"https:\/\/fcfamalicao.org\/portal\/2014\/11\/22\/fc-famalicao-segue-em-frente-na-taca-2\/\">Continuar a ler <span class=\"meta-nav\">&rarr;<\/span><\/a><\/p>\n","protected":false},"author":1,"featured_media":0,"comment_status":"closed","ping_status":"closed","sticky":false,"template":"","format":"standard","meta":{"ngg_post_thumbnail":0,"footnotes":""},"categories":[2],"tags":[],"class_list":["post-2069","post","type-post","status-publish","format-standard","hentry","category-seniores"],"_links":{"self":[{"href":"https:\/\/fcfamalicao.org\/portal\/wp-json\/wp\/v2\/posts\/2069","targetHints":{"allow":["GET"]}}],"collection":[{"href":"https:\/\/fcfamalicao.org\/portal\/wp-json\/wp\/v2\/posts"}],"about":[{"href":"https:\/\/fcfamalicao.org\/portal\/wp-json\/wp\/v2\/types\/post"}],"author":[{"embeddable":true,"href":"https:\/\/fcfamalicao.org\/portal\/wp-json\/wp\/v2\/users\/1"}],"replies":[{"embeddable":true,"href":"https:\/\/fcfamalicao.org\/portal\/wp-json\/wp\/v2\/comments?post=2069"}],"version-history":[{"count":6,"href":"https:\/\/fcfamalicao.org\/portal\/wp-json\/wp\/v2\/posts\/2069\/revisions"}],"predecessor-version":[{"id":2088,"href":"https:\/\/fcfamalicao.org\/portal\/wp-json\/wp\/v2\/posts\/2069\/revisions\/2088"}],"wp:attachment":[{"href":"https:\/\/fcfamalicao.org\/portal\/wp-json\/wp\/v2\/media?parent=2069"}],"wp:term":[{"taxonomy":"category","embeddable":true,"href":"https:\/\/fcfamalicao.org\/portal\/wp-json\/wp\/v2\/categories?post=2069"},{"taxonomy":"post_tag","embeddable":true,"href":"https:\/\/fcfamalicao.org\/portal\/wp-json\/wp\/v2\/tags?post=2069"}],"curies":[{"name":"wp","href":"https:\/\/api.w.org\/{rel}","templated":true}]}}