{"id":2063,"date":"2014-11-21T23:41:19","date_gmt":"2014-11-21T22:41:19","guid":{"rendered":"http:\/\/fcfamalicao.org\/portal\/?p=2063"},"modified":"2014-11-21T23:48:55","modified_gmt":"2014-11-21T22:48:55","slug":"fcfamalicao-vs-ad-fafe","status":"publish","type":"post","link":"https:\/\/fcfamalicao.org\/portal\/2014\/11\/21\/fcfamalicao-vs-ad-fafe\/","title":{"rendered":"FC Famalic\u00e3o Vs AD Fafe"},"content":{"rendered":"<p style=\"text-align: justify;\"><img loading=\"lazy\" decoding=\"async\" class=\"alignleft size-full wp-image-2064\" src=\"http:\/\/fcfamalicao.org\/portal\/wp-content\/uploads\/2014\/11\/14_15_0044.jpg\" alt=\"14_15_0044\" width=\"600\" height=\"345\" srcset=\"https:\/\/fcfamalicao.org\/portal\/wp-content\/uploads\/2014\/11\/14_15_0044.jpg 600w, https:\/\/fcfamalicao.org\/portal\/wp-content\/uploads\/2014\/11\/14_15_0044-300x172.jpg 300w, https:\/\/fcfamalicao.org\/portal\/wp-content\/uploads\/2014\/11\/14_15_0044-500x287.jpg 500w\" sizes=\"auto, (max-width: 600px) 100vw, 600px\" \/><br \/>\nAmanh\u00e3 22 de novembro, o FC Famalic\u00e3o recebe o AD Fafe para mais uma eliminat\u00f3ria da Ta\u00e7a de Portugal. O encontro tem lugar no Municipal 22 de Junho pelas 15 horas.<br \/>\nEsta \u00e9 uma partida que todos os famalicenses esperam seja a viragem para ataque aos bons resultados que nos t\u00eam fugido.<br \/>\nCom uni\u00e3o e determina\u00e7\u00e3o venceremos.<br \/>\n<em>Unidos Venceremos pois Orgulhosos Continuaremos.<\/em><\/p>\n<a class=\"synved-social-button synved-social-button-share synved-social-size-24 synved-social-resolution-single synved-social-provider-facebook nolightbox\" data-provider=\"facebook\" target=\"_blank\" rel=\"nofollow\" title=\"Share on Facebook\" href=\"https:\/\/www.facebook.com\/sharer.php?u=https%3A%2F%2Ffcfamalicao.org%2Fportal%2Fwp-json%2Fwp%2Fv2%2Fposts%2F2063&#038;t=FC%20Famalic%C3%A3o%20Vs%20AD%20Fafe&#038;s=100&#038;p&#091;url&#093;=https%3A%2F%2Ffcfamalicao.org%2Fportal%2Fwp-json%2Fwp%2Fv2%2Fposts%2F2063&#038;p&#091;images&#093;&#091;0&#093;=http%3A%2F%2Ffcfamalicao.org%2Fportal%2Fwp-content%2Fuploads%2F2014%2F11%2F14_15_0044.jpg&#038;p&#091;title&#093;=FC%20Famalic%C3%A3o%20Vs%20AD%20Fafe\" style=\"font-size: 0px;width:24px;height:24px;margin:0;margin-bottom:5px;margin-right:5px\"><img loading=\"lazy\" decoding=\"async\" alt=\"Facebook\" title=\"Share on Facebook\" class=\"synved-share-image synved-social-image synved-social-image-share\" width=\"24\" height=\"24\" style=\"display: inline;width:24px;height:24px;margin: 0;padding: 0;border: none;box-shadow: none\" src=\"https:\/\/fcfamalicao.org\/portal\/wp-content\/plugins\/social-media-feather\/synved-social\/image\/social\/regular\/48x48\/facebook.png\" \/><\/a><a class=\"synved-social-button synved-social-button-share synved-social-size-24 synved-social-resolution-single synved-social-provider-twitter nolightbox\" data-provider=\"twitter\" target=\"_blank\" rel=\"nofollow\" title=\"Share on Twitter\" href=\"https:\/\/twitter.com\/intent\/tweet?url=https%3A%2F%2Ffcfamalicao.org%2Fportal%2Fwp-json%2Fwp%2Fv2%2Fposts%2F2063&#038;text=Novidades%20%E2%80%93%20FC%20Famalic%C3%A3o%20Clube%20de%20F%C3%A3s%20Online\" style=\"font-size: 0px;width:24px;height:24px;margin:0;margin-bottom:5px\"><img loading=\"lazy\" decoding=\"async\" alt=\"twitter\" title=\"Share on Twitter\" class=\"synved-share-image synved-social-image synved-social-image-share\" width=\"24\" height=\"24\" style=\"display: inline;width:24px;height:24px;margin: 0;padding: 0;border: none;box-shadow: none\" src=\"https:\/\/fcfamalicao.org\/portal\/wp-content\/plugins\/social-media-feather\/synved-social\/image\/social\/regular\/48x48\/twitter.png\" \/><\/a><a class=\"synved-social-credit\" target=\"_blank\" rel=\"nofollow\" title=\"WordPress Social Media Feather\" href=\"http:\/\/synved.com\/wordpress-social-media-feather\/\" style=\"color:#444;text-decoration:none;font-size:8px;margin-left:5px;vertical-align:10px;white-space:nowrap\"><span>by <\/span><img loading=\"lazy\" decoding=\"async\" style=\"display: inline;margin:0;padding:0;width:16px;height:16px\" width=\"16\" height=\"16\" alt=\"feather\" src=\"https:\/\/fcfamalicao.org\/portal\/wp-content\/plugins\/social-media-feather\/synved-social\/image\/icon.png\" \/><\/a>","protected":false},"excerpt":{"rendered":"<p>Amanh\u00e3 22 de novembro, o FC Famalic\u00e3o recebe o AD Fafe para mais uma eliminat\u00f3ria da Ta\u00e7a de Portugal. O encontro tem lugar no Municipal 22 de Junho pelas 15 horas. Esta \u00e9 uma partida que todos os famalicenses esperam &hellip; <a href=\"https:\/\/fcfamalicao.org\/portal\/2014\/11\/21\/fcfamalicao-vs-ad-fafe\/\">Continuar a ler <span class=\"meta-nav\">&rarr;<\/span><\/a><\/p>\n","protected":false},"author":1,"featured_media":0,"comment_status":"closed","ping_status":"closed","sticky":false,"template":"","format":"standard","meta":{"ngg_post_thumbnail":0,"footnotes":""},"categories":[2],"tags":[],"class_list":["post-2063","post","type-post","status-publish","format-standard","hentry","category-seniores"],"_links":{"self":[{"href":"https:\/\/fcfamalicao.org\/portal\/wp-json\/wp\/v2\/posts\/2063","targetHints":{"allow":["GET"]}}],"collection":[{"href":"https:\/\/fcfamalicao.org\/portal\/wp-json\/wp\/v2\/posts"}],"about":[{"href":"https:\/\/fcfamalicao.org\/portal\/wp-json\/wp\/v2\/types\/post"}],"author":[{"embeddable":true,"href":"https:\/\/fcfamalicao.org\/portal\/wp-json\/wp\/v2\/users\/1"}],"replies":[{"embeddable":true,"href":"https:\/\/fcfamalicao.org\/portal\/wp-json\/wp\/v2\/comments?post=2063"}],"version-history":[{"count":2,"href":"https:\/\/fcfamalicao.org\/portal\/wp-json\/wp\/v2\/posts\/2063\/revisions"}],"predecessor-version":[{"id":2066,"href":"https:\/\/fcfamalicao.org\/portal\/wp-json\/wp\/v2\/posts\/2063\/revisions\/2066"}],"wp:attachment":[{"href":"https:\/\/fcfamalicao.org\/portal\/wp-json\/wp\/v2\/media?parent=2063"}],"wp:term":[{"taxonomy":"category","embeddable":true,"href":"https:\/\/fcfamalicao.org\/portal\/wp-json\/wp\/v2\/categories?post=2063"},{"taxonomy":"post_tag","embeddable":true,"href":"https:\/\/fcfamalicao.org\/portal\/wp-json\/wp\/v2\/tags?post=2063"}],"curies":[{"name":"wp","href":"https:\/\/api.w.org\/{rel}","templated":true}]}}