{"id":2031,"date":"2014-11-02T20:58:08","date_gmt":"2014-11-02T19:58:08","guid":{"rendered":"http:\/\/fcfamalicao.org\/portal\/?p=2031"},"modified":"2014-11-02T20:58:08","modified_gmt":"2014-11-02T19:58:08","slug":"famalicao-perde-encontro-e-lideranca","status":"publish","type":"post","link":"https:\/\/fcfamalicao.org\/portal\/2014\/11\/02\/famalicao-perde-encontro-e-lideranca\/","title":{"rendered":"Famalic\u00e3o perde encontro e lideran\u00e7a"},"content":{"rendered":"<p style=\"text-align: justify;\">O FC Famalic\u00e3o perdeu o encontro desta tarde frente ao Varzim por duas bolas a zero.<br \/>\nAl\u00e9m do desaire o FC Famalic\u00e3o viu-se atirado para a terceira posi\u00e7\u00e3o \u00a0em igualdade pontual com a segundo mas a dois pontos do primeiro que \u00e9 agora o Vizela.<br \/>\n<strong>Pr\u00f3ximo encontro mais um d\u00e9rbi concelhio, o FC Famalic\u00e3o recebe a AD Oliveirense.<\/strong><br \/>\n<em>Orgulhosos Continuaremos!<br \/>\n<img loading=\"lazy\" decoding=\"async\" class=\"alignleft size-full wp-image-2032\" src=\"http:\/\/fcfamalicao.org\/portal\/wp-content\/uploads\/2014\/11\/14_15_0040.jpg\" alt=\"14_15_0040\" width=\"600\" height=\"125\" srcset=\"https:\/\/fcfamalicao.org\/portal\/wp-content\/uploads\/2014\/11\/14_15_0040.jpg 600w, https:\/\/fcfamalicao.org\/portal\/wp-content\/uploads\/2014\/11\/14_15_0040-300x62.jpg 300w, https:\/\/fcfamalicao.org\/portal\/wp-content\/uploads\/2014\/11\/14_15_0040-500x104.jpg 500w\" sizes=\"auto, (max-width: 600px) 100vw, 600px\" \/><\/p>\n<p><\/em><\/p>\n<p style=\"text-align: justify;\">\n<p style=\"text-align: justify;\">\n<p><strong>FICHA DE JOGO<\/strong><br \/>\n<strong>Varzim SC\u00a0 2-0\u00a0 FC Famalic\u00e3o<br \/>\n<\/strong>CNS \u2013 S\u00e9rie B, 8\u00aa jornada<br \/>\n2 de novembro de 2014<br \/>\nEst\u00e1dio do Varzim \u2013 P\u00f3voa de Varzim<br \/>\nHora: 15:00<br \/>\n<strong>\u00c1rbitro:<\/strong>\u00a0Rui Silva (AF Vila Real)<\/p>\n<p><strong>VARZIM SC:<\/strong>\u00a0Pedro Soares, Tiago Lopes, Sandro, Raul, Nelsinho (S\u00e9rgio Organista 82\u2019), Cervantes (Bijou 60\u2019), Pedro S\u00e1, Nelson Agra, Amilton, Diego Mour\u00e3o e Rui Coentr\u00e3o (Pedro Mendes 77\u2019)<br \/>\n<strong>N\u00e3o utilizados:<\/strong>\u00a0Ricardo, Telmo, Tanela e Vitor Hugo.<br \/>\n<strong>Treinador:<\/strong>\u00a0Vitor Paneira<\/p>\n<p><strong>FC FAMALIC\u00c3O:<\/strong>\u00a0Armando, Daniel (Diogo Torres76\u2019), Vila\u00e7a, Luiz Alberto, Jo\u00e3o Pedro Santos, Ibraima M\u00e9rcio, Vitor Lima, Diego Medeiros (Chico 68\u2019), Jo\u00e3o Paulo (Correia 87\u2019) e Feliz.<br \/>\n<strong>N\u00e3o utilizados:<\/strong>\u00a0Emanuel, Silv\u00e9rio, Joel e Diego.<br \/>\n<strong>Treinador:<\/strong>\u00a0Daniel Ramos<\/p>\n<p><strong>\u00a0<\/strong><strong>Ao intervalo:<\/strong>\u00a01-0<br \/>\n<strong>Resultado Final:<\/strong> 2-0<br \/>\n<strong>Marcadores:<\/strong>\u00a0Diego Mour\u00e3o (43\u2019) e Amilton (62\u2019)<\/p>\n<p><strong>A\u00e7\u00e3o Disciplinar<br \/>\n<\/strong><strong>Amarelos: <\/strong>Jo\u00e3o Paulo (12\u2019), Sandro (15\u2019), Feliz (41\u2019) e Pedro S\u00e1 (55\u2019)<\/p>\n<a class=\"synved-social-button synved-social-button-share synved-social-size-24 synved-social-resolution-single synved-social-provider-facebook nolightbox\" data-provider=\"facebook\" target=\"_blank\" rel=\"nofollow\" title=\"Share on Facebook\" href=\"https:\/\/www.facebook.com\/sharer.php?u=https%3A%2F%2Ffcfamalicao.org%2Fportal%2Fwp-json%2Fwp%2Fv2%2Fposts%2F2031&#038;t=Famalic%C3%A3o%20perde%20encontro%20e%20lideran%C3%A7a&#038;s=100&#038;p&#091;url&#093;=https%3A%2F%2Ffcfamalicao.org%2Fportal%2Fwp-json%2Fwp%2Fv2%2Fposts%2F2031&#038;p&#091;images&#093;&#091;0&#093;=http%3A%2F%2Ffcfamalicao.org%2Fportal%2Fwp-content%2Fuploads%2F2014%2F11%2F14_15_0040.jpg&#038;p&#091;title&#093;=Famalic%C3%A3o%20perde%20encontro%20e%20lideran%C3%A7a\" style=\"font-size: 0px;width:24px;height:24px;margin:0;margin-bottom:5px;margin-right:5px\"><img loading=\"lazy\" decoding=\"async\" alt=\"Facebook\" title=\"Share on Facebook\" class=\"synved-share-image synved-social-image synved-social-image-share\" width=\"24\" height=\"24\" style=\"display: inline;width:24px;height:24px;margin: 0;padding: 0;border: none;box-shadow: none\" src=\"https:\/\/fcfamalicao.org\/portal\/wp-content\/plugins\/social-media-feather\/synved-social\/image\/social\/regular\/48x48\/facebook.png\" \/><\/a><a class=\"synved-social-button synved-social-button-share synved-social-size-24 synved-social-resolution-single synved-social-provider-twitter nolightbox\" data-provider=\"twitter\" target=\"_blank\" rel=\"nofollow\" title=\"Share on Twitter\" href=\"https:\/\/twitter.com\/intent\/tweet?url=https%3A%2F%2Ffcfamalicao.org%2Fportal%2Fwp-json%2Fwp%2Fv2%2Fposts%2F2031&#038;text=Novidades%20%E2%80%93%20FC%20Famalic%C3%A3o%20Clube%20de%20F%C3%A3s%20Online\" style=\"font-size: 0px;width:24px;height:24px;margin:0;margin-bottom:5px\"><img loading=\"lazy\" decoding=\"async\" alt=\"twitter\" title=\"Share on Twitter\" class=\"synved-share-image synved-social-image synved-social-image-share\" width=\"24\" height=\"24\" style=\"display: inline;width:24px;height:24px;margin: 0;padding: 0;border: none;box-shadow: none\" src=\"https:\/\/fcfamalicao.org\/portal\/wp-content\/plugins\/social-media-feather\/synved-social\/image\/social\/regular\/48x48\/twitter.png\" \/><\/a><a class=\"synved-social-credit\" target=\"_blank\" rel=\"nofollow\" title=\"WordPress Social Media Feather\" href=\"http:\/\/synved.com\/wordpress-social-media-feather\/\" style=\"color:#444;text-decoration:none;font-size:8px;margin-left:5px;vertical-align:10px;white-space:nowrap\"><span>by <\/span><img loading=\"lazy\" decoding=\"async\" style=\"display: inline;margin:0;padding:0;width:16px;height:16px\" width=\"16\" height=\"16\" alt=\"feather\" src=\"https:\/\/fcfamalicao.org\/portal\/wp-content\/plugins\/social-media-feather\/synved-social\/image\/icon.png\" \/><\/a>","protected":false},"excerpt":{"rendered":"<p>O FC Famalic\u00e3o perdeu o encontro desta tarde frente ao Varzim por duas bolas a zero. Al\u00e9m do desaire o FC Famalic\u00e3o viu-se atirado para a terceira posi\u00e7\u00e3o \u00a0em igualdade pontual com a segundo mas a dois pontos do primeiro &hellip; <a href=\"https:\/\/fcfamalicao.org\/portal\/2014\/11\/02\/famalicao-perde-encontro-e-lideranca\/\">Continuar a ler <span class=\"meta-nav\">&rarr;<\/span><\/a><\/p>\n","protected":false},"author":1,"featured_media":0,"comment_status":"closed","ping_status":"closed","sticky":false,"template":"","format":"standard","meta":{"ngg_post_thumbnail":0,"footnotes":""},"categories":[2],"tags":[],"class_list":["post-2031","post","type-post","status-publish","format-standard","hentry","category-seniores"],"_links":{"self":[{"href":"https:\/\/fcfamalicao.org\/portal\/wp-json\/wp\/v2\/posts\/2031","targetHints":{"allow":["GET"]}}],"collection":[{"href":"https:\/\/fcfamalicao.org\/portal\/wp-json\/wp\/v2\/posts"}],"about":[{"href":"https:\/\/fcfamalicao.org\/portal\/wp-json\/wp\/v2\/types\/post"}],"author":[{"embeddable":true,"href":"https:\/\/fcfamalicao.org\/portal\/wp-json\/wp\/v2\/users\/1"}],"replies":[{"embeddable":true,"href":"https:\/\/fcfamalicao.org\/portal\/wp-json\/wp\/v2\/comments?post=2031"}],"version-history":[{"count":1,"href":"https:\/\/fcfamalicao.org\/portal\/wp-json\/wp\/v2\/posts\/2031\/revisions"}],"predecessor-version":[{"id":2033,"href":"https:\/\/fcfamalicao.org\/portal\/wp-json\/wp\/v2\/posts\/2031\/revisions\/2033"}],"wp:attachment":[{"href":"https:\/\/fcfamalicao.org\/portal\/wp-json\/wp\/v2\/media?parent=2031"}],"wp:term":[{"taxonomy":"category","embeddable":true,"href":"https:\/\/fcfamalicao.org\/portal\/wp-json\/wp\/v2\/categories?post=2031"},{"taxonomy":"post_tag","embeddable":true,"href":"https:\/\/fcfamalicao.org\/portal\/wp-json\/wp\/v2\/tags?post=2031"}],"curies":[{"name":"wp","href":"https:\/\/api.w.org\/{rel}","templated":true}]}}