{"id":2014,"date":"2014-10-27T20:45:25","date_gmt":"2014-10-27T19:45:25","guid":{"rendered":"http:\/\/fcfamalicao.org\/portal\/?p=2014"},"modified":"2014-10-27T20:46:08","modified_gmt":"2014-10-27T19:46:08","slug":"famalicao-vence-santa-eulalia","status":"publish","type":"post","link":"https:\/\/fcfamalicao.org\/portal\/2014\/10\/27\/famalicao-vence-santa-eulalia\/","title":{"rendered":"Famalic\u00e3o vence Santa Eul\u00e1lia"},"content":{"rendered":"<p>No encontro referente \u00e0 7\u00aa jornada do CNS\u00a0o\u00a0FC Famalic\u00e3o recebeu e venceu o\u00a0Santa Eul\u00e1lia por 2-1.<br \/>\nCom esta vit\u00f3ria o Famalic\u00e3o continua a liderar a tabela com 17 pontos.<br \/>\nNa pr\u00f3xima jornada,\u00a02 de novembro, o Famalic\u00e3o desloca-se at\u00e9 \u00e0 P\u00f3voa de Varzim onde ir\u00e1 defrontar o Varzim SC.<br \/>\n<img loading=\"lazy\" decoding=\"async\" class=\"alignleft size-full wp-image-2015\" src=\"http:\/\/fcfamalicao.org\/portal\/wp-content\/uploads\/2014\/10\/14_15_0038.jpg\" alt=\"14_15_0038\" width=\"600\" height=\"125\" srcset=\"https:\/\/fcfamalicao.org\/portal\/wp-content\/uploads\/2014\/10\/14_15_0038.jpg 600w, https:\/\/fcfamalicao.org\/portal\/wp-content\/uploads\/2014\/10\/14_15_0038-300x62.jpg 300w, https:\/\/fcfamalicao.org\/portal\/wp-content\/uploads\/2014\/10\/14_15_0038-500x104.jpg 500w\" sizes=\"auto, (max-width: 600px) 100vw, 600px\" \/><\/p>\n<p>&nbsp;<\/p>\n<p><strong>FICHA DE JOGO<\/strong><br \/>\n<strong>FC Famalic\u00e3o\u00a0 2 &#8211; 1\u00a0 Santa Eul\u00e1lia<br \/>\n<\/strong>CNS-S\u00e9rie B, 7\u00aa Jornada<br \/>\n26 de outubro de 2014<br \/>\nEst\u00e1dio Municipal 22 de Junho<br \/>\nHora: 16:00<br \/>\n<strong>\u00c1rbitro:<\/strong>\u00a0Albano Correia (AF Braga)<\/p>\n<p><strong>FC FAMALIC\u00c3O:<\/strong>\u00a0Armando, Daniel, Luiz Alberto, Vila\u00e7a, Jo\u00e3o Pedro, Ibraima, V\u00edtor Lima (Chico 57\u2019), M\u00e9rcio, Diego Medeiros (Diego 88\u2019), Jo\u00e3o Paulo (Moreira 71\u2019) e Feliz<br \/>\n<strong>N\u00e3o utilizados:<\/strong>\u00a0Emanuel, Joel, Silv\u00e9rio e Ruben Alves<br \/>\n<strong>Treinador:<\/strong>\u00a0Daniel Ramos<\/p>\n<p><strong>SANTA EUL\u00c1LIA:<\/strong>\u00a0Ferreira, \u00c9lvis, Bas\u00edlio, \u00c9lio, Armando Pinto, Marquinho, Nelson (Costinha 82\u2019), Andr\u00e9 Cunha, Carlitos (Filipe Magalh\u00e3es 71\u2019), In\u00e1cio e Ruben Moreira (H\u00e9lder 82\u2019)<br \/>\n<strong>N\u00e3o utilizados:<\/strong>\u00a0 Espinha, Jo\u00e3o Leite, Jo\u00e3o Pedro e Tiago Monteiro<br \/>\n<strong>Treinador:<\/strong>\u00a0Jo\u00e3o Coelho<\/p>\n<p><strong>\u00a0<\/strong><strong>Ao intervalo:<\/strong>\u00a00-0<br \/>\n<strong>Resultado Final:<\/strong> 2-1<br \/>\n<strong>Marcadores:<\/strong>\u00a0Jo\u00e3o Paulo (56\u2019), Ibraima (66\u2018) e Andr\u00e9 Cunha (73\u2019 GP)<\/p>\n<p><strong>\u00a0<\/strong><strong>A\u00e7\u00e3o Disciplinar<br \/>\n<\/strong><strong>Amarelos:<\/strong><strong>\u00a0<\/strong>Feliz (9\u2019), Diego Medeiros(17\u2019), Jo\u00e3o Paulo (21\u2019), Marquinho (47\u2019), In\u00e1cio (57\u2019), N\u00e9lson (65\u2019), Bas\u00edlio (68\u2019), Andr\u00e9 Cunha (69\u2019)<br \/>\n<strong>Duplos Amarelos:<\/strong>\u00a0Andr\u00e9 Cunha (77\u2019)<br \/>\n<strong>Vermelhos:<\/strong>\u00a0\u00c9lio (10\u2019)<\/p>\n<a class=\"synved-social-button synved-social-button-share synved-social-size-24 synved-social-resolution-single synved-social-provider-facebook nolightbox\" data-provider=\"facebook\" target=\"_blank\" rel=\"nofollow\" title=\"Share on Facebook\" href=\"https:\/\/www.facebook.com\/sharer.php?u=https%3A%2F%2Ffcfamalicao.org%2Fportal%2Fwp-json%2Fwp%2Fv2%2Fposts%2F2014&#038;t=Famalic%C3%A3o%20vence%20Santa%20Eul%C3%A1lia&#038;s=100&#038;p&#091;url&#093;=https%3A%2F%2Ffcfamalicao.org%2Fportal%2Fwp-json%2Fwp%2Fv2%2Fposts%2F2014&#038;p&#091;images&#093;&#091;0&#093;=http%3A%2F%2Ffcfamalicao.org%2Fportal%2Fwp-content%2Fuploads%2F2014%2F10%2F14_15_0038.jpg&#038;p&#091;title&#093;=Famalic%C3%A3o%20vence%20Santa%20Eul%C3%A1lia\" style=\"font-size: 0px;width:24px;height:24px;margin:0;margin-bottom:5px;margin-right:5px\"><img loading=\"lazy\" decoding=\"async\" alt=\"Facebook\" title=\"Share on Facebook\" class=\"synved-share-image synved-social-image synved-social-image-share\" width=\"24\" height=\"24\" style=\"display: inline;width:24px;height:24px;margin: 0;padding: 0;border: none;box-shadow: none\" src=\"https:\/\/fcfamalicao.org\/portal\/wp-content\/plugins\/social-media-feather\/synved-social\/image\/social\/regular\/48x48\/facebook.png\" \/><\/a><a class=\"synved-social-button synved-social-button-share synved-social-size-24 synved-social-resolution-single synved-social-provider-twitter nolightbox\" data-provider=\"twitter\" target=\"_blank\" rel=\"nofollow\" title=\"Share on Twitter\" href=\"https:\/\/twitter.com\/intent\/tweet?url=https%3A%2F%2Ffcfamalicao.org%2Fportal%2Fwp-json%2Fwp%2Fv2%2Fposts%2F2014&#038;text=Novidades%20%E2%80%93%20FC%20Famalic%C3%A3o%20Clube%20de%20F%C3%A3s%20Online\" style=\"font-size: 0px;width:24px;height:24px;margin:0;margin-bottom:5px\"><img loading=\"lazy\" decoding=\"async\" alt=\"twitter\" title=\"Share on Twitter\" class=\"synved-share-image synved-social-image synved-social-image-share\" width=\"24\" height=\"24\" style=\"display: inline;width:24px;height:24px;margin: 0;padding: 0;border: none;box-shadow: none\" src=\"https:\/\/fcfamalicao.org\/portal\/wp-content\/plugins\/social-media-feather\/synved-social\/image\/social\/regular\/48x48\/twitter.png\" \/><\/a><a class=\"synved-social-credit\" target=\"_blank\" rel=\"nofollow\" title=\"WordPress Social Media Feather\" href=\"http:\/\/synved.com\/wordpress-social-media-feather\/\" style=\"color:#444;text-decoration:none;font-size:8px;margin-left:5px;vertical-align:10px;white-space:nowrap\"><span>by <\/span><img loading=\"lazy\" decoding=\"async\" style=\"display: inline;margin:0;padding:0;width:16px;height:16px\" width=\"16\" height=\"16\" alt=\"feather\" src=\"https:\/\/fcfamalicao.org\/portal\/wp-content\/plugins\/social-media-feather\/synved-social\/image\/icon.png\" \/><\/a>","protected":false},"excerpt":{"rendered":"<p>No encontro referente \u00e0 7\u00aa jornada do CNS\u00a0o\u00a0FC Famalic\u00e3o recebeu e venceu o\u00a0Santa Eul\u00e1lia por 2-1. Com esta vit\u00f3ria o Famalic\u00e3o continua a liderar a tabela com 17 pontos. Na pr\u00f3xima jornada,\u00a02 de novembro, o Famalic\u00e3o desloca-se at\u00e9 \u00e0 P\u00f3voa &hellip; <a href=\"https:\/\/fcfamalicao.org\/portal\/2014\/10\/27\/famalicao-vence-santa-eulalia\/\">Continuar a ler <span class=\"meta-nav\">&rarr;<\/span><\/a><\/p>\n","protected":false},"author":1,"featured_media":0,"comment_status":"closed","ping_status":"closed","sticky":false,"template":"","format":"standard","meta":{"ngg_post_thumbnail":0,"footnotes":""},"categories":[2],"tags":[],"class_list":["post-2014","post","type-post","status-publish","format-standard","hentry","category-seniores"],"_links":{"self":[{"href":"https:\/\/fcfamalicao.org\/portal\/wp-json\/wp\/v2\/posts\/2014","targetHints":{"allow":["GET"]}}],"collection":[{"href":"https:\/\/fcfamalicao.org\/portal\/wp-json\/wp\/v2\/posts"}],"about":[{"href":"https:\/\/fcfamalicao.org\/portal\/wp-json\/wp\/v2\/types\/post"}],"author":[{"embeddable":true,"href":"https:\/\/fcfamalicao.org\/portal\/wp-json\/wp\/v2\/users\/1"}],"replies":[{"embeddable":true,"href":"https:\/\/fcfamalicao.org\/portal\/wp-json\/wp\/v2\/comments?post=2014"}],"version-history":[{"count":2,"href":"https:\/\/fcfamalicao.org\/portal\/wp-json\/wp\/v2\/posts\/2014\/revisions"}],"predecessor-version":[{"id":2017,"href":"https:\/\/fcfamalicao.org\/portal\/wp-json\/wp\/v2\/posts\/2014\/revisions\/2017"}],"wp:attachment":[{"href":"https:\/\/fcfamalicao.org\/portal\/wp-json\/wp\/v2\/media?parent=2014"}],"wp:term":[{"taxonomy":"category","embeddable":true,"href":"https:\/\/fcfamalicao.org\/portal\/wp-json\/wp\/v2\/categories?post=2014"},{"taxonomy":"post_tag","embeddable":true,"href":"https:\/\/fcfamalicao.org\/portal\/wp-json\/wp\/v2\/tags?post=2014"}],"curies":[{"name":"wp","href":"https:\/\/api.w.org\/{rel}","templated":true}]}}