{"id":1982,"date":"2014-10-24T23:40:38","date_gmt":"2014-10-24T22:40:38","guid":{"rendered":"http:\/\/fcfamalicao.org\/portal\/?p=1982"},"modified":"2014-10-24T23:40:38","modified_gmt":"2014-10-24T22:40:38","slug":"fc-famalicao-vs-santa-eulalia","status":"publish","type":"post","link":"https:\/\/fcfamalicao.org\/portal\/2014\/10\/24\/fc-famalicao-vs-santa-eulalia\/","title":{"rendered":"FC Famalic\u00e3o Vs Santa Eul\u00e1lia"},"content":{"rendered":"<p style=\"text-align: justify;\">Depois da vit\u00f3ria na Ta\u00e7a de Portugal o FC Famalic\u00e3o recebe este domingo, dia 26 de outubro pelas 16:00 horas, no Municipal 22 de Junho, a forma\u00e7\u00e3o do Santa Eul\u00e1lia.<br \/>\nEm jogos oficiais os clubes defrontaram-se 2 vezes no Campeonato AF Braga Divis\u00e3o de Honra, sendo que na altura o Santa Eul\u00e1lia provocou uma enorme surpresa ao vencer em Famalic\u00e3o por uma bola a zero.<br \/>\nS\u00f3 com grande determina\u00e7\u00e3o e sentido de uni\u00e3o \u00e9 que poderemos levar de vencida a aguerrida turma do Santa Eul\u00e1lia.<br \/>\n<em>Unidos venceremos e Orgulhosos Continuaremos!<br \/>\n<img loading=\"lazy\" decoding=\"async\" class=\"alignleft size-full wp-image-1983\" src=\"http:\/\/fcfamalicao.org\/portal\/wp-content\/uploads\/2014\/10\/14_15_0037.jpg\" alt=\"14_15_0037\" width=\"600\" height=\"300\" srcset=\"https:\/\/fcfamalicao.org\/portal\/wp-content\/uploads\/2014\/10\/14_15_0037.jpg 600w, https:\/\/fcfamalicao.org\/portal\/wp-content\/uploads\/2014\/10\/14_15_0037-300x150.jpg 300w, https:\/\/fcfamalicao.org\/portal\/wp-content\/uploads\/2014\/10\/14_15_0037-500x250.jpg 500w\" sizes=\"auto, (max-width: 600px) 100vw, 600px\" \/><br \/>\n<\/em><\/p>\n<a class=\"synved-social-button synved-social-button-share synved-social-size-24 synved-social-resolution-single synved-social-provider-facebook nolightbox\" data-provider=\"facebook\" target=\"_blank\" rel=\"nofollow\" title=\"Share on Facebook\" href=\"https:\/\/www.facebook.com\/sharer.php?u=https%3A%2F%2Ffcfamalicao.org%2Fportal%2Fwp-json%2Fwp%2Fv2%2Fposts%2F1982&#038;t=FC%20Famalic%C3%A3o%20Vs%20Santa%20Eul%C3%A1lia&#038;s=100&#038;p&#091;url&#093;=https%3A%2F%2Ffcfamalicao.org%2Fportal%2Fwp-json%2Fwp%2Fv2%2Fposts%2F1982&#038;p&#091;images&#093;&#091;0&#093;=http%3A%2F%2Ffcfamalicao.org%2Fportal%2Fwp-content%2Fuploads%2F2014%2F10%2F14_15_0037.jpg&#038;p&#091;title&#093;=FC%20Famalic%C3%A3o%20Vs%20Santa%20Eul%C3%A1lia\" style=\"font-size: 0px;width:24px;height:24px;margin:0;margin-bottom:5px;margin-right:5px\"><img loading=\"lazy\" decoding=\"async\" alt=\"Facebook\" title=\"Share on Facebook\" class=\"synved-share-image synved-social-image synved-social-image-share\" width=\"24\" height=\"24\" style=\"display: inline;width:24px;height:24px;margin: 0;padding: 0;border: none;box-shadow: none\" src=\"https:\/\/fcfamalicao.org\/portal\/wp-content\/plugins\/social-media-feather\/synved-social\/image\/social\/regular\/48x48\/facebook.png\" \/><\/a><a class=\"synved-social-button synved-social-button-share synved-social-size-24 synved-social-resolution-single synved-social-provider-twitter nolightbox\" data-provider=\"twitter\" target=\"_blank\" rel=\"nofollow\" title=\"Share on Twitter\" href=\"https:\/\/twitter.com\/intent\/tweet?url=https%3A%2F%2Ffcfamalicao.org%2Fportal%2Fwp-json%2Fwp%2Fv2%2Fposts%2F1982&#038;text=Novidades%20%E2%80%93%20FC%20Famalic%C3%A3o%20Clube%20de%20F%C3%A3s%20Online\" style=\"font-size: 0px;width:24px;height:24px;margin:0;margin-bottom:5px\"><img loading=\"lazy\" decoding=\"async\" alt=\"twitter\" title=\"Share on Twitter\" class=\"synved-share-image synved-social-image synved-social-image-share\" width=\"24\" height=\"24\" style=\"display: inline;width:24px;height:24px;margin: 0;padding: 0;border: none;box-shadow: none\" src=\"https:\/\/fcfamalicao.org\/portal\/wp-content\/plugins\/social-media-feather\/synved-social\/image\/social\/regular\/48x48\/twitter.png\" \/><\/a><a class=\"synved-social-credit\" target=\"_blank\" rel=\"nofollow\" title=\"WordPress Social Media Feather\" href=\"http:\/\/synved.com\/wordpress-social-media-feather\/\" style=\"color:#444;text-decoration:none;font-size:8px;margin-left:5px;vertical-align:10px;white-space:nowrap\"><span>by <\/span><img loading=\"lazy\" decoding=\"async\" style=\"display: inline;margin:0;padding:0;width:16px;height:16px\" width=\"16\" height=\"16\" alt=\"feather\" src=\"https:\/\/fcfamalicao.org\/portal\/wp-content\/plugins\/social-media-feather\/synved-social\/image\/icon.png\" \/><\/a>","protected":false},"excerpt":{"rendered":"<p>Depois da vit\u00f3ria na Ta\u00e7a de Portugal o FC Famalic\u00e3o recebe este domingo, dia 26 de outubro pelas 16:00 horas, no Municipal 22 de Junho, a forma\u00e7\u00e3o do Santa Eul\u00e1lia. Em jogos oficiais os clubes defrontaram-se 2 vezes no Campeonato &hellip; <a href=\"https:\/\/fcfamalicao.org\/portal\/2014\/10\/24\/fc-famalicao-vs-santa-eulalia\/\">Continuar a ler <span class=\"meta-nav\">&rarr;<\/span><\/a><\/p>\n","protected":false},"author":1,"featured_media":0,"comment_status":"closed","ping_status":"closed","sticky":false,"template":"","format":"standard","meta":{"ngg_post_thumbnail":0,"footnotes":""},"categories":[2],"tags":[],"class_list":["post-1982","post","type-post","status-publish","format-standard","hentry","category-seniores"],"_links":{"self":[{"href":"https:\/\/fcfamalicao.org\/portal\/wp-json\/wp\/v2\/posts\/1982","targetHints":{"allow":["GET"]}}],"collection":[{"href":"https:\/\/fcfamalicao.org\/portal\/wp-json\/wp\/v2\/posts"}],"about":[{"href":"https:\/\/fcfamalicao.org\/portal\/wp-json\/wp\/v2\/types\/post"}],"author":[{"embeddable":true,"href":"https:\/\/fcfamalicao.org\/portal\/wp-json\/wp\/v2\/users\/1"}],"replies":[{"embeddable":true,"href":"https:\/\/fcfamalicao.org\/portal\/wp-json\/wp\/v2\/comments?post=1982"}],"version-history":[{"count":1,"href":"https:\/\/fcfamalicao.org\/portal\/wp-json\/wp\/v2\/posts\/1982\/revisions"}],"predecessor-version":[{"id":1984,"href":"https:\/\/fcfamalicao.org\/portal\/wp-json\/wp\/v2\/posts\/1982\/revisions\/1984"}],"wp:attachment":[{"href":"https:\/\/fcfamalicao.org\/portal\/wp-json\/wp\/v2\/media?parent=1982"}],"wp:term":[{"taxonomy":"category","embeddable":true,"href":"https:\/\/fcfamalicao.org\/portal\/wp-json\/wp\/v2\/categories?post=1982"},{"taxonomy":"post_tag","embeddable":true,"href":"https:\/\/fcfamalicao.org\/portal\/wp-json\/wp\/v2\/tags?post=1982"}],"curies":[{"name":"wp","href":"https:\/\/api.w.org\/{rel}","templated":true}]}}