{"id":1932,"date":"2014-10-13T18:57:22","date_gmt":"2014-10-13T17:57:22","guid":{"rendered":"http:\/\/fcfamalicao.org\/portal\/?p=1932"},"modified":"2014-10-13T18:57:22","modified_gmt":"2014-10-13T17:57:22","slug":"chapa-5-no-famalicao-vila-real","status":"publish","type":"post","link":"https:\/\/fcfamalicao.org\/portal\/2014\/10\/13\/chapa-5-no-famalicao-vila-real\/","title":{"rendered":"Chapa 5 no Famalic\u00e3o &#8211; Vila Real"},"content":{"rendered":"<p style=\"text-align: justify;\">O FC Famalic\u00e3o levou de vencida a equipa do Vila Real no encontro realizado e referente \u00e0 6\u00aa jornada.\u00a0Os famalicenses entraram em campo sabendo que para continuarem em primeiros teriam de vencer. Sem nada a obstar foram construindo o resultado que se avolumou at\u00e9 ao cinco a zero.<br \/>\n<strong>Pr\u00f3ximo encontro o Famalic\u00e3o recebe o Sporting de Pombal para a Ta\u00e7a de Portugal. Este encontro ser\u00e1 disputado s\u00e1bado dia 18 pelas 20:30 horas.<br \/>\n<img loading=\"lazy\" decoding=\"async\" class=\"alignleft size-full wp-image-1933\" src=\"http:\/\/fcfamalicao.org\/portal\/wp-content\/uploads\/2014\/10\/14_15_0034.jpg\" alt=\"14_15_0034\" width=\"600\" height=\"125\" srcset=\"https:\/\/fcfamalicao.org\/portal\/wp-content\/uploads\/2014\/10\/14_15_0034.jpg 600w, https:\/\/fcfamalicao.org\/portal\/wp-content\/uploads\/2014\/10\/14_15_0034-300x62.jpg 300w, https:\/\/fcfamalicao.org\/portal\/wp-content\/uploads\/2014\/10\/14_15_0034-500x104.jpg 500w\" sizes=\"auto, (max-width: 600px) 100vw, 600px\" \/><br \/>\n<\/strong><\/p>\n<p style=\"text-align: justify;\">\n<p style=\"text-align: justify;\">\n<p style=\"text-align: justify;\">\n<p><strong>FICHA DE JOGO<\/strong><br \/>\n<strong>FC Famalic\u00e3o\u00a0 5 &#8211; 0\u00a0 Vila Real<\/strong><\/p>\n<p>CNS \u2013 S\u00e9rie B, 6\u00aa jornada<br \/>\n12 de outubro de 2014<br \/>\nEst\u00e1dio Municipal 22 de Junho<br \/>\n<strong>\u00c1rbitro:<\/strong>\u00a0Jo\u00e3o Lamares (AF Porto)<\/p>\n<p><strong>FC FAMALIC\u00c3O:<\/strong>\u00a0Murta, Daniel, Palheiras (Luiz Alberto 31\u2018), Vila\u00e7a, Jo\u00e3o Pedro Santos, Ibraima, M\u00e9rcio (Chico 63\u2018), V\u00edtor Lima, Diego Medeiros (Ruben Alves 74\u2018), Jo\u00e3o Paulo e Feliz<br \/>\n<strong>N\u00e3o utilizados:<\/strong>\u00a0Armando, Joel, Diego e Moreira<br \/>\n<strong>Treinador:<\/strong>\u00a0Daniel Ramos<\/p>\n<p><strong>Vila Real:<\/strong>\u00a0Andrey, Miguel Carreira, Fred, Z\u00e9 Diogo, In\u00e1cio, Francis (Tiago Pereira 63\u2019), Rui Magalh\u00e3es, Aquini (Adjei 85\u2019), Miguel Morais (Eduardo Pereira (67\u2019), Orlado e Patrick .<br \/>\n<strong>N\u00e3o utilizados:<\/strong>\u00a0Ruben Nogueira, Telmo, Anderson e Jo\u00e3o Pereira.<br \/>\n<strong>Treinador:<\/strong>\u00a0Nuno Pereira<\/p>\n<p><strong>\u00a0<\/strong><strong>Ao intervalo:<\/strong>\u00a02-0<br \/>\n<strong>Marcadores:<\/strong>\u00a0Feliz (22\u2018), Vila\u00e7a (28\u2018), M\u00e9rcio (55\u2019), Jo\u00e3o Paulo ( 60\u2018) e Chico(90+3\u2019)<br \/>\n<strong>Resultado Final:<\/strong> 5-0<\/p>\n<p><strong>\u00a0<\/strong><strong>A\u00e7\u00e3o Disciplinar<br \/>\n<\/strong><strong>Amarelos:<\/strong><strong>\u00a0<\/strong>Aquini (35\u2019), Vitor Lima (36\u2019), M\u00e9rcio (44\u2019), Daniel (50\u2019), Fred (53\u2019), Chico (70\u2019) e Rui Magalh\u00e3es (82\u2019).<br \/>\n<strong>Duplos Amarelos:<\/strong>\u00a0Nada a assinalar<br \/>\n<strong>Vermelhos:<\/strong>\u00a0Nada a assinalar<\/p>\n<a class=\"synved-social-button synved-social-button-share synved-social-size-24 synved-social-resolution-single synved-social-provider-facebook nolightbox\" data-provider=\"facebook\" target=\"_blank\" rel=\"nofollow\" title=\"Share on Facebook\" href=\"https:\/\/www.facebook.com\/sharer.php?u=https%3A%2F%2Ffcfamalicao.org%2Fportal%2Fwp-json%2Fwp%2Fv2%2Fposts%2F1932&#038;t=Chapa%205%20no%20Famalic%C3%A3o%20%E2%80%93%20Vila%20Real&#038;s=100&#038;p&#091;url&#093;=https%3A%2F%2Ffcfamalicao.org%2Fportal%2Fwp-json%2Fwp%2Fv2%2Fposts%2F1932&#038;p&#091;images&#093;&#091;0&#093;=http%3A%2F%2Ffcfamalicao.org%2Fportal%2Fwp-content%2Fuploads%2F2014%2F10%2F14_15_0034.jpg&#038;p&#091;title&#093;=Chapa%205%20no%20Famalic%C3%A3o%20%E2%80%93%20Vila%20Real\" style=\"font-size: 0px;width:24px;height:24px;margin:0;margin-bottom:5px;margin-right:5px\"><img loading=\"lazy\" decoding=\"async\" alt=\"Facebook\" title=\"Share on Facebook\" class=\"synved-share-image synved-social-image synved-social-image-share\" width=\"24\" height=\"24\" style=\"display: inline;width:24px;height:24px;margin: 0;padding: 0;border: none;box-shadow: none\" src=\"https:\/\/fcfamalicao.org\/portal\/wp-content\/plugins\/social-media-feather\/synved-social\/image\/social\/regular\/48x48\/facebook.png\" \/><\/a><a class=\"synved-social-button synved-social-button-share synved-social-size-24 synved-social-resolution-single synved-social-provider-twitter nolightbox\" data-provider=\"twitter\" target=\"_blank\" rel=\"nofollow\" title=\"Share on Twitter\" href=\"https:\/\/twitter.com\/intent\/tweet?url=https%3A%2F%2Ffcfamalicao.org%2Fportal%2Fwp-json%2Fwp%2Fv2%2Fposts%2F1932&#038;text=Novidades%20%E2%80%93%20FC%20Famalic%C3%A3o%20Clube%20de%20F%C3%A3s%20Online\" style=\"font-size: 0px;width:24px;height:24px;margin:0;margin-bottom:5px\"><img loading=\"lazy\" decoding=\"async\" alt=\"twitter\" title=\"Share on Twitter\" class=\"synved-share-image synved-social-image synved-social-image-share\" width=\"24\" height=\"24\" style=\"display: inline;width:24px;height:24px;margin: 0;padding: 0;border: none;box-shadow: none\" src=\"https:\/\/fcfamalicao.org\/portal\/wp-content\/plugins\/social-media-feather\/synved-social\/image\/social\/regular\/48x48\/twitter.png\" \/><\/a><a class=\"synved-social-credit\" target=\"_blank\" rel=\"nofollow\" title=\"WordPress Social Media Feather\" href=\"http:\/\/synved.com\/wordpress-social-media-feather\/\" style=\"color:#444;text-decoration:none;font-size:8px;margin-left:5px;vertical-align:10px;white-space:nowrap\"><span>by <\/span><img loading=\"lazy\" decoding=\"async\" style=\"display: inline;margin:0;padding:0;width:16px;height:16px\" width=\"16\" height=\"16\" alt=\"feather\" src=\"https:\/\/fcfamalicao.org\/portal\/wp-content\/plugins\/social-media-feather\/synved-social\/image\/icon.png\" \/><\/a>","protected":false},"excerpt":{"rendered":"<p>O FC Famalic\u00e3o levou de vencida a equipa do Vila Real no encontro realizado e referente \u00e0 6\u00aa jornada.\u00a0Os famalicenses entraram em campo sabendo que para continuarem em primeiros teriam de vencer. Sem nada a obstar foram construindo o resultado &hellip; <a href=\"https:\/\/fcfamalicao.org\/portal\/2014\/10\/13\/chapa-5-no-famalicao-vila-real\/\">Continuar a ler <span class=\"meta-nav\">&rarr;<\/span><\/a><\/p>\n","protected":false},"author":1,"featured_media":0,"comment_status":"closed","ping_status":"closed","sticky":false,"template":"","format":"standard","meta":{"ngg_post_thumbnail":0,"footnotes":""},"categories":[2],"tags":[],"class_list":["post-1932","post","type-post","status-publish","format-standard","hentry","category-seniores"],"_links":{"self":[{"href":"https:\/\/fcfamalicao.org\/portal\/wp-json\/wp\/v2\/posts\/1932","targetHints":{"allow":["GET"]}}],"collection":[{"href":"https:\/\/fcfamalicao.org\/portal\/wp-json\/wp\/v2\/posts"}],"about":[{"href":"https:\/\/fcfamalicao.org\/portal\/wp-json\/wp\/v2\/types\/post"}],"author":[{"embeddable":true,"href":"https:\/\/fcfamalicao.org\/portal\/wp-json\/wp\/v2\/users\/1"}],"replies":[{"embeddable":true,"href":"https:\/\/fcfamalicao.org\/portal\/wp-json\/wp\/v2\/comments?post=1932"}],"version-history":[{"count":1,"href":"https:\/\/fcfamalicao.org\/portal\/wp-json\/wp\/v2\/posts\/1932\/revisions"}],"predecessor-version":[{"id":1934,"href":"https:\/\/fcfamalicao.org\/portal\/wp-json\/wp\/v2\/posts\/1932\/revisions\/1934"}],"wp:attachment":[{"href":"https:\/\/fcfamalicao.org\/portal\/wp-json\/wp\/v2\/media?parent=1932"}],"wp:term":[{"taxonomy":"category","embeddable":true,"href":"https:\/\/fcfamalicao.org\/portal\/wp-json\/wp\/v2\/categories?post=1932"},{"taxonomy":"post_tag","embeddable":true,"href":"https:\/\/fcfamalicao.org\/portal\/wp-json\/wp\/v2\/tags?post=1932"}],"curies":[{"name":"wp","href":"https:\/\/api.w.org\/{rel}","templated":true}]}}