{"id":1892,"date":"2014-10-06T22:13:35","date_gmt":"2014-10-06T21:13:35","guid":{"rendered":"http:\/\/fcfamalicao.org\/portal\/?p=1892"},"modified":"2014-10-06T22:14:44","modified_gmt":"2014-10-06T21:14:44","slug":"fc-famalicao-empata-em-santo-tirso","status":"publish","type":"post","link":"https:\/\/fcfamalicao.org\/portal\/2014\/10\/06\/fc-famalicao-empata-em-santo-tirso\/","title":{"rendered":"FC Famalic\u00e3o empata em Santo Tirso"},"content":{"rendered":"<p>Na jornada 5 o FC Famalic\u00e3o foi at\u00e9 Santo Tirso disputar o encontro frente ao Tirsense.<br \/>\nPor duas vezes o Famalic\u00e3o se adiantou no marcador e viu o advers\u00e1rio conseguir o empate.<br \/>\nDesta vez a sorte n\u00e3o esteve com os famalicenses e poder-se-\u00e1 dizer que o resultado \u00e9 penalizador tendo em conta o que fizeram.<br \/>\nApesar do resultado o Famalic\u00e3o continua na frente da s\u00e9rie com 11 pontos.<br \/>\n<img loading=\"lazy\" decoding=\"async\" class=\"alignleft size-full wp-image-1893\" src=\"http:\/\/fcfamalicao.org\/portal\/wp-content\/uploads\/2014\/10\/14_15_0031.jpg\" alt=\"14_15_0031\" width=\"600\" height=\"299\" srcset=\"https:\/\/fcfamalicao.org\/portal\/wp-content\/uploads\/2014\/10\/14_15_0031.jpg 600w, https:\/\/fcfamalicao.org\/portal\/wp-content\/uploads\/2014\/10\/14_15_0031-300x149.jpg 300w, https:\/\/fcfamalicao.org\/portal\/wp-content\/uploads\/2014\/10\/14_15_0031-500x249.jpg 500w\" sizes=\"auto, (max-width: 600px) 100vw, 600px\" \/>\u00a0\u00a0<strong>FICHA DE JOGO<\/strong><\/p>\n<p><strong>Tirsense\u00a0 2-2\u00a0 FC Famalic\u00e3o<\/strong><\/p>\n<p>CNS \u2013 S\u00e9rie B, 5\u00aa jornada<br \/>\n5 de outubro de 2014<br \/>\nEst\u00e1dio Abel Alves de Figueiredo \u2013 Santo Tirso<br \/>\n<strong>\u00c1rbitro:<\/strong>\u00a0Jorge Faustino (AF Leiria)<\/p>\n<p><strong>FC TIRSENSE:<\/strong>\u00a0Paulo Cunha, Paulo Sampaio, Danilson, Juary Soares, Nera, Vladimir, Andr\u00e9 Carvalho, Peixoto ( Ricardo Fernandes 75\u2019), Gilmar, Ruizinho (Pedro Mauricio 86\u2019) e Tiago Andr\u00e9 (Carlinhos Leonel 45\u2019)<br \/>\n<strong>N\u00e3o utilizados:<\/strong>\u00a0Paulo Jorge<br \/>\n<strong>Treinador:<\/strong>\u00a0Bernardo Tavares<\/p>\n<p><strong>FC FAMALIC\u00c3O:<\/strong>\u00a0Murta, Daniel, Palheiras (cap), Vila\u00e7a, Jo\u00e3o Pedro Santos, Ibraima M\u00e9rcio, Vitor Lima(Diego 88\u2019), Diego Medeiros (Diogo Torres 73\u2019), Correia (Jo\u00e3o Paulo 82\u2019) e Feliz.<br \/>\n<strong>N\u00e3o utilizados:<\/strong>\u00a0Emanuel, Luiz Alberto, Joel e Chico.<br \/>\n<strong>Treinador:<\/strong>\u00a0Daniel Ramos<strong>\u00a0<\/strong><\/p>\n<p><strong>Ao intervalo:<\/strong>\u00a00-1<br \/>\n<strong>Marcadores:<\/strong>\u00a0Palheiras (13\u2019), Carlinhos Leonel (56\u2019), Feliz (76\u2019) e Carlinhos Leonel (84\u2019)<\/p>\n<p><strong>A\u00e7\u00e3o Disciplinar<br \/>\n<\/strong><strong>Amarelos:<\/strong><strong>\u00a0<\/strong>Paulo Cunha (14\u2019), Daniel (30\u2019), Vladimir (37\u2019), Danilson (61\u2019), Nera (75\u2019), Ricardo Fernandes (78\u2019), Andr\u00e9 Carvalho (90+2\u2019) e Diego (90+4\u2019)<br \/>\n<strong>Duplos Amarelos:<\/strong>\u00a0Nada a assinalar<br \/>\n<strong>Vermelhos:<\/strong>\u00a0Nada a assinalar<\/p>\n<a class=\"synved-social-button synved-social-button-share synved-social-size-24 synved-social-resolution-single synved-social-provider-facebook nolightbox\" data-provider=\"facebook\" target=\"_blank\" rel=\"nofollow\" title=\"Share on Facebook\" href=\"https:\/\/www.facebook.com\/sharer.php?u=https%3A%2F%2Ffcfamalicao.org%2Fportal%2Fwp-json%2Fwp%2Fv2%2Fposts%2F1892&#038;t=FC%20Famalic%C3%A3o%20empata%20em%20Santo%20Tirso&#038;s=100&#038;p&#091;url&#093;=https%3A%2F%2Ffcfamalicao.org%2Fportal%2Fwp-json%2Fwp%2Fv2%2Fposts%2F1892&#038;p&#091;images&#093;&#091;0&#093;=http%3A%2F%2Ffcfamalicao.org%2Fportal%2Fwp-content%2Fuploads%2F2014%2F10%2F14_15_0031.jpg&#038;p&#091;title&#093;=FC%20Famalic%C3%A3o%20empata%20em%20Santo%20Tirso\" style=\"font-size: 0px;width:24px;height:24px;margin:0;margin-bottom:5px;margin-right:5px\"><img loading=\"lazy\" decoding=\"async\" alt=\"Facebook\" title=\"Share on Facebook\" class=\"synved-share-image synved-social-image synved-social-image-share\" width=\"24\" height=\"24\" style=\"display: inline;width:24px;height:24px;margin: 0;padding: 0;border: none;box-shadow: none\" src=\"https:\/\/fcfamalicao.org\/portal\/wp-content\/plugins\/social-media-feather\/synved-social\/image\/social\/regular\/48x48\/facebook.png\" \/><\/a><a class=\"synved-social-button synved-social-button-share synved-social-size-24 synved-social-resolution-single synved-social-provider-twitter nolightbox\" data-provider=\"twitter\" target=\"_blank\" rel=\"nofollow\" title=\"Share on Twitter\" href=\"https:\/\/twitter.com\/intent\/tweet?url=https%3A%2F%2Ffcfamalicao.org%2Fportal%2Fwp-json%2Fwp%2Fv2%2Fposts%2F1892&#038;text=Novidades%20%E2%80%93%20FC%20Famalic%C3%A3o%20Clube%20de%20F%C3%A3s%20Online\" style=\"font-size: 0px;width:24px;height:24px;margin:0;margin-bottom:5px\"><img loading=\"lazy\" decoding=\"async\" alt=\"twitter\" title=\"Share on Twitter\" class=\"synved-share-image synved-social-image synved-social-image-share\" width=\"24\" height=\"24\" style=\"display: inline;width:24px;height:24px;margin: 0;padding: 0;border: none;box-shadow: none\" src=\"https:\/\/fcfamalicao.org\/portal\/wp-content\/plugins\/social-media-feather\/synved-social\/image\/social\/regular\/48x48\/twitter.png\" \/><\/a><a class=\"synved-social-credit\" target=\"_blank\" rel=\"nofollow\" title=\"WordPress Social Media Feather\" href=\"http:\/\/synved.com\/wordpress-social-media-feather\/\" style=\"color:#444;text-decoration:none;font-size:8px;margin-left:5px;vertical-align:10px;white-space:nowrap\"><span>by <\/span><img loading=\"lazy\" decoding=\"async\" style=\"display: inline;margin:0;padding:0;width:16px;height:16px\" width=\"16\" height=\"16\" alt=\"feather\" src=\"https:\/\/fcfamalicao.org\/portal\/wp-content\/plugins\/social-media-feather\/synved-social\/image\/icon.png\" \/><\/a>","protected":false},"excerpt":{"rendered":"<p>Na jornada 5 o FC Famalic\u00e3o foi at\u00e9 Santo Tirso disputar o encontro frente ao Tirsense. Por duas vezes o Famalic\u00e3o se adiantou no marcador e viu o advers\u00e1rio conseguir o empate. Desta vez a sorte n\u00e3o esteve com os &hellip; <a href=\"https:\/\/fcfamalicao.org\/portal\/2014\/10\/06\/fc-famalicao-empata-em-santo-tirso\/\">Continuar a ler <span class=\"meta-nav\">&rarr;<\/span><\/a><\/p>\n","protected":false},"author":1,"featured_media":0,"comment_status":"closed","ping_status":"closed","sticky":false,"template":"","format":"standard","meta":{"ngg_post_thumbnail":0,"footnotes":""},"categories":[2],"tags":[],"class_list":["post-1892","post","type-post","status-publish","format-standard","hentry","category-seniores"],"_links":{"self":[{"href":"https:\/\/fcfamalicao.org\/portal\/wp-json\/wp\/v2\/posts\/1892","targetHints":{"allow":["GET"]}}],"collection":[{"href":"https:\/\/fcfamalicao.org\/portal\/wp-json\/wp\/v2\/posts"}],"about":[{"href":"https:\/\/fcfamalicao.org\/portal\/wp-json\/wp\/v2\/types\/post"}],"author":[{"embeddable":true,"href":"https:\/\/fcfamalicao.org\/portal\/wp-json\/wp\/v2\/users\/1"}],"replies":[{"embeddable":true,"href":"https:\/\/fcfamalicao.org\/portal\/wp-json\/wp\/v2\/comments?post=1892"}],"version-history":[{"count":3,"href":"https:\/\/fcfamalicao.org\/portal\/wp-json\/wp\/v2\/posts\/1892\/revisions"}],"predecessor-version":[{"id":1896,"href":"https:\/\/fcfamalicao.org\/portal\/wp-json\/wp\/v2\/posts\/1892\/revisions\/1896"}],"wp:attachment":[{"href":"https:\/\/fcfamalicao.org\/portal\/wp-json\/wp\/v2\/media?parent=1892"}],"wp:term":[{"taxonomy":"category","embeddable":true,"href":"https:\/\/fcfamalicao.org\/portal\/wp-json\/wp\/v2\/categories?post=1892"},{"taxonomy":"post_tag","embeddable":true,"href":"https:\/\/fcfamalicao.org\/portal\/wp-json\/wp\/v2\/tags?post=1892"}],"curies":[{"name":"wp","href":"https:\/\/api.w.org\/{rel}","templated":true}]}}