{"id":1862,"date":"2014-09-28T20:32:39","date_gmt":"2014-09-28T19:32:39","guid":{"rendered":"http:\/\/fcfamalicao.org\/portal\/?p=1862"},"modified":"2014-09-30T18:32:13","modified_gmt":"2014-09-30T17:32:13","slug":"fc-famalicao-segue-em-frente-na-taca","status":"publish","type":"post","link":"https:\/\/fcfamalicao.org\/portal\/2014\/09\/28\/fc-famalicao-segue-em-frente-na-taca\/","title":{"rendered":"FC Famalic\u00e3o segue em frente na Ta\u00e7a"},"content":{"rendered":"<p style=\"text-align: justify;\">O FC Famalic\u00e3o deu uma li\u00e7\u00e3o de saber jogar ao impor-se ao Acad\u00e9mico de Viseu:<br \/>\nA partida at\u00e9 come\u00e7ou melhor para os da casa que se adiantaram no marcador \u00e0 passagem dos primeiros vinte minutos. Este foi o cantar do cisne para os de Viseu pois o Famalic\u00e3o tomou conta da partida e em jogadas bem delineadas encostou o AC Viseu no seu reduto.<br \/>\nN\u00e3o espantou o surgir do primeiro e merecido golo do Famalic\u00e3o. O treinador do AC Viseu arriscou e Daniel Ramos leu-lhe a inten\u00e7\u00e3o e fez entrar Diego Medeiros que volvidos meia d\u00fazia de minutos fez o segundo golo para o Famalic\u00e3o \u00e0 passagem do minuto 75.<br \/>\nO Famalic\u00e3o fez uma partida inteligente\u00a0a partir daqui sem nunca estar a defender c\u00e1 atr\u00e1s pois isso poderia hipotecar o que havia amealhado.<br \/>\n<img loading=\"lazy\" decoding=\"async\" class=\"alignleft size-full wp-image-1863\" src=\"http:\/\/fcfamalicao.org\/portal\/wp-content\/uploads\/2014\/09\/14_15_0030.jpg\" alt=\"14_15_0030\" width=\"600\" height=\"299\" srcset=\"https:\/\/fcfamalicao.org\/portal\/wp-content\/uploads\/2014\/09\/14_15_0030.jpg 600w, https:\/\/fcfamalicao.org\/portal\/wp-content\/uploads\/2014\/09\/14_15_0030-300x149.jpg 300w, https:\/\/fcfamalicao.org\/portal\/wp-content\/uploads\/2014\/09\/14_15_0030-500x249.jpg 500w\" sizes=\"auto, (max-width: 600px) 100vw, 600px\" \/><\/p>\n<p><strong>FICHA DE JOGO<\/strong><br \/>\n<strong>ACAD\u00c9MICO VISEU\u00a0 1-2 FC Famalic\u00e3o<br \/>\n<\/strong>Ta\u00e7a Portugal \u2013 2\u00aa Eliminat\u00f3ria<br \/>\n28 de setembro de 2014<br \/>\nEst\u00e1dio do Fontelo &#8211; Viseu<br \/>\n<strong>\u00c1rbitro:<\/strong>\u00a0Manuel Oliveira (AF Porto)<\/p>\n<p><strong>AC VISEU:<\/strong>\u00a0Ricardo Ribeiro, Tom\u00e9 Mendes, Eridson, Vin\u00edcius, Dalbert Henrique, Renan, Alex Porto, Tiago Almeida (Tiago Borges 75\u2019), Ricardo ferreira (Luisinho 56\u2019), Sandro Lima (Jo\u00e3o Coimbra 56\u2019) e Paulo Roberto<br \/>\n<strong>N\u00e3o utilizados:<\/strong>\u00a0Nuno Oliveira, Tiago Costa, Alphonse e Jo\u00e3o Ricardo.<br \/>\n<strong>Treinador:<\/strong>\u00a0Alex Costa<\/p>\n<p><strong>FC FAMALIC\u00c3O:<\/strong>\u00a0Murta, Joel, Luiz Alberto, Vila\u00e7a, Jo\u00e3o Pedro Santos, Ibraima (Diego 87\u2019) M\u00e9rcio (cap.), V\u00edtor Lima, Diogo Torres (Diego Medeiros 68\u2019), Jo\u00e3o Paulo (Correia 75\u2019) e Feliz.<br \/>\n<strong>N\u00e3o utilizados:<\/strong>\u00a0Emanuel, Palheiras, Daniel e Chico.<br \/>\n<strong>Treinador:<\/strong>\u00a0Daniel Ramos<\/p>\n<p><strong>\u00a0<\/strong><strong>Ao intervalo:<\/strong>\u00a01-0<br \/>\n<strong>Resultado Final:<\/strong> 1-2<br \/>\n<strong>Marcadores:<\/strong>\u00a0Sandro Lima (17\u2019), M\u00e9rcio (55\u2019) e Diego Medeiros (75\u2019)<\/p>\n<p style=\"text-align: justify;\">\n<a class=\"synved-social-button synved-social-button-share synved-social-size-24 synved-social-resolution-single synved-social-provider-facebook nolightbox\" data-provider=\"facebook\" target=\"_blank\" rel=\"nofollow\" title=\"Share on Facebook\" href=\"https:\/\/www.facebook.com\/sharer.php?u=https%3A%2F%2Ffcfamalicao.org%2Fportal%2Fwp-json%2Fwp%2Fv2%2Fposts%2F1862&#038;t=FC%20Famalic%C3%A3o%20segue%20em%20frente%20na%20Ta%C3%A7a&#038;s=100&#038;p&#091;url&#093;=https%3A%2F%2Ffcfamalicao.org%2Fportal%2Fwp-json%2Fwp%2Fv2%2Fposts%2F1862&#038;p&#091;images&#093;&#091;0&#093;=http%3A%2F%2Ffcfamalicao.org%2Fportal%2Fwp-content%2Fuploads%2F2014%2F09%2F14_15_0030.jpg&#038;p&#091;title&#093;=FC%20Famalic%C3%A3o%20segue%20em%20frente%20na%20Ta%C3%A7a\" style=\"font-size: 0px;width:24px;height:24px;margin:0;margin-bottom:5px;margin-right:5px\"><img loading=\"lazy\" decoding=\"async\" alt=\"Facebook\" title=\"Share on Facebook\" class=\"synved-share-image synved-social-image synved-social-image-share\" width=\"24\" height=\"24\" style=\"display: inline;width:24px;height:24px;margin: 0;padding: 0;border: none;box-shadow: none\" src=\"https:\/\/fcfamalicao.org\/portal\/wp-content\/plugins\/social-media-feather\/synved-social\/image\/social\/regular\/48x48\/facebook.png\" \/><\/a><a class=\"synved-social-button synved-social-button-share synved-social-size-24 synved-social-resolution-single synved-social-provider-twitter nolightbox\" data-provider=\"twitter\" target=\"_blank\" rel=\"nofollow\" title=\"Share on Twitter\" href=\"https:\/\/twitter.com\/intent\/tweet?url=https%3A%2F%2Ffcfamalicao.org%2Fportal%2Fwp-json%2Fwp%2Fv2%2Fposts%2F1862&#038;text=Novidades%20%E2%80%93%20FC%20Famalic%C3%A3o%20Clube%20de%20F%C3%A3s%20Online\" style=\"font-size: 0px;width:24px;height:24px;margin:0;margin-bottom:5px\"><img loading=\"lazy\" decoding=\"async\" alt=\"twitter\" title=\"Share on Twitter\" class=\"synved-share-image synved-social-image synved-social-image-share\" width=\"24\" height=\"24\" style=\"display: inline;width:24px;height:24px;margin: 0;padding: 0;border: none;box-shadow: none\" src=\"https:\/\/fcfamalicao.org\/portal\/wp-content\/plugins\/social-media-feather\/synved-social\/image\/social\/regular\/48x48\/twitter.png\" \/><\/a><a class=\"synved-social-credit\" target=\"_blank\" rel=\"nofollow\" title=\"WordPress Social Media Feather\" href=\"http:\/\/synved.com\/wordpress-social-media-feather\/\" style=\"color:#444;text-decoration:none;font-size:8px;margin-left:5px;vertical-align:10px;white-space:nowrap\"><span>by <\/span><img loading=\"lazy\" decoding=\"async\" style=\"display: inline;margin:0;padding:0;width:16px;height:16px\" width=\"16\" height=\"16\" alt=\"feather\" src=\"https:\/\/fcfamalicao.org\/portal\/wp-content\/plugins\/social-media-feather\/synved-social\/image\/icon.png\" \/><\/a>","protected":false},"excerpt":{"rendered":"<p>O FC Famalic\u00e3o deu uma li\u00e7\u00e3o de saber jogar ao impor-se ao Acad\u00e9mico de Viseu: A partida at\u00e9 come\u00e7ou melhor para os da casa que se adiantaram no marcador \u00e0 passagem dos primeiros vinte minutos. Este foi o cantar do &hellip; <a href=\"https:\/\/fcfamalicao.org\/portal\/2014\/09\/28\/fc-famalicao-segue-em-frente-na-taca\/\">Continuar a ler <span class=\"meta-nav\">&rarr;<\/span><\/a><\/p>\n","protected":false},"author":1,"featured_media":0,"comment_status":"closed","ping_status":"closed","sticky":false,"template":"","format":"standard","meta":{"ngg_post_thumbnail":0,"footnotes":""},"categories":[2],"tags":[],"class_list":["post-1862","post","type-post","status-publish","format-standard","hentry","category-seniores"],"_links":{"self":[{"href":"https:\/\/fcfamalicao.org\/portal\/wp-json\/wp\/v2\/posts\/1862","targetHints":{"allow":["GET"]}}],"collection":[{"href":"https:\/\/fcfamalicao.org\/portal\/wp-json\/wp\/v2\/posts"}],"about":[{"href":"https:\/\/fcfamalicao.org\/portal\/wp-json\/wp\/v2\/types\/post"}],"author":[{"embeddable":true,"href":"https:\/\/fcfamalicao.org\/portal\/wp-json\/wp\/v2\/users\/1"}],"replies":[{"embeddable":true,"href":"https:\/\/fcfamalicao.org\/portal\/wp-json\/wp\/v2\/comments?post=1862"}],"version-history":[{"count":2,"href":"https:\/\/fcfamalicao.org\/portal\/wp-json\/wp\/v2\/posts\/1862\/revisions"}],"predecessor-version":[{"id":1869,"href":"https:\/\/fcfamalicao.org\/portal\/wp-json\/wp\/v2\/posts\/1862\/revisions\/1869"}],"wp:attachment":[{"href":"https:\/\/fcfamalicao.org\/portal\/wp-json\/wp\/v2\/media?parent=1862"}],"wp:term":[{"taxonomy":"category","embeddable":true,"href":"https:\/\/fcfamalicao.org\/portal\/wp-json\/wp\/v2\/categories?post=1862"},{"taxonomy":"post_tag","embeddable":true,"href":"https:\/\/fcfamalicao.org\/portal\/wp-json\/wp\/v2\/tags?post=1862"}],"curies":[{"name":"wp","href":"https:\/\/api.w.org\/{rel}","templated":true}]}}