{"id":1845,"date":"2014-09-26T21:54:08","date_gmt":"2014-09-26T20:54:08","guid":{"rendered":"http:\/\/fcfamalicao.org\/portal\/?p=1845"},"modified":"2014-09-26T21:54:08","modified_gmt":"2014-09-26T20:54:08","slug":"academico-viseu-x-fc-famalicao-taca-portugal","status":"publish","type":"post","link":"https:\/\/fcfamalicao.org\/portal\/2014\/09\/26\/academico-viseu-x-fc-famalicao-taca-portugal\/","title":{"rendered":"Acad\u00e9mico Viseu X FC Famalic\u00e3o &#8211; Ta\u00e7a Portugal"},"content":{"rendered":"<p style=\"text-align: justify;\">No pr\u00f3ximo domingo, dia 28 de setembro, pelas 15 horas o FC Famalic\u00e3o defronta no Est\u00e1dio do Fontelo em Viseu a equipa do Acad\u00e9mico de Viseu.<br \/>\nEsta partida ser\u00e1 um teste ao FC Famalic\u00e3o uma vez que vai ao campo do advers\u00e1rio sendo que este disputa a segunda liga e o Famalic\u00e3o disputa o CNS.<br \/>\nEsperamos que a equipa famalicense d\u00ea mais uma alegria aos seus adeptos fazendo uma partida que demonstre uni\u00e3o e garra.<br \/>\n<em>Orgulhosos Continuaremos!<br \/>\n<img loading=\"lazy\" decoding=\"async\" class=\"alignleft size-full wp-image-1846\" src=\"http:\/\/fcfamalicao.org\/portal\/wp-content\/uploads\/2014\/09\/14_15_0029.jpg\" alt=\"14_15_0029\" width=\"600\" height=\"345\" srcset=\"https:\/\/fcfamalicao.org\/portal\/wp-content\/uploads\/2014\/09\/14_15_0029.jpg 600w, https:\/\/fcfamalicao.org\/portal\/wp-content\/uploads\/2014\/09\/14_15_0029-300x172.jpg 300w, https:\/\/fcfamalicao.org\/portal\/wp-content\/uploads\/2014\/09\/14_15_0029-500x287.jpg 500w\" sizes=\"auto, (max-width: 600px) 100vw, 600px\" \/><br \/>\n<\/em><\/p>\n<a class=\"synved-social-button synved-social-button-share synved-social-size-24 synved-social-resolution-single synved-social-provider-facebook nolightbox\" data-provider=\"facebook\" target=\"_blank\" rel=\"nofollow\" title=\"Share on Facebook\" href=\"https:\/\/www.facebook.com\/sharer.php?u=https%3A%2F%2Ffcfamalicao.org%2Fportal%2Fwp-json%2Fwp%2Fv2%2Fposts%2F1845&#038;t=Acad%C3%A9mico%20Viseu%20X%20FC%20Famalic%C3%A3o%20%E2%80%93%20Ta%C3%A7a%20Portugal&#038;s=100&#038;p&#091;url&#093;=https%3A%2F%2Ffcfamalicao.org%2Fportal%2Fwp-json%2Fwp%2Fv2%2Fposts%2F1845&#038;p&#091;images&#093;&#091;0&#093;=http%3A%2F%2Ffcfamalicao.org%2Fportal%2Fwp-content%2Fuploads%2F2014%2F09%2F14_15_0029.jpg&#038;p&#091;title&#093;=Acad%C3%A9mico%20Viseu%20X%20FC%20Famalic%C3%A3o%20%E2%80%93%20Ta%C3%A7a%20Portugal\" style=\"font-size: 0px;width:24px;height:24px;margin:0;margin-bottom:5px;margin-right:5px\"><img loading=\"lazy\" decoding=\"async\" alt=\"Facebook\" title=\"Share on Facebook\" class=\"synved-share-image synved-social-image synved-social-image-share\" width=\"24\" height=\"24\" style=\"display: inline;width:24px;height:24px;margin: 0;padding: 0;border: none;box-shadow: none\" src=\"https:\/\/fcfamalicao.org\/portal\/wp-content\/plugins\/social-media-feather\/synved-social\/image\/social\/regular\/48x48\/facebook.png\" \/><\/a><a class=\"synved-social-button synved-social-button-share synved-social-size-24 synved-social-resolution-single synved-social-provider-twitter nolightbox\" data-provider=\"twitter\" target=\"_blank\" rel=\"nofollow\" title=\"Share on Twitter\" href=\"https:\/\/twitter.com\/intent\/tweet?url=https%3A%2F%2Ffcfamalicao.org%2Fportal%2Fwp-json%2Fwp%2Fv2%2Fposts%2F1845&#038;text=Novidades%20%E2%80%93%20FC%20Famalic%C3%A3o%20Clube%20de%20F%C3%A3s%20Online\" style=\"font-size: 0px;width:24px;height:24px;margin:0;margin-bottom:5px\"><img loading=\"lazy\" decoding=\"async\" alt=\"twitter\" title=\"Share on Twitter\" class=\"synved-share-image synved-social-image synved-social-image-share\" width=\"24\" height=\"24\" style=\"display: inline;width:24px;height:24px;margin: 0;padding: 0;border: none;box-shadow: none\" src=\"https:\/\/fcfamalicao.org\/portal\/wp-content\/plugins\/social-media-feather\/synved-social\/image\/social\/regular\/48x48\/twitter.png\" \/><\/a><a class=\"synved-social-credit\" target=\"_blank\" rel=\"nofollow\" title=\"WordPress Social Media Feather\" href=\"http:\/\/synved.com\/wordpress-social-media-feather\/\" style=\"color:#444;text-decoration:none;font-size:8px;margin-left:5px;vertical-align:10px;white-space:nowrap\"><span>by <\/span><img loading=\"lazy\" decoding=\"async\" style=\"display: inline;margin:0;padding:0;width:16px;height:16px\" width=\"16\" height=\"16\" alt=\"feather\" src=\"https:\/\/fcfamalicao.org\/portal\/wp-content\/plugins\/social-media-feather\/synved-social\/image\/icon.png\" \/><\/a>","protected":false},"excerpt":{"rendered":"<p>No pr\u00f3ximo domingo, dia 28 de setembro, pelas 15 horas o FC Famalic\u00e3o defronta no Est\u00e1dio do Fontelo em Viseu a equipa do Acad\u00e9mico de Viseu. Esta partida ser\u00e1 um teste ao FC Famalic\u00e3o uma vez que vai ao campo &hellip; <a href=\"https:\/\/fcfamalicao.org\/portal\/2014\/09\/26\/academico-viseu-x-fc-famalicao-taca-portugal\/\">Continuar a ler <span class=\"meta-nav\">&rarr;<\/span><\/a><\/p>\n","protected":false},"author":1,"featured_media":0,"comment_status":"closed","ping_status":"closed","sticky":false,"template":"","format":"standard","meta":{"ngg_post_thumbnail":0,"footnotes":""},"categories":[2],"tags":[],"class_list":["post-1845","post","type-post","status-publish","format-standard","hentry","category-seniores"],"_links":{"self":[{"href":"https:\/\/fcfamalicao.org\/portal\/wp-json\/wp\/v2\/posts\/1845","targetHints":{"allow":["GET"]}}],"collection":[{"href":"https:\/\/fcfamalicao.org\/portal\/wp-json\/wp\/v2\/posts"}],"about":[{"href":"https:\/\/fcfamalicao.org\/portal\/wp-json\/wp\/v2\/types\/post"}],"author":[{"embeddable":true,"href":"https:\/\/fcfamalicao.org\/portal\/wp-json\/wp\/v2\/users\/1"}],"replies":[{"embeddable":true,"href":"https:\/\/fcfamalicao.org\/portal\/wp-json\/wp\/v2\/comments?post=1845"}],"version-history":[{"count":1,"href":"https:\/\/fcfamalicao.org\/portal\/wp-json\/wp\/v2\/posts\/1845\/revisions"}],"predecessor-version":[{"id":1847,"href":"https:\/\/fcfamalicao.org\/portal\/wp-json\/wp\/v2\/posts\/1845\/revisions\/1847"}],"wp:attachment":[{"href":"https:\/\/fcfamalicao.org\/portal\/wp-json\/wp\/v2\/media?parent=1845"}],"wp:term":[{"taxonomy":"category","embeddable":true,"href":"https:\/\/fcfamalicao.org\/portal\/wp-json\/wp\/v2\/categories?post=1845"},{"taxonomy":"post_tag","embeddable":true,"href":"https:\/\/fcfamalicao.org\/portal\/wp-json\/wp\/v2\/tags?post=1845"}],"curies":[{"name":"wp","href":"https:\/\/api.w.org\/{rel}","templated":true}]}}