{"id":1815,"date":"2014-09-16T16:44:48","date_gmt":"2014-09-16T15:44:48","guid":{"rendered":"http:\/\/fcfamalicao.org\/portal\/?p=1815"},"modified":"2014-09-16T16:44:48","modified_gmt":"2014-09-16T15:44:48","slug":"vitoria-em-amarante","status":"publish","type":"post","link":"https:\/\/fcfamalicao.org\/portal\/2014\/09\/16\/vitoria-em-amarante\/","title":{"rendered":"Vit\u00f3ria em Amarante"},"content":{"rendered":"<p style=\"text-align: justify;\">O FC Famalic\u00e3o entrou na partida\u00a0ciente das dificuldades que o Amarante costumava a colocar. Os famalicenses tomaram conta do encontro, tendo entrado a todo o gaz, com o intuito de n\u00e3o dar veleidades ao advers\u00e1rio fazendo aos seis minutos o primeiro golo da partida por interm\u00e9dio de M\u00e9rcio. Ainda antes do intervalo o Famalic\u00e3o poderia ter aumentado o score mas Patrick defendeu a penalidade apontada por Feliz.<br \/>\nNos segundos quarenta e cinco minutos o Famalic\u00e3o manteve a toada e Pedro Pinto arriscou s\u00f3 que,\u00a0Daniel Ramos da bancada geriu a equipa e aproveitou o adiantamento da equipa da casa e meteu\u00a0no jogo Diogo Torres aos 64&#8242;. O\u00a0Famalic\u00e3o haveria de resolver de imediato o encontro ao marcar o segundo golo atrav\u00e9s de Joel numa jogada iniciada pelo recente entrado Diogo Torres. O encontro terminou com a obten\u00e7\u00e3o do terceiro tento do Famalic\u00e3o \u00e0 passagem do minuto tr\u00eas dos descontos por Jo\u00e3o Paulo.<br \/>\n<img loading=\"lazy\" decoding=\"async\" class=\"alignleft size-full wp-image-1816\" src=\"http:\/\/fcfamalicao.org\/portal\/wp-content\/uploads\/2014\/09\/14_15_0025.jpg\" alt=\"14_15_0025\" width=\"600\" height=\"125\" srcset=\"https:\/\/fcfamalicao.org\/portal\/wp-content\/uploads\/2014\/09\/14_15_0025.jpg 600w, https:\/\/fcfamalicao.org\/portal\/wp-content\/uploads\/2014\/09\/14_15_0025-300x62.jpg 300w, https:\/\/fcfamalicao.org\/portal\/wp-content\/uploads\/2014\/09\/14_15_0025-500x104.jpg 500w\" sizes=\"auto, (max-width: 600px) 100vw, 600px\" \/><\/p>\n<p style=\"text-align: justify;\">\n<p style=\"text-align: justify;\">\n<p><strong>FICHA DE JOGO<\/strong><br \/>\n<strong>Amarante\u00a0 0-3\u00a0 FC Famalic\u00e3o<\/strong><\/p>\n<p>CNS \u2013 S\u00e9rie B, 3\u00aa jornada<br \/>\n14 de setembro de 2014<br \/>\nEst\u00e1dio Municipal de Amarante<br \/>\n<strong>\u00c1rbitro:<\/strong>\u00a0Lu\u00eds Pedro M\u00e1ximo (Castelo Branco)<\/p>\n<p><strong>AMARANTE FC:<\/strong>\u00a0Patrick, Carlos Castro, Pedro Carneiro, Dani, Landinho, Tiago Silva, Miguel, Nelson Piquet (Cardoso 70\u2019), Andr\u00e9 Azevedo (Rodrigo 87\u2019), Marquinhos (Fl\u00e1vio Moreno 61\u2019) e F\u00e1bio Pimenta.<br \/>\n<strong>N\u00e3o utilizados:<\/strong>\u00a0Nen\u00e9, Moreira, Mauro e Miguel Ribeiro<br \/>\n<strong>Treinador:<\/strong>\u00a0Pedro Pinto<\/p>\n<p><strong>FC FAMALIC\u00c3O:<\/strong>\u00a0Murta, Joel, Palheiras (cap), Vila\u00e7a, Jo\u00e3o Pedro Santos, Ibraima M\u00e9rcio (Diego 85\u2019), Vitor Lima, Diego Medeiros (Diogo Torres 64\u2019), Correia (Jo\u00e3o Paulo 78\u2019) e Feliz.<br \/>\n<strong>N\u00e3o utilizados:<\/strong>\u00a0Emanuel, Luiz Alberto, Jo\u00e3o Pedro e Chico.<br \/>\n<strong>Treinador:<\/strong>\u00a0Daniel Ramos<\/p>\n<p><strong>Ao intervalo:<\/strong>\u00a00-1<br \/>\n<strong>Marcadores:<\/strong>\u00a0M\u00e9rcio (6\u2019), Joel (66\u2018) e Jo\u00e3o Paulo (90+3\u2019)<\/p>\n<p><strong>A\u00e7\u00e3o Disciplinar<br \/>\n<\/strong><strong>Amarelos:<\/strong><strong>\u00a0<\/strong>Joel (14\u2019), M\u00e9rcio (46\u2019), Nelson Piquet (63\u2019), Carlos Castro (66\u2019), Pedro Carneiro (67\u2019), Landinho (68\u2019) e Miguel (69\u2019).<\/p>\n<a class=\"synved-social-button synved-social-button-share synved-social-size-24 synved-social-resolution-single synved-social-provider-facebook nolightbox\" data-provider=\"facebook\" target=\"_blank\" rel=\"nofollow\" title=\"Share on Facebook\" href=\"https:\/\/www.facebook.com\/sharer.php?u=https%3A%2F%2Ffcfamalicao.org%2Fportal%2Fwp-json%2Fwp%2Fv2%2Fposts%2F1815&#038;t=Vit%C3%B3ria%20em%20Amarante&#038;s=100&#038;p&#091;url&#093;=https%3A%2F%2Ffcfamalicao.org%2Fportal%2Fwp-json%2Fwp%2Fv2%2Fposts%2F1815&#038;p&#091;images&#093;&#091;0&#093;=http%3A%2F%2Ffcfamalicao.org%2Fportal%2Fwp-content%2Fuploads%2F2014%2F09%2F14_15_0025.jpg&#038;p&#091;title&#093;=Vit%C3%B3ria%20em%20Amarante\" style=\"font-size: 0px;width:24px;height:24px;margin:0;margin-bottom:5px;margin-right:5px\"><img loading=\"lazy\" decoding=\"async\" alt=\"Facebook\" title=\"Share on Facebook\" class=\"synved-share-image synved-social-image synved-social-image-share\" width=\"24\" height=\"24\" style=\"display: inline;width:24px;height:24px;margin: 0;padding: 0;border: none;box-shadow: none\" src=\"https:\/\/fcfamalicao.org\/portal\/wp-content\/plugins\/social-media-feather\/synved-social\/image\/social\/regular\/48x48\/facebook.png\" \/><\/a><a class=\"synved-social-button synved-social-button-share synved-social-size-24 synved-social-resolution-single synved-social-provider-twitter nolightbox\" data-provider=\"twitter\" target=\"_blank\" rel=\"nofollow\" title=\"Share on Twitter\" href=\"https:\/\/twitter.com\/intent\/tweet?url=https%3A%2F%2Ffcfamalicao.org%2Fportal%2Fwp-json%2Fwp%2Fv2%2Fposts%2F1815&#038;text=Novidades%20%E2%80%93%20FC%20Famalic%C3%A3o%20Clube%20de%20F%C3%A3s%20Online\" style=\"font-size: 0px;width:24px;height:24px;margin:0;margin-bottom:5px\"><img loading=\"lazy\" decoding=\"async\" alt=\"twitter\" title=\"Share on Twitter\" class=\"synved-share-image synved-social-image synved-social-image-share\" width=\"24\" height=\"24\" style=\"display: inline;width:24px;height:24px;margin: 0;padding: 0;border: none;box-shadow: none\" src=\"https:\/\/fcfamalicao.org\/portal\/wp-content\/plugins\/social-media-feather\/synved-social\/image\/social\/regular\/48x48\/twitter.png\" \/><\/a><a class=\"synved-social-credit\" target=\"_blank\" rel=\"nofollow\" title=\"WordPress Social Media Feather\" href=\"http:\/\/synved.com\/wordpress-social-media-feather\/\" style=\"color:#444;text-decoration:none;font-size:8px;margin-left:5px;vertical-align:10px;white-space:nowrap\"><span>by <\/span><img loading=\"lazy\" decoding=\"async\" style=\"display: inline;margin:0;padding:0;width:16px;height:16px\" width=\"16\" height=\"16\" alt=\"feather\" src=\"https:\/\/fcfamalicao.org\/portal\/wp-content\/plugins\/social-media-feather\/synved-social\/image\/icon.png\" \/><\/a>","protected":false},"excerpt":{"rendered":"<p>O FC Famalic\u00e3o entrou na partida\u00a0ciente das dificuldades que o Amarante costumava a colocar. Os famalicenses tomaram conta do encontro, tendo entrado a todo o gaz, com o intuito de n\u00e3o dar veleidades ao advers\u00e1rio fazendo aos seis minutos o &hellip; <a href=\"https:\/\/fcfamalicao.org\/portal\/2014\/09\/16\/vitoria-em-amarante\/\">Continuar a ler <span class=\"meta-nav\">&rarr;<\/span><\/a><\/p>\n","protected":false},"author":1,"featured_media":0,"comment_status":"closed","ping_status":"closed","sticky":false,"template":"","format":"standard","meta":{"ngg_post_thumbnail":0,"footnotes":""},"categories":[2],"tags":[],"class_list":["post-1815","post","type-post","status-publish","format-standard","hentry","category-seniores"],"_links":{"self":[{"href":"https:\/\/fcfamalicao.org\/portal\/wp-json\/wp\/v2\/posts\/1815","targetHints":{"allow":["GET"]}}],"collection":[{"href":"https:\/\/fcfamalicao.org\/portal\/wp-json\/wp\/v2\/posts"}],"about":[{"href":"https:\/\/fcfamalicao.org\/portal\/wp-json\/wp\/v2\/types\/post"}],"author":[{"embeddable":true,"href":"https:\/\/fcfamalicao.org\/portal\/wp-json\/wp\/v2\/users\/1"}],"replies":[{"embeddable":true,"href":"https:\/\/fcfamalicao.org\/portal\/wp-json\/wp\/v2\/comments?post=1815"}],"version-history":[{"count":1,"href":"https:\/\/fcfamalicao.org\/portal\/wp-json\/wp\/v2\/posts\/1815\/revisions"}],"predecessor-version":[{"id":1817,"href":"https:\/\/fcfamalicao.org\/portal\/wp-json\/wp\/v2\/posts\/1815\/revisions\/1817"}],"wp:attachment":[{"href":"https:\/\/fcfamalicao.org\/portal\/wp-json\/wp\/v2\/media?parent=1815"}],"wp:term":[{"taxonomy":"category","embeddable":true,"href":"https:\/\/fcfamalicao.org\/portal\/wp-json\/wp\/v2\/categories?post=1815"},{"taxonomy":"post_tag","embeddable":true,"href":"https:\/\/fcfamalicao.org\/portal\/wp-json\/wp\/v2\/tags?post=1815"}],"curies":[{"name":"wp","href":"https:\/\/api.w.org\/{rel}","templated":true}]}}