{"id":1788,"date":"2014-09-12T21:22:17","date_gmt":"2014-09-12T20:22:17","guid":{"rendered":"http:\/\/fcfamalicao.org\/portal\/?p=1788"},"modified":"2014-09-12T21:22:17","modified_gmt":"2014-09-12T20:22:17","slug":"agenda-semanal-futebol-formacao","status":"publish","type":"post","link":"https:\/\/fcfamalicao.org\/portal\/2014\/09\/12\/agenda-semanal-futebol-formacao\/","title":{"rendered":"Agenda Semanal &#8211; Futebol Forma\u00e7\u00e3o"},"content":{"rendered":"<p style=\"text-align: justify;\">\u00c9 j\u00e1 este fim de semana que duas das equipas da Forma\u00e7\u00e3o do FC Famalic\u00e3o entram em a\u00e7\u00e3o no seu campeonato. Os Juniores A ir\u00e3o participar na Divis\u00e3o de Honra da AF de Braga (Juniores), os Juvenis A participar\u00e3o tamb\u00e9m na Divis\u00e3o de Honra AF Braga (Juvenis).<br \/>\n<img loading=\"lazy\" decoding=\"async\" class=\"size-full wp-image-1789\" src=\"http:\/\/fcfamalicao.org\/portal\/wp-content\/uploads\/2014\/09\/agenda_formacao.jpg\" alt=\"agenda_formacao\" width=\"600\" height=\"300\" srcset=\"https:\/\/fcfamalicao.org\/portal\/wp-content\/uploads\/2014\/09\/agenda_formacao.jpg 600w, https:\/\/fcfamalicao.org\/portal\/wp-content\/uploads\/2014\/09\/agenda_formacao-300x150.jpg 300w, https:\/\/fcfamalicao.org\/portal\/wp-content\/uploads\/2014\/09\/agenda_formacao-500x250.jpg 500w\" sizes=\"auto, (max-width: 600px) 100vw, 600px\" \/><\/p>\n<table>\n<tbody>\n<tr style=\"background-color: #0071fc;\">\n<td>Escal\u00e3o<\/td>\n<td>Partida<\/td>\n<td>Data\/Hora<\/td>\n<\/tr>\n<tr style=\"background-color: #cdcccc;\">\n<td>Juniores A<\/td>\n<td>GD Ribeir\u00e3o X FC Famalic\u00e3o<br \/>\nCampo N\u00ba 2 do Ribeir\u00e3o<\/td>\n<td>13\/09<br \/>\n16H00<\/td>\n<\/tr>\n<tr>\n<td>Juvenis A<\/td>\n<td>FC Famalic\u00e3o X GD Ribeir\u00e3o<br \/>\nCampo N\u00ba 2 Complexo Desportivo Famalic\u00e3o<\/td>\n<td>13\/09<br \/>\n16H00<\/td>\n<\/tr>\n<tr style=\"background-color: #cdcccc;\">\n<td>Iniciados \u00a0A<\/td>\n<td>FC Famalic\u00e3o X Santa Maria<br \/>\nCampo N\u00ba 2 Complexo Desportivo Famalic\u00e3o<\/td>\n<td>14\/09<br \/>\n11H00<\/td>\n<\/tr>\n<\/tbody>\n<\/table>\n<p>&nbsp;<\/p>\n<a class=\"synved-social-button synved-social-button-share synved-social-size-24 synved-social-resolution-single synved-social-provider-facebook nolightbox\" data-provider=\"facebook\" target=\"_blank\" rel=\"nofollow\" title=\"Share on Facebook\" href=\"https:\/\/www.facebook.com\/sharer.php?u=https%3A%2F%2Ffcfamalicao.org%2Fportal%2Fwp-json%2Fwp%2Fv2%2Fposts%2F1788&#038;t=Agenda%20Semanal%20%E2%80%93%20Futebol%20Forma%C3%A7%C3%A3o&#038;s=100&#038;p&#091;url&#093;=https%3A%2F%2Ffcfamalicao.org%2Fportal%2Fwp-json%2Fwp%2Fv2%2Fposts%2F1788&#038;p&#091;images&#093;&#091;0&#093;=http%3A%2F%2Ffcfamalicao.org%2Fportal%2Fwp-content%2Fuploads%2F2014%2F09%2Fagenda_formacao.jpg&#038;p&#091;title&#093;=Agenda%20Semanal%20%E2%80%93%20Futebol%20Forma%C3%A7%C3%A3o\" style=\"font-size: 0px;width:24px;height:24px;margin:0;margin-bottom:5px;margin-right:5px\"><img loading=\"lazy\" decoding=\"async\" alt=\"Facebook\" title=\"Share on Facebook\" class=\"synved-share-image synved-social-image synved-social-image-share\" width=\"24\" height=\"24\" style=\"display: inline;width:24px;height:24px;margin: 0;padding: 0;border: none;box-shadow: none\" src=\"https:\/\/fcfamalicao.org\/portal\/wp-content\/plugins\/social-media-feather\/synved-social\/image\/social\/regular\/48x48\/facebook.png\" \/><\/a><a class=\"synved-social-button synved-social-button-share synved-social-size-24 synved-social-resolution-single synved-social-provider-twitter nolightbox\" data-provider=\"twitter\" target=\"_blank\" rel=\"nofollow\" title=\"Share on Twitter\" href=\"https:\/\/twitter.com\/intent\/tweet?url=https%3A%2F%2Ffcfamalicao.org%2Fportal%2Fwp-json%2Fwp%2Fv2%2Fposts%2F1788&#038;text=Novidades%20%E2%80%93%20FC%20Famalic%C3%A3o%20Clube%20de%20F%C3%A3s%20Online\" style=\"font-size: 0px;width:24px;height:24px;margin:0;margin-bottom:5px\"><img loading=\"lazy\" decoding=\"async\" alt=\"twitter\" title=\"Share on Twitter\" class=\"synved-share-image synved-social-image synved-social-image-share\" width=\"24\" height=\"24\" style=\"display: inline;width:24px;height:24px;margin: 0;padding: 0;border: none;box-shadow: none\" src=\"https:\/\/fcfamalicao.org\/portal\/wp-content\/plugins\/social-media-feather\/synved-social\/image\/social\/regular\/48x48\/twitter.png\" \/><\/a><a class=\"synved-social-credit\" target=\"_blank\" rel=\"nofollow\" title=\"WordPress Social Media Feather\" href=\"http:\/\/synved.com\/wordpress-social-media-feather\/\" style=\"color:#444;text-decoration:none;font-size:8px;margin-left:5px;vertical-align:10px;white-space:nowrap\"><span>by <\/span><img loading=\"lazy\" decoding=\"async\" style=\"display: inline;margin:0;padding:0;width:16px;height:16px\" width=\"16\" height=\"16\" alt=\"feather\" src=\"https:\/\/fcfamalicao.org\/portal\/wp-content\/plugins\/social-media-feather\/synved-social\/image\/icon.png\" \/><\/a>","protected":false},"excerpt":{"rendered":"<p>\u00c9 j\u00e1 este fim de semana que duas das equipas da Forma\u00e7\u00e3o do FC Famalic\u00e3o entram em a\u00e7\u00e3o no seu campeonato. Os Juniores A ir\u00e3o participar na Divis\u00e3o de Honra da AF de Braga (Juniores), os Juvenis A participar\u00e3o tamb\u00e9m &hellip; <a href=\"https:\/\/fcfamalicao.org\/portal\/2014\/09\/12\/agenda-semanal-futebol-formacao\/\">Continuar a ler <span class=\"meta-nav\">&rarr;<\/span><\/a><\/p>\n","protected":false},"author":1,"featured_media":0,"comment_status":"closed","ping_status":"closed","sticky":false,"template":"","format":"standard","meta":{"ngg_post_thumbnail":0,"footnotes":""},"categories":[1],"tags":[],"class_list":["post-1788","post","type-post","status-publish","format-standard","hentry","category-formacao"],"_links":{"self":[{"href":"https:\/\/fcfamalicao.org\/portal\/wp-json\/wp\/v2\/posts\/1788","targetHints":{"allow":["GET"]}}],"collection":[{"href":"https:\/\/fcfamalicao.org\/portal\/wp-json\/wp\/v2\/posts"}],"about":[{"href":"https:\/\/fcfamalicao.org\/portal\/wp-json\/wp\/v2\/types\/post"}],"author":[{"embeddable":true,"href":"https:\/\/fcfamalicao.org\/portal\/wp-json\/wp\/v2\/users\/1"}],"replies":[{"embeddable":true,"href":"https:\/\/fcfamalicao.org\/portal\/wp-json\/wp\/v2\/comments?post=1788"}],"version-history":[{"count":1,"href":"https:\/\/fcfamalicao.org\/portal\/wp-json\/wp\/v2\/posts\/1788\/revisions"}],"predecessor-version":[{"id":1790,"href":"https:\/\/fcfamalicao.org\/portal\/wp-json\/wp\/v2\/posts\/1788\/revisions\/1790"}],"wp:attachment":[{"href":"https:\/\/fcfamalicao.org\/portal\/wp-json\/wp\/v2\/media?parent=1788"}],"wp:term":[{"taxonomy":"category","embeddable":true,"href":"https:\/\/fcfamalicao.org\/portal\/wp-json\/wp\/v2\/categories?post=1788"},{"taxonomy":"post_tag","embeddable":true,"href":"https:\/\/fcfamalicao.org\/portal\/wp-json\/wp\/v2\/tags?post=1788"}],"curies":[{"name":"wp","href":"https:\/\/api.w.org\/{rel}","templated":true}]}}