{"id":1770,"date":"2014-09-04T23:35:06","date_gmt":"2014-09-04T22:35:06","guid":{"rendered":"http:\/\/fcfamalicao.org\/portal\/?p=1770"},"modified":"2014-09-04T23:35:06","modified_gmt":"2014-09-04T22:35:06","slug":"agora-a-taca-de-portugal","status":"publish","type":"post","link":"https:\/\/fcfamalicao.org\/portal\/2014\/09\/04\/agora-a-taca-de-portugal\/","title":{"rendered":"Agora a Ta\u00e7a de Portugal"},"content":{"rendered":"<p style=\"text-align: justify;\">\u00c9 j\u00e1 no pr\u00f3ximo s\u00e1bado, dia 6 de setembro pelas 16 horas, que o FC Famalic\u00e3o d\u00e1 o pontap\u00e9 de sa\u00edda da sua participa\u00e7\u00e3o na Ta\u00e7a de Portugal, edi\u00e7\u00e3o 2014\/2015.<br \/>\nNo est\u00e1dio da Nora em Ferreiras, concelho de Albufeira, v\u00e3o-se enfrentar dois participantes no CNS, o Famalic\u00e3o da S\u00e9rie B e o Ferreiras da S\u00e9rie H, sendo que ambos ocupam o terceiro lugar da sua s\u00e9rie.<br \/>\nA Ta\u00e7a de Portugal \u00e9 uma festa em que os clubes do norte v\u00e3o jogar ao sul e os do sul jogam no norte, pois os jogos s\u00e3o ditados por sorteio e como tal \u00e9 uma competi\u00e7\u00e3o muito apreciada pelos adeptos, pena que estas nuances fa\u00e7am com que os s\u00f3cios e simpatizantes\u00a0tenham muitas dificuldades em acompanhar os seus clubes.<br \/>\n<img loading=\"lazy\" decoding=\"async\" class=\"alignleft size-full wp-image-1769\" src=\"http:\/\/fcfamalicao.org\/portal\/wp-content\/uploads\/2014\/09\/14_15_0019.jpg\" alt=\"14_15_0019\" width=\"600\" height=\"345\" srcset=\"https:\/\/fcfamalicao.org\/portal\/wp-content\/uploads\/2014\/09\/14_15_0019.jpg 600w, https:\/\/fcfamalicao.org\/portal\/wp-content\/uploads\/2014\/09\/14_15_0019-300x172.jpg 300w, https:\/\/fcfamalicao.org\/portal\/wp-content\/uploads\/2014\/09\/14_15_0019-500x287.jpg 500w\" sizes=\"auto, (max-width: 600px) 100vw, 600px\" \/><\/p>\n<a class=\"synved-social-button synved-social-button-share synved-social-size-24 synved-social-resolution-single synved-social-provider-facebook nolightbox\" data-provider=\"facebook\" target=\"_blank\" rel=\"nofollow\" title=\"Share on Facebook\" href=\"https:\/\/www.facebook.com\/sharer.php?u=https%3A%2F%2Ffcfamalicao.org%2Fportal%2Fwp-json%2Fwp%2Fv2%2Fposts%2F1770&#038;t=Agora%20a%20Ta%C3%A7a%20de%20Portugal&#038;s=100&#038;p&#091;url&#093;=https%3A%2F%2Ffcfamalicao.org%2Fportal%2Fwp-json%2Fwp%2Fv2%2Fposts%2F1770&#038;p&#091;images&#093;&#091;0&#093;=http%3A%2F%2Ffcfamalicao.org%2Fportal%2Fwp-content%2Fuploads%2F2014%2F09%2F14_15_0019.jpg&#038;p&#091;title&#093;=Agora%20a%20Ta%C3%A7a%20de%20Portugal\" style=\"font-size: 0px;width:24px;height:24px;margin:0;margin-bottom:5px;margin-right:5px\"><img loading=\"lazy\" decoding=\"async\" alt=\"Facebook\" title=\"Share on Facebook\" class=\"synved-share-image synved-social-image synved-social-image-share\" width=\"24\" height=\"24\" style=\"display: inline;width:24px;height:24px;margin: 0;padding: 0;border: none;box-shadow: none\" src=\"https:\/\/fcfamalicao.org\/portal\/wp-content\/plugins\/social-media-feather\/synved-social\/image\/social\/regular\/48x48\/facebook.png\" \/><\/a><a class=\"synved-social-button synved-social-button-share synved-social-size-24 synved-social-resolution-single synved-social-provider-twitter nolightbox\" data-provider=\"twitter\" target=\"_blank\" rel=\"nofollow\" title=\"Share on Twitter\" href=\"https:\/\/twitter.com\/intent\/tweet?url=https%3A%2F%2Ffcfamalicao.org%2Fportal%2Fwp-json%2Fwp%2Fv2%2Fposts%2F1770&#038;text=Novidades%20%E2%80%93%20FC%20Famalic%C3%A3o%20Clube%20de%20F%C3%A3s%20Online\" style=\"font-size: 0px;width:24px;height:24px;margin:0;margin-bottom:5px\"><img loading=\"lazy\" decoding=\"async\" alt=\"twitter\" title=\"Share on Twitter\" class=\"synved-share-image synved-social-image synved-social-image-share\" width=\"24\" height=\"24\" style=\"display: inline;width:24px;height:24px;margin: 0;padding: 0;border: none;box-shadow: none\" src=\"https:\/\/fcfamalicao.org\/portal\/wp-content\/plugins\/social-media-feather\/synved-social\/image\/social\/regular\/48x48\/twitter.png\" \/><\/a><a class=\"synved-social-credit\" target=\"_blank\" rel=\"nofollow\" title=\"WordPress Social Media Feather\" href=\"http:\/\/synved.com\/wordpress-social-media-feather\/\" style=\"color:#444;text-decoration:none;font-size:8px;margin-left:5px;vertical-align:10px;white-space:nowrap\"><span>by <\/span><img loading=\"lazy\" decoding=\"async\" style=\"display: inline;margin:0;padding:0;width:16px;height:16px\" width=\"16\" height=\"16\" alt=\"feather\" src=\"https:\/\/fcfamalicao.org\/portal\/wp-content\/plugins\/social-media-feather\/synved-social\/image\/icon.png\" \/><\/a>","protected":false},"excerpt":{"rendered":"<p>\u00c9 j\u00e1 no pr\u00f3ximo s\u00e1bado, dia 6 de setembro pelas 16 horas, que o FC Famalic\u00e3o d\u00e1 o pontap\u00e9 de sa\u00edda da sua participa\u00e7\u00e3o na Ta\u00e7a de Portugal, edi\u00e7\u00e3o 2014\/2015. No est\u00e1dio da Nora em Ferreiras, concelho de Albufeira, v\u00e3o-se &hellip; <a href=\"https:\/\/fcfamalicao.org\/portal\/2014\/09\/04\/agora-a-taca-de-portugal\/\">Continuar a ler <span class=\"meta-nav\">&rarr;<\/span><\/a><\/p>\n","protected":false},"author":1,"featured_media":0,"comment_status":"closed","ping_status":"closed","sticky":false,"template":"","format":"standard","meta":{"ngg_post_thumbnail":0,"footnotes":""},"categories":[2],"tags":[],"class_list":["post-1770","post","type-post","status-publish","format-standard","hentry","category-seniores"],"_links":{"self":[{"href":"https:\/\/fcfamalicao.org\/portal\/wp-json\/wp\/v2\/posts\/1770","targetHints":{"allow":["GET"]}}],"collection":[{"href":"https:\/\/fcfamalicao.org\/portal\/wp-json\/wp\/v2\/posts"}],"about":[{"href":"https:\/\/fcfamalicao.org\/portal\/wp-json\/wp\/v2\/types\/post"}],"author":[{"embeddable":true,"href":"https:\/\/fcfamalicao.org\/portal\/wp-json\/wp\/v2\/users\/1"}],"replies":[{"embeddable":true,"href":"https:\/\/fcfamalicao.org\/portal\/wp-json\/wp\/v2\/comments?post=1770"}],"version-history":[{"count":1,"href":"https:\/\/fcfamalicao.org\/portal\/wp-json\/wp\/v2\/posts\/1770\/revisions"}],"predecessor-version":[{"id":1771,"href":"https:\/\/fcfamalicao.org\/portal\/wp-json\/wp\/v2\/posts\/1770\/revisions\/1771"}],"wp:attachment":[{"href":"https:\/\/fcfamalicao.org\/portal\/wp-json\/wp\/v2\/media?parent=1770"}],"wp:term":[{"taxonomy":"category","embeddable":true,"href":"https:\/\/fcfamalicao.org\/portal\/wp-json\/wp\/v2\/categories?post=1770"},{"taxonomy":"post_tag","embeddable":true,"href":"https:\/\/fcfamalicao.org\/portal\/wp-json\/wp\/v2\/tags?post=1770"}],"curies":[{"name":"wp","href":"https:\/\/api.w.org\/{rel}","templated":true}]}}