{"id":1740,"date":"2014-08-25T23:22:29","date_gmt":"2014-08-25T22:22:29","guid":{"rendered":"http:\/\/fcfamalicao.org\/portal\/?p=1740"},"modified":"2014-08-25T23:22:29","modified_gmt":"2014-08-25T22:22:29","slug":"fc-famalicao-entrada-com-um-empate","status":"publish","type":"post","link":"https:\/\/fcfamalicao.org\/portal\/2014\/08\/25\/fc-famalicao-entrada-com-um-empate\/","title":{"rendered":"FC Famalic\u00e3o entrada com um empate"},"content":{"rendered":"<p style=\"text-align: justify;\"><span style=\"color: #444444;\"><img loading=\"lazy\" decoding=\"async\" class=\"alignleft size-full wp-image-1741\" src=\"http:\/\/fcfamalicao.org\/portal\/wp-content\/uploads\/2014\/08\/14_15_0015.jpg\" alt=\"14_15_0015\" width=\"600\" height=\"125\" srcset=\"https:\/\/fcfamalicao.org\/portal\/wp-content\/uploads\/2014\/08\/14_15_0015.jpg 600w, https:\/\/fcfamalicao.org\/portal\/wp-content\/uploads\/2014\/08\/14_15_0015-300x62.jpg 300w, https:\/\/fcfamalicao.org\/portal\/wp-content\/uploads\/2014\/08\/14_15_0015-500x104.jpg 500w\" sizes=\"auto, (max-width: 600px) 100vw, 600px\" \/><span style=\"color: #444444;\">Na jornada inaugural da S\u00e9rie B\u00a0<\/span><span style=\"color: #444444;\">do Campeonato Nacional de Seniores<\/span><span style=\"color: #444444;\">, o FC Famalic\u00e3o deslocou-se at\u00e9 Felgueiras e o encontro\u00a0<\/span><span style=\"color: #444444;\">acabou com um empate a zero.<br \/>\n<\/span><\/span>O FC Famalic\u00e3o disp\u00f4s de oportunidades para marcar mas n\u00e3o conseguiu e na vez que mandou a bola para o fundo das redes o golo foi anulado por desloca\u00e7\u00e3o do atleta famalicense.<br \/>\nAs equipas alinharam:<br \/>\n<strong>FC Felgueiras<\/strong> &#8211; Caj\u00f3, Carlos Freitas, Diogo Oliveira, Samuel, Pinto, H\u00e9lder Pedro (Bessa 61&#8242;), Bakero (Moreira 66&#8242;), Neves, Zamorano (Henrique Faria 89&#8242;), Z\u00e9 Lopes e Man\u00e9.<br \/>\n<strong>FC Famalic\u00e3o<\/strong> &#8211; Murta, Daniel, Vila\u00e7a, Lu\u00eds Alberto, Jo\u00e3o Pedro Santos, M\u00e9rcio, Diego (Diogo Torres 60&#8242;), Ibraima, Diego Medeiros (Jo\u00e3o Paulo 81&#8242;), Correia e Feliz.<br \/>\n<strong>Ac\u00e7\u00e3o disciplinar<\/strong> &#8211; Amarelos: Ibraima (26&#8242;), Diogo Oliveira (32&#8242;), M\u00e9rcio (38&#8242;), Pinto (66&#8242;), Man\u00e9 (78&#8242;) e Daniel (92&#8242;).<\/p>\n<a class=\"synved-social-button synved-social-button-share synved-social-size-24 synved-social-resolution-single synved-social-provider-facebook nolightbox\" data-provider=\"facebook\" target=\"_blank\" rel=\"nofollow\" title=\"Share on Facebook\" href=\"https:\/\/www.facebook.com\/sharer.php?u=https%3A%2F%2Ffcfamalicao.org%2Fportal%2Fwp-json%2Fwp%2Fv2%2Fposts%2F1740&#038;t=FC%20Famalic%C3%A3o%20entrada%20com%20um%20empate&#038;s=100&#038;p&#091;url&#093;=https%3A%2F%2Ffcfamalicao.org%2Fportal%2Fwp-json%2Fwp%2Fv2%2Fposts%2F1740&#038;p&#091;images&#093;&#091;0&#093;=http%3A%2F%2Ffcfamalicao.org%2Fportal%2Fwp-content%2Fuploads%2F2014%2F08%2F14_15_0015.jpg&#038;p&#091;title&#093;=FC%20Famalic%C3%A3o%20entrada%20com%20um%20empate\" style=\"font-size: 0px;width:24px;height:24px;margin:0;margin-bottom:5px;margin-right:5px\"><img loading=\"lazy\" decoding=\"async\" alt=\"Facebook\" title=\"Share on Facebook\" class=\"synved-share-image synved-social-image synved-social-image-share\" width=\"24\" height=\"24\" style=\"display: inline;width:24px;height:24px;margin: 0;padding: 0;border: none;box-shadow: none\" src=\"https:\/\/fcfamalicao.org\/portal\/wp-content\/plugins\/social-media-feather\/synved-social\/image\/social\/regular\/48x48\/facebook.png\" \/><\/a><a class=\"synved-social-button synved-social-button-share synved-social-size-24 synved-social-resolution-single synved-social-provider-twitter nolightbox\" data-provider=\"twitter\" target=\"_blank\" rel=\"nofollow\" title=\"Share on Twitter\" href=\"https:\/\/twitter.com\/intent\/tweet?url=https%3A%2F%2Ffcfamalicao.org%2Fportal%2Fwp-json%2Fwp%2Fv2%2Fposts%2F1740&#038;text=Novidades%20%E2%80%93%20FC%20Famalic%C3%A3o%20Clube%20de%20F%C3%A3s%20Online\" style=\"font-size: 0px;width:24px;height:24px;margin:0;margin-bottom:5px\"><img loading=\"lazy\" decoding=\"async\" alt=\"twitter\" title=\"Share on Twitter\" class=\"synved-share-image synved-social-image synved-social-image-share\" width=\"24\" height=\"24\" style=\"display: inline;width:24px;height:24px;margin: 0;padding: 0;border: none;box-shadow: none\" src=\"https:\/\/fcfamalicao.org\/portal\/wp-content\/plugins\/social-media-feather\/synved-social\/image\/social\/regular\/48x48\/twitter.png\" \/><\/a><a class=\"synved-social-credit\" target=\"_blank\" rel=\"nofollow\" title=\"WordPress Social Media Feather\" href=\"http:\/\/synved.com\/wordpress-social-media-feather\/\" style=\"color:#444;text-decoration:none;font-size:8px;margin-left:5px;vertical-align:10px;white-space:nowrap\"><span>by <\/span><img loading=\"lazy\" decoding=\"async\" style=\"display: inline;margin:0;padding:0;width:16px;height:16px\" width=\"16\" height=\"16\" alt=\"feather\" src=\"https:\/\/fcfamalicao.org\/portal\/wp-content\/plugins\/social-media-feather\/synved-social\/image\/icon.png\" \/><\/a>","protected":false},"excerpt":{"rendered":"<p>Na jornada inaugural da S\u00e9rie B\u00a0do Campeonato Nacional de Seniores, o FC Famalic\u00e3o deslocou-se at\u00e9 Felgueiras e o encontro\u00a0acabou com um empate a zero. O FC Famalic\u00e3o disp\u00f4s de oportunidades para marcar mas n\u00e3o conseguiu e na vez que mandou &hellip; <a href=\"https:\/\/fcfamalicao.org\/portal\/2014\/08\/25\/fc-famalicao-entrada-com-um-empate\/\">Continuar a ler <span class=\"meta-nav\">&rarr;<\/span><\/a><\/p>\n","protected":false},"author":1,"featured_media":0,"comment_status":"closed","ping_status":"closed","sticky":false,"template":"","format":"standard","meta":{"ngg_post_thumbnail":0,"footnotes":""},"categories":[2],"tags":[],"class_list":["post-1740","post","type-post","status-publish","format-standard","hentry","category-seniores"],"_links":{"self":[{"href":"https:\/\/fcfamalicao.org\/portal\/wp-json\/wp\/v2\/posts\/1740","targetHints":{"allow":["GET"]}}],"collection":[{"href":"https:\/\/fcfamalicao.org\/portal\/wp-json\/wp\/v2\/posts"}],"about":[{"href":"https:\/\/fcfamalicao.org\/portal\/wp-json\/wp\/v2\/types\/post"}],"author":[{"embeddable":true,"href":"https:\/\/fcfamalicao.org\/portal\/wp-json\/wp\/v2\/users\/1"}],"replies":[{"embeddable":true,"href":"https:\/\/fcfamalicao.org\/portal\/wp-json\/wp\/v2\/comments?post=1740"}],"version-history":[{"count":1,"href":"https:\/\/fcfamalicao.org\/portal\/wp-json\/wp\/v2\/posts\/1740\/revisions"}],"predecessor-version":[{"id":1742,"href":"https:\/\/fcfamalicao.org\/portal\/wp-json\/wp\/v2\/posts\/1740\/revisions\/1742"}],"wp:attachment":[{"href":"https:\/\/fcfamalicao.org\/portal\/wp-json\/wp\/v2\/media?parent=1740"}],"wp:term":[{"taxonomy":"category","embeddable":true,"href":"https:\/\/fcfamalicao.org\/portal\/wp-json\/wp\/v2\/categories?post=1740"},{"taxonomy":"post_tag","embeddable":true,"href":"https:\/\/fcfamalicao.org\/portal\/wp-json\/wp\/v2\/tags?post=1740"}],"curies":[{"name":"wp","href":"https:\/\/api.w.org\/{rel}","templated":true}]}}