{"id":1692,"date":"2014-08-17T12:33:32","date_gmt":"2014-08-17T11:33:32","guid":{"rendered":"http:\/\/fcfamalicao.org\/portal\/?p=1692"},"modified":"2014-08-17T12:33:32","modified_gmt":"2014-08-17T11:33:32","slug":"pre-epoca-termina-com-vitoria","status":"publish","type":"post","link":"https:\/\/fcfamalicao.org\/portal\/2014\/08\/17\/pre-epoca-termina-com-vitoria\/","title":{"rendered":"Pr\u00e9-\u00e9poca termina com vit\u00f3ria"},"content":{"rendered":"<p style=\"text-align: justify;\">O FC Famalic\u00e3o realizou o s\u00e9timo encontro de prepara\u00e7\u00e3o da \u00e9poca desportiva 2014-15 frente ao Santa Maria, equipa que milita o CNS &#8211; S\u00e9rie A. Neste encontro os comandados de Daniel Ramos venceram por 3-1.<br \/>\nNos sete encontros realizados o FC Famalic\u00e3o venceu por seis vezes e sofreu apenas uma derrota frente ao FC Penafiel, tendo marcado por treze vezes e sofrido tr\u00eas.<br \/>\nO campeonato est\u00e1 a\u00ed \u00e0 porta falta uma semana para o seu in\u00edcio e vamos todos apoiar esta forma\u00e7\u00e3o na perspetiva de que nos d\u00ea muitas alegrias e que consiga atingir os objetivos.<br \/>\n<img loading=\"lazy\" decoding=\"async\" class=\"alignleft size-full wp-image-1693\" src=\"http:\/\/fcfamalicao.org\/portal\/wp-content\/uploads\/2014\/08\/14_15_0013.jpg\" alt=\"Torneio Lopes da Silva. AF Braga VS AF Angra Heroi\u0301smo ( 6-0 ). Campo do instituto Polit\u00e9cnico de Bragan\u00e7a. Bragan\u00e7a\" width=\"600\" height=\"300\" srcset=\"https:\/\/fcfamalicao.org\/portal\/wp-content\/uploads\/2014\/08\/14_15_0013.jpg 600w, https:\/\/fcfamalicao.org\/portal\/wp-content\/uploads\/2014\/08\/14_15_0013-300x150.jpg 300w, https:\/\/fcfamalicao.org\/portal\/wp-content\/uploads\/2014\/08\/14_15_0013-500x250.jpg 500w\" sizes=\"auto, (max-width: 600px) 100vw, 600px\" \/><\/p>\n<a class=\"synved-social-button synved-social-button-share synved-social-size-24 synved-social-resolution-single synved-social-provider-facebook nolightbox\" data-provider=\"facebook\" target=\"_blank\" rel=\"nofollow\" title=\"Share on Facebook\" href=\"https:\/\/www.facebook.com\/sharer.php?u=https%3A%2F%2Ffcfamalicao.org%2Fportal%2Fwp-json%2Fwp%2Fv2%2Fposts%2F1692&#038;t=Pr%C3%A9-%C3%A9poca%20termina%20com%20vit%C3%B3ria&#038;s=100&#038;p&#091;url&#093;=https%3A%2F%2Ffcfamalicao.org%2Fportal%2Fwp-json%2Fwp%2Fv2%2Fposts%2F1692&#038;p&#091;images&#093;&#091;0&#093;=http%3A%2F%2Ffcfamalicao.org%2Fportal%2Fwp-content%2Fuploads%2F2014%2F08%2F14_15_0013.jpg&#038;p&#091;title&#093;=Pr%C3%A9-%C3%A9poca%20termina%20com%20vit%C3%B3ria\" style=\"font-size: 0px;width:24px;height:24px;margin:0;margin-bottom:5px;margin-right:5px\"><img loading=\"lazy\" decoding=\"async\" alt=\"Facebook\" title=\"Share on Facebook\" class=\"synved-share-image synved-social-image synved-social-image-share\" width=\"24\" height=\"24\" style=\"display: inline;width:24px;height:24px;margin: 0;padding: 0;border: none;box-shadow: none\" src=\"https:\/\/fcfamalicao.org\/portal\/wp-content\/plugins\/social-media-feather\/synved-social\/image\/social\/regular\/48x48\/facebook.png\" \/><\/a><a class=\"synved-social-button synved-social-button-share synved-social-size-24 synved-social-resolution-single synved-social-provider-twitter nolightbox\" data-provider=\"twitter\" target=\"_blank\" rel=\"nofollow\" title=\"Share on Twitter\" href=\"https:\/\/twitter.com\/intent\/tweet?url=https%3A%2F%2Ffcfamalicao.org%2Fportal%2Fwp-json%2Fwp%2Fv2%2Fposts%2F1692&#038;text=Novidades%20%E2%80%93%20FC%20Famalic%C3%A3o%20Clube%20de%20F%C3%A3s%20Online\" style=\"font-size: 0px;width:24px;height:24px;margin:0;margin-bottom:5px\"><img loading=\"lazy\" decoding=\"async\" alt=\"twitter\" title=\"Share on Twitter\" class=\"synved-share-image synved-social-image synved-social-image-share\" width=\"24\" height=\"24\" style=\"display: inline;width:24px;height:24px;margin: 0;padding: 0;border: none;box-shadow: none\" src=\"https:\/\/fcfamalicao.org\/portal\/wp-content\/plugins\/social-media-feather\/synved-social\/image\/social\/regular\/48x48\/twitter.png\" \/><\/a><a class=\"synved-social-credit\" target=\"_blank\" rel=\"nofollow\" title=\"WordPress Social Media Feather\" href=\"http:\/\/synved.com\/wordpress-social-media-feather\/\" style=\"color:#444;text-decoration:none;font-size:8px;margin-left:5px;vertical-align:10px;white-space:nowrap\"><span>by <\/span><img loading=\"lazy\" decoding=\"async\" style=\"display: inline;margin:0;padding:0;width:16px;height:16px\" width=\"16\" height=\"16\" alt=\"feather\" src=\"https:\/\/fcfamalicao.org\/portal\/wp-content\/plugins\/social-media-feather\/synved-social\/image\/icon.png\" \/><\/a>","protected":false},"excerpt":{"rendered":"<p>O FC Famalic\u00e3o realizou o s\u00e9timo encontro de prepara\u00e7\u00e3o da \u00e9poca desportiva 2014-15 frente ao Santa Maria, equipa que milita o CNS &#8211; S\u00e9rie A. Neste encontro os comandados de Daniel Ramos venceram por 3-1. Nos sete encontros realizados o &hellip; <a href=\"https:\/\/fcfamalicao.org\/portal\/2014\/08\/17\/pre-epoca-termina-com-vitoria\/\">Continuar a ler <span class=\"meta-nav\">&rarr;<\/span><\/a><\/p>\n","protected":false},"author":1,"featured_media":0,"comment_status":"closed","ping_status":"closed","sticky":false,"template":"","format":"standard","meta":{"ngg_post_thumbnail":0,"footnotes":""},"categories":[2],"tags":[],"class_list":["post-1692","post","type-post","status-publish","format-standard","hentry","category-seniores"],"_links":{"self":[{"href":"https:\/\/fcfamalicao.org\/portal\/wp-json\/wp\/v2\/posts\/1692","targetHints":{"allow":["GET"]}}],"collection":[{"href":"https:\/\/fcfamalicao.org\/portal\/wp-json\/wp\/v2\/posts"}],"about":[{"href":"https:\/\/fcfamalicao.org\/portal\/wp-json\/wp\/v2\/types\/post"}],"author":[{"embeddable":true,"href":"https:\/\/fcfamalicao.org\/portal\/wp-json\/wp\/v2\/users\/1"}],"replies":[{"embeddable":true,"href":"https:\/\/fcfamalicao.org\/portal\/wp-json\/wp\/v2\/comments?post=1692"}],"version-history":[{"count":1,"href":"https:\/\/fcfamalicao.org\/portal\/wp-json\/wp\/v2\/posts\/1692\/revisions"}],"predecessor-version":[{"id":1694,"href":"https:\/\/fcfamalicao.org\/portal\/wp-json\/wp\/v2\/posts\/1692\/revisions\/1694"}],"wp:attachment":[{"href":"https:\/\/fcfamalicao.org\/portal\/wp-json\/wp\/v2\/media?parent=1692"}],"wp:term":[{"taxonomy":"category","embeddable":true,"href":"https:\/\/fcfamalicao.org\/portal\/wp-json\/wp\/v2\/categories?post=1692"},{"taxonomy":"post_tag","embeddable":true,"href":"https:\/\/fcfamalicao.org\/portal\/wp-json\/wp\/v2\/tags?post=1692"}],"curies":[{"name":"wp","href":"https:\/\/api.w.org\/{rel}","templated":true}]}}