{"id":1682,"date":"2014-08-11T00:08:38","date_gmt":"2014-08-10T23:08:38","guid":{"rendered":"http:\/\/fcfamalicao.org\/portal\/?p=1682"},"modified":"2014-08-11T00:08:38","modified_gmt":"2014-08-10T23:08:38","slug":"fc-famalicao-vs-cd-cinfaes","status":"publish","type":"post","link":"https:\/\/fcfamalicao.org\/portal\/2014\/08\/11\/fc-famalicao-vs-cd-cinfaes\/","title":{"rendered":"FC Famalic\u00e3o Vs CD Cinf\u00e3es"},"content":{"rendered":"<p style=\"text-align: justify;\">O FC Famalic\u00e3o realizou a festa de apresenta\u00e7\u00e3o do plantel aos associados. O clube escolhido foi o FC Penafiel equipa primodivision\u00e1ria. Os penafidelenses acabaram por vencer o encontro por uma bola a zero, n\u00e3o sem o FC Famalic\u00e3o vender cara a derrota pois por v\u00e1rias vezes poderia chegar ao golo n\u00e3o fosse a exibi\u00e7\u00e3o de Coelho guarda-redes do Penafiel que defendeu tudo o que havia para defender.<br \/>\nExcelente apontamento do FC Famalic\u00e3o que mostrou ter capacidades para enfrentar o duro campeonato do CNS.<br \/>\nNa pr\u00f3xima quarta-feira o FC Famalic\u00e3o pelas 19:00 horas realiza mais um apronto desta feita frente ao Cinf\u00e3es, equipa que milita o CNS-S\u00e9rie C<br \/>\n<img loading=\"lazy\" decoding=\"async\" class=\"alignleft size-full wp-image-1683\" src=\"http:\/\/fcfamalicao.org\/portal\/wp-content\/uploads\/2014\/08\/14_15_0011.jpg\" alt=\"14_15_0011\" width=\"600\" height=\"338\" srcset=\"https:\/\/fcfamalicao.org\/portal\/wp-content\/uploads\/2014\/08\/14_15_0011.jpg 600w, https:\/\/fcfamalicao.org\/portal\/wp-content\/uploads\/2014\/08\/14_15_0011-300x169.jpg 300w, https:\/\/fcfamalicao.org\/portal\/wp-content\/uploads\/2014\/08\/14_15_0011-500x281.jpg 500w\" sizes=\"auto, (max-width: 600px) 100vw, 600px\" \/><\/p>\n<a class=\"synved-social-button synved-social-button-share synved-social-size-24 synved-social-resolution-single synved-social-provider-facebook nolightbox\" data-provider=\"facebook\" target=\"_blank\" rel=\"nofollow\" title=\"Share on Facebook\" href=\"https:\/\/www.facebook.com\/sharer.php?u=https%3A%2F%2Ffcfamalicao.org%2Fportal%2Fwp-json%2Fwp%2Fv2%2Fposts%2F1682&#038;t=FC%20Famalic%C3%A3o%20Vs%20CD%20Cinf%C3%A3es&#038;s=100&#038;p&#091;url&#093;=https%3A%2F%2Ffcfamalicao.org%2Fportal%2Fwp-json%2Fwp%2Fv2%2Fposts%2F1682&#038;p&#091;images&#093;&#091;0&#093;=http%3A%2F%2Ffcfamalicao.org%2Fportal%2Fwp-content%2Fuploads%2F2014%2F08%2F14_15_0011.jpg&#038;p&#091;title&#093;=FC%20Famalic%C3%A3o%20Vs%20CD%20Cinf%C3%A3es\" style=\"font-size: 0px;width:24px;height:24px;margin:0;margin-bottom:5px;margin-right:5px\"><img loading=\"lazy\" decoding=\"async\" alt=\"Facebook\" title=\"Share on Facebook\" class=\"synved-share-image synved-social-image synved-social-image-share\" width=\"24\" height=\"24\" style=\"display: inline;width:24px;height:24px;margin: 0;padding: 0;border: none;box-shadow: none\" src=\"https:\/\/fcfamalicao.org\/portal\/wp-content\/plugins\/social-media-feather\/synved-social\/image\/social\/regular\/48x48\/facebook.png\" \/><\/a><a class=\"synved-social-button synved-social-button-share synved-social-size-24 synved-social-resolution-single synved-social-provider-twitter nolightbox\" data-provider=\"twitter\" target=\"_blank\" rel=\"nofollow\" title=\"Share on Twitter\" href=\"https:\/\/twitter.com\/intent\/tweet?url=https%3A%2F%2Ffcfamalicao.org%2Fportal%2Fwp-json%2Fwp%2Fv2%2Fposts%2F1682&#038;text=Novidades%20%E2%80%93%20FC%20Famalic%C3%A3o%20Clube%20de%20F%C3%A3s%20Online\" style=\"font-size: 0px;width:24px;height:24px;margin:0;margin-bottom:5px\"><img loading=\"lazy\" decoding=\"async\" alt=\"twitter\" title=\"Share on Twitter\" class=\"synved-share-image synved-social-image synved-social-image-share\" width=\"24\" height=\"24\" style=\"display: inline;width:24px;height:24px;margin: 0;padding: 0;border: none;box-shadow: none\" src=\"https:\/\/fcfamalicao.org\/portal\/wp-content\/plugins\/social-media-feather\/synved-social\/image\/social\/regular\/48x48\/twitter.png\" \/><\/a><a class=\"synved-social-credit\" target=\"_blank\" rel=\"nofollow\" title=\"WordPress Social Media Feather\" href=\"http:\/\/synved.com\/wordpress-social-media-feather\/\" style=\"color:#444;text-decoration:none;font-size:8px;margin-left:5px;vertical-align:10px;white-space:nowrap\"><span>by <\/span><img loading=\"lazy\" decoding=\"async\" style=\"display: inline;margin:0;padding:0;width:16px;height:16px\" width=\"16\" height=\"16\" alt=\"feather\" src=\"https:\/\/fcfamalicao.org\/portal\/wp-content\/plugins\/social-media-feather\/synved-social\/image\/icon.png\" \/><\/a>","protected":false},"excerpt":{"rendered":"<p>O FC Famalic\u00e3o realizou a festa de apresenta\u00e7\u00e3o do plantel aos associados. O clube escolhido foi o FC Penafiel equipa primodivision\u00e1ria. Os penafidelenses acabaram por vencer o encontro por uma bola a zero, n\u00e3o sem o FC Famalic\u00e3o vender cara &hellip; <a href=\"https:\/\/fcfamalicao.org\/portal\/2014\/08\/11\/fc-famalicao-vs-cd-cinfaes\/\">Continuar a ler <span class=\"meta-nav\">&rarr;<\/span><\/a><\/p>\n","protected":false},"author":1,"featured_media":0,"comment_status":"closed","ping_status":"closed","sticky":false,"template":"","format":"standard","meta":{"ngg_post_thumbnail":0,"footnotes":""},"categories":[2],"tags":[],"class_list":["post-1682","post","type-post","status-publish","format-standard","hentry","category-seniores"],"_links":{"self":[{"href":"https:\/\/fcfamalicao.org\/portal\/wp-json\/wp\/v2\/posts\/1682","targetHints":{"allow":["GET"]}}],"collection":[{"href":"https:\/\/fcfamalicao.org\/portal\/wp-json\/wp\/v2\/posts"}],"about":[{"href":"https:\/\/fcfamalicao.org\/portal\/wp-json\/wp\/v2\/types\/post"}],"author":[{"embeddable":true,"href":"https:\/\/fcfamalicao.org\/portal\/wp-json\/wp\/v2\/users\/1"}],"replies":[{"embeddable":true,"href":"https:\/\/fcfamalicao.org\/portal\/wp-json\/wp\/v2\/comments?post=1682"}],"version-history":[{"count":1,"href":"https:\/\/fcfamalicao.org\/portal\/wp-json\/wp\/v2\/posts\/1682\/revisions"}],"predecessor-version":[{"id":1684,"href":"https:\/\/fcfamalicao.org\/portal\/wp-json\/wp\/v2\/posts\/1682\/revisions\/1684"}],"wp:attachment":[{"href":"https:\/\/fcfamalicao.org\/portal\/wp-json\/wp\/v2\/media?parent=1682"}],"wp:term":[{"taxonomy":"category","embeddable":true,"href":"https:\/\/fcfamalicao.org\/portal\/wp-json\/wp\/v2\/categories?post=1682"},{"taxonomy":"post_tag","embeddable":true,"href":"https:\/\/fcfamalicao.org\/portal\/wp-json\/wp\/v2\/tags?post=1682"}],"curies":[{"name":"wp","href":"https:\/\/api.w.org\/{rel}","templated":true}]}}