{"id":1677,"date":"2014-08-06T12:46:49","date_gmt":"2014-08-06T11:46:49","guid":{"rendered":"http:\/\/fcfamalicao.org\/portal\/?p=1677"},"modified":"2014-08-06T12:46:49","modified_gmt":"2014-08-06T11:46:49","slug":"fc-famalicao-vs-fc-penafiel-jogo-de-apresentacao","status":"publish","type":"post","link":"https:\/\/fcfamalicao.org\/portal\/2014\/08\/06\/fc-famalicao-vs-fc-penafiel-jogo-de-apresentacao\/","title":{"rendered":"FC Famalic\u00e3o Vs FC Penafiel &#8211; Jogo de Apresenta\u00e7\u00e3o"},"content":{"rendered":"<p style=\"text-align: justify;\">O FC Famalic\u00e3o realizou hoje, dia 6 de agosto, mais um encontro de prepara\u00e7\u00e3o desta feita no terreno do Espinho. O Famalic\u00e3o venceu o encontro por 1-0 com o golo a ser apontado por Correia.<br \/>\nNo pr\u00f3ximo S\u00e1bado, 9 de agosto, ter\u00e1 lugar no Est\u00e1dio Municipal 22 de Junho o Jogo de Apresenta\u00e7\u00e3o do FC Famalic\u00e3o aos s\u00f3cios e simpatizantes. A partida frente ao FC Penafiel est\u00e1 agendada para as 19:45 horas<br \/>\n<img loading=\"lazy\" decoding=\"async\" class=\"alignleft size-full wp-image-1678\" src=\"http:\/\/fcfamalicao.org\/portal\/wp-content\/uploads\/2014\/08\/14_15_0010.jpg\" alt=\"14_15_0010\" width=\"600\" height=\"300\" srcset=\"https:\/\/fcfamalicao.org\/portal\/wp-content\/uploads\/2014\/08\/14_15_0010.jpg 600w, https:\/\/fcfamalicao.org\/portal\/wp-content\/uploads\/2014\/08\/14_15_0010-300x150.jpg 300w, https:\/\/fcfamalicao.org\/portal\/wp-content\/uploads\/2014\/08\/14_15_0010-500x250.jpg 500w\" sizes=\"auto, (max-width: 600px) 100vw, 600px\" \/><\/p>\n<a class=\"synved-social-button synved-social-button-share synved-social-size-24 synved-social-resolution-single synved-social-provider-facebook nolightbox\" data-provider=\"facebook\" target=\"_blank\" rel=\"nofollow\" title=\"Share on Facebook\" href=\"https:\/\/www.facebook.com\/sharer.php?u=https%3A%2F%2Ffcfamalicao.org%2Fportal%2Fwp-json%2Fwp%2Fv2%2Fposts%2F1677&#038;t=FC%20Famalic%C3%A3o%20Vs%20FC%20Penafiel%20%E2%80%93%20Jogo%20de%20Apresenta%C3%A7%C3%A3o&#038;s=100&#038;p&#091;url&#093;=https%3A%2F%2Ffcfamalicao.org%2Fportal%2Fwp-json%2Fwp%2Fv2%2Fposts%2F1677&#038;p&#091;images&#093;&#091;0&#093;=http%3A%2F%2Ffcfamalicao.org%2Fportal%2Fwp-content%2Fuploads%2F2014%2F08%2F14_15_0010.jpg&#038;p&#091;title&#093;=FC%20Famalic%C3%A3o%20Vs%20FC%20Penafiel%20%E2%80%93%20Jogo%20de%20Apresenta%C3%A7%C3%A3o\" style=\"font-size: 0px;width:24px;height:24px;margin:0;margin-bottom:5px;margin-right:5px\"><img loading=\"lazy\" decoding=\"async\" alt=\"Facebook\" title=\"Share on Facebook\" class=\"synved-share-image synved-social-image synved-social-image-share\" width=\"24\" height=\"24\" style=\"display: inline;width:24px;height:24px;margin: 0;padding: 0;border: none;box-shadow: none\" src=\"https:\/\/fcfamalicao.org\/portal\/wp-content\/plugins\/social-media-feather\/synved-social\/image\/social\/regular\/48x48\/facebook.png\" \/><\/a><a class=\"synved-social-button synved-social-button-share synved-social-size-24 synved-social-resolution-single synved-social-provider-twitter nolightbox\" data-provider=\"twitter\" target=\"_blank\" rel=\"nofollow\" title=\"Share on Twitter\" href=\"https:\/\/twitter.com\/intent\/tweet?url=https%3A%2F%2Ffcfamalicao.org%2Fportal%2Fwp-json%2Fwp%2Fv2%2Fposts%2F1677&#038;text=Novidades%20%E2%80%93%20FC%20Famalic%C3%A3o%20Clube%20de%20F%C3%A3s%20Online\" style=\"font-size: 0px;width:24px;height:24px;margin:0;margin-bottom:5px\"><img loading=\"lazy\" decoding=\"async\" alt=\"twitter\" title=\"Share on Twitter\" class=\"synved-share-image synved-social-image synved-social-image-share\" width=\"24\" height=\"24\" style=\"display: inline;width:24px;height:24px;margin: 0;padding: 0;border: none;box-shadow: none\" src=\"https:\/\/fcfamalicao.org\/portal\/wp-content\/plugins\/social-media-feather\/synved-social\/image\/social\/regular\/48x48\/twitter.png\" \/><\/a><a class=\"synved-social-credit\" target=\"_blank\" rel=\"nofollow\" title=\"WordPress Social Media Feather\" href=\"http:\/\/synved.com\/wordpress-social-media-feather\/\" style=\"color:#444;text-decoration:none;font-size:8px;margin-left:5px;vertical-align:10px;white-space:nowrap\"><span>by <\/span><img loading=\"lazy\" decoding=\"async\" style=\"display: inline;margin:0;padding:0;width:16px;height:16px\" width=\"16\" height=\"16\" alt=\"feather\" src=\"https:\/\/fcfamalicao.org\/portal\/wp-content\/plugins\/social-media-feather\/synved-social\/image\/icon.png\" \/><\/a>","protected":false},"excerpt":{"rendered":"<p>O FC Famalic\u00e3o realizou hoje, dia 6 de agosto, mais um encontro de prepara\u00e7\u00e3o desta feita no terreno do Espinho. O Famalic\u00e3o venceu o encontro por 1-0 com o golo a ser apontado por Correia. No pr\u00f3ximo S\u00e1bado, 9 de &hellip; <a href=\"https:\/\/fcfamalicao.org\/portal\/2014\/08\/06\/fc-famalicao-vs-fc-penafiel-jogo-de-apresentacao\/\">Continuar a ler <span class=\"meta-nav\">&rarr;<\/span><\/a><\/p>\n","protected":false},"author":1,"featured_media":0,"comment_status":"closed","ping_status":"closed","sticky":false,"template":"","format":"standard","meta":{"ngg_post_thumbnail":0,"footnotes":""},"categories":[2],"tags":[],"class_list":["post-1677","post","type-post","status-publish","format-standard","hentry","category-seniores"],"_links":{"self":[{"href":"https:\/\/fcfamalicao.org\/portal\/wp-json\/wp\/v2\/posts\/1677","targetHints":{"allow":["GET"]}}],"collection":[{"href":"https:\/\/fcfamalicao.org\/portal\/wp-json\/wp\/v2\/posts"}],"about":[{"href":"https:\/\/fcfamalicao.org\/portal\/wp-json\/wp\/v2\/types\/post"}],"author":[{"embeddable":true,"href":"https:\/\/fcfamalicao.org\/portal\/wp-json\/wp\/v2\/users\/1"}],"replies":[{"embeddable":true,"href":"https:\/\/fcfamalicao.org\/portal\/wp-json\/wp\/v2\/comments?post=1677"}],"version-history":[{"count":1,"href":"https:\/\/fcfamalicao.org\/portal\/wp-json\/wp\/v2\/posts\/1677\/revisions"}],"predecessor-version":[{"id":1679,"href":"https:\/\/fcfamalicao.org\/portal\/wp-json\/wp\/v2\/posts\/1677\/revisions\/1679"}],"wp:attachment":[{"href":"https:\/\/fcfamalicao.org\/portal\/wp-json\/wp\/v2\/media?parent=1677"}],"wp:term":[{"taxonomy":"category","embeddable":true,"href":"https:\/\/fcfamalicao.org\/portal\/wp-json\/wp\/v2\/categories?post=1677"},{"taxonomy":"post_tag","embeddable":true,"href":"https:\/\/fcfamalicao.org\/portal\/wp-json\/wp\/v2\/tags?post=1677"}],"curies":[{"name":"wp","href":"https:\/\/api.w.org\/{rel}","templated":true}]}}