{"id":1668,"date":"2014-08-04T20:42:26","date_gmt":"2014-08-04T19:42:26","guid":{"rendered":"http:\/\/fcfamalicao.org\/portal\/?p=1668"},"modified":"2014-08-04T20:46:46","modified_gmt":"2014-08-04T19:46:46","slug":"iniciados-a-na-serie-a","status":"publish","type":"post","link":"https:\/\/fcfamalicao.org\/portal\/2014\/08\/04\/iniciados-a-na-serie-a\/","title":{"rendered":"Iniciados A na S\u00e9rie A"},"content":{"rendered":"<p style=\"text-align: justify;\">A equipa dos Iniciados A do FC Famalic\u00e3o acaba por ficar na S\u00e9rie A do Campeonato Nacional de Juniores C (Iniciados). A reposi\u00e7\u00e3o do Famalic\u00e3o na s\u00e9rie A deveu-se \u00e0 desist\u00eancia do equipa do FC M\u00e3e de \u00c1gua.<br \/>\nO sorteio hoje realizado ditou que o FC Famalic\u00e3o na primeira jornada receber\u00e1 o Gil Vicente no dia 31 de agosto pelas 11 horas.<br \/>\nFazem parte da S\u00e9rie A, al\u00e9m do FC Famalic\u00e3o, o Gil Vicente, Merelinense, Santa Maria, Vit\u00f3ria Guimar\u00e3es, Ancorense, Sp. Braga, Barroselas, Chaves e Arsenal da Devesa.<br \/>\n<img loading=\"lazy\" decoding=\"async\" class=\"alignleft size-full wp-image-1669\" src=\"http:\/\/fcfamalicao.org\/portal\/wp-content\/uploads\/2014\/08\/14_15_0009.jpg\" alt=\"14_15_0009\" width=\"600\" height=\"379\" srcset=\"https:\/\/fcfamalicao.org\/portal\/wp-content\/uploads\/2014\/08\/14_15_0009.jpg 600w, https:\/\/fcfamalicao.org\/portal\/wp-content\/uploads\/2014\/08\/14_15_0009-297x188.jpg 297w, https:\/\/fcfamalicao.org\/portal\/wp-content\/uploads\/2014\/08\/14_15_0009-474x300.jpg 474w\" sizes=\"auto, (max-width: 600px) 100vw, 600px\" \/><\/p>\n<a class=\"synved-social-button synved-social-button-share synved-social-size-24 synved-social-resolution-single synved-social-provider-facebook nolightbox\" data-provider=\"facebook\" target=\"_blank\" rel=\"nofollow\" title=\"Share on Facebook\" href=\"https:\/\/www.facebook.com\/sharer.php?u=https%3A%2F%2Ffcfamalicao.org%2Fportal%2Fwp-json%2Fwp%2Fv2%2Fposts%2F1668&#038;t=Iniciados%20A%20na%20S%C3%A9rie%20A&#038;s=100&#038;p&#091;url&#093;=https%3A%2F%2Ffcfamalicao.org%2Fportal%2Fwp-json%2Fwp%2Fv2%2Fposts%2F1668&#038;p&#091;images&#093;&#091;0&#093;=http%3A%2F%2Ffcfamalicao.org%2Fportal%2Fwp-content%2Fuploads%2F2014%2F08%2F14_15_0009.jpg&#038;p&#091;title&#093;=Iniciados%20A%20na%20S%C3%A9rie%20A\" style=\"font-size: 0px;width:24px;height:24px;margin:0;margin-bottom:5px;margin-right:5px\"><img loading=\"lazy\" decoding=\"async\" alt=\"Facebook\" title=\"Share on Facebook\" class=\"synved-share-image synved-social-image synved-social-image-share\" width=\"24\" height=\"24\" style=\"display: inline;width:24px;height:24px;margin: 0;padding: 0;border: none;box-shadow: none\" src=\"https:\/\/fcfamalicao.org\/portal\/wp-content\/plugins\/social-media-feather\/synved-social\/image\/social\/regular\/48x48\/facebook.png\" \/><\/a><a class=\"synved-social-button synved-social-button-share synved-social-size-24 synved-social-resolution-single synved-social-provider-twitter nolightbox\" data-provider=\"twitter\" target=\"_blank\" rel=\"nofollow\" title=\"Share on Twitter\" href=\"https:\/\/twitter.com\/intent\/tweet?url=https%3A%2F%2Ffcfamalicao.org%2Fportal%2Fwp-json%2Fwp%2Fv2%2Fposts%2F1668&#038;text=Novidades%20%E2%80%93%20FC%20Famalic%C3%A3o%20Clube%20de%20F%C3%A3s%20Online\" style=\"font-size: 0px;width:24px;height:24px;margin:0;margin-bottom:5px\"><img loading=\"lazy\" decoding=\"async\" alt=\"twitter\" title=\"Share on Twitter\" class=\"synved-share-image synved-social-image synved-social-image-share\" width=\"24\" height=\"24\" style=\"display: inline;width:24px;height:24px;margin: 0;padding: 0;border: none;box-shadow: none\" src=\"https:\/\/fcfamalicao.org\/portal\/wp-content\/plugins\/social-media-feather\/synved-social\/image\/social\/regular\/48x48\/twitter.png\" \/><\/a><a class=\"synved-social-credit\" target=\"_blank\" rel=\"nofollow\" title=\"WordPress Social Media Feather\" href=\"http:\/\/synved.com\/wordpress-social-media-feather\/\" style=\"color:#444;text-decoration:none;font-size:8px;margin-left:5px;vertical-align:10px;white-space:nowrap\"><span>by <\/span><img loading=\"lazy\" decoding=\"async\" style=\"display: inline;margin:0;padding:0;width:16px;height:16px\" width=\"16\" height=\"16\" alt=\"feather\" src=\"https:\/\/fcfamalicao.org\/portal\/wp-content\/plugins\/social-media-feather\/synved-social\/image\/icon.png\" \/><\/a>","protected":false},"excerpt":{"rendered":"<p>A equipa dos Iniciados A do FC Famalic\u00e3o acaba por ficar na S\u00e9rie A do Campeonato Nacional de Juniores C (Iniciados). A reposi\u00e7\u00e3o do Famalic\u00e3o na s\u00e9rie A deveu-se \u00e0 desist\u00eancia do equipa do FC M\u00e3e de \u00c1gua. O sorteio &hellip; <a href=\"https:\/\/fcfamalicao.org\/portal\/2014\/08\/04\/iniciados-a-na-serie-a\/\">Continuar a ler <span class=\"meta-nav\">&rarr;<\/span><\/a><\/p>\n","protected":false},"author":1,"featured_media":0,"comment_status":"closed","ping_status":"closed","sticky":false,"template":"","format":"standard","meta":{"ngg_post_thumbnail":0,"footnotes":""},"categories":[1],"tags":[],"class_list":["post-1668","post","type-post","status-publish","format-standard","hentry","category-formacao"],"_links":{"self":[{"href":"https:\/\/fcfamalicao.org\/portal\/wp-json\/wp\/v2\/posts\/1668","targetHints":{"allow":["GET"]}}],"collection":[{"href":"https:\/\/fcfamalicao.org\/portal\/wp-json\/wp\/v2\/posts"}],"about":[{"href":"https:\/\/fcfamalicao.org\/portal\/wp-json\/wp\/v2\/types\/post"}],"author":[{"embeddable":true,"href":"https:\/\/fcfamalicao.org\/portal\/wp-json\/wp\/v2\/users\/1"}],"replies":[{"embeddable":true,"href":"https:\/\/fcfamalicao.org\/portal\/wp-json\/wp\/v2\/comments?post=1668"}],"version-history":[{"count":2,"href":"https:\/\/fcfamalicao.org\/portal\/wp-json\/wp\/v2\/posts\/1668\/revisions"}],"predecessor-version":[{"id":1671,"href":"https:\/\/fcfamalicao.org\/portal\/wp-json\/wp\/v2\/posts\/1668\/revisions\/1671"}],"wp:attachment":[{"href":"https:\/\/fcfamalicao.org\/portal\/wp-json\/wp\/v2\/media?parent=1668"}],"wp:term":[{"taxonomy":"category","embeddable":true,"href":"https:\/\/fcfamalicao.org\/portal\/wp-json\/wp\/v2\/categories?post=1668"},{"taxonomy":"post_tag","embeddable":true,"href":"https:\/\/fcfamalicao.org\/portal\/wp-json\/wp\/v2\/tags?post=1668"}],"curies":[{"name":"wp","href":"https:\/\/api.w.org\/{rel}","templated":true}]}}