{"id":1653,"date":"2014-07-29T14:42:16","date_gmt":"2014-07-29T13:42:16","guid":{"rendered":"http:\/\/fcfamalicao.org\/portal\/?p=1653"},"modified":"2014-07-29T14:42:16","modified_gmt":"2014-07-29T13:42:16","slug":"cns-serie-b-sorteio-realizado","status":"publish","type":"post","link":"https:\/\/fcfamalicao.org\/portal\/2014\/07\/29\/cns-serie-b-sorteio-realizado\/","title":{"rendered":"CNS &#8211; S\u00e9rie B  \/ Sorteio realizado"},"content":{"rendered":"<p style=\"color: rgb(68, 68, 68); text-align: justify;\"><img loading=\"lazy\" decoding=\"async\" class=\"alignleft size-full wp-image-1617\" src=\"http:\/\/fcfamalicao.org\/portal\/wp-content\/uploads\/2014\/07\/14_15_0002.jpg\" alt=\"14_15_0002\" width=\"300\" height=\"188\" \/>O audit\u00f3rio Manuel Quaresma da sede da Federa\u00e7\u00e3o Portuguesa de Futebol acolheu o sorteio das oito s\u00e9ries do Campeonato Nacional de Seniores.<br \/>\nO FC Famalic\u00e3o\u00a0estreia-se na competi\u00e7\u00e3o com uma desloca\u00e7\u00e3o ao reduto do Felgueiras.\u00a0A primeira jornada realiza-se a\u00a024 de\u00a0agosto.<br \/>\nNo primeiro jogo em casa a realizar a 31 de agosto, 2.\u00aa jornada, o Famalic\u00e3o\u00a0recebe\u00a0o FC Vizela.<\/p>\n<a class=\"synved-social-button synved-social-button-share synved-social-size-24 synved-social-resolution-single synved-social-provider-facebook nolightbox\" data-provider=\"facebook\" target=\"_blank\" rel=\"nofollow\" title=\"Share on Facebook\" href=\"https:\/\/www.facebook.com\/sharer.php?u=https%3A%2F%2Ffcfamalicao.org%2Fportal%2Fwp-json%2Fwp%2Fv2%2Fposts%2F1653&#038;t=CNS%20%E2%80%93%20S%C3%A9rie%20B%20%20%2F%20Sorteio%20realizado&#038;s=100&#038;p&#091;url&#093;=https%3A%2F%2Ffcfamalicao.org%2Fportal%2Fwp-json%2Fwp%2Fv2%2Fposts%2F1653&#038;p&#091;images&#093;&#091;0&#093;=http%3A%2F%2Ffcfamalicao.org%2Fportal%2Fwp-content%2Fuploads%2F2014%2F07%2F14_15_0002.jpg&#038;p&#091;title&#093;=CNS%20%E2%80%93%20S%C3%A9rie%20B%20%20%2F%20Sorteio%20realizado\" style=\"font-size: 0px;width:24px;height:24px;margin:0;margin-bottom:5px;margin-right:5px\"><img loading=\"lazy\" decoding=\"async\" alt=\"Facebook\" title=\"Share on Facebook\" class=\"synved-share-image synved-social-image synved-social-image-share\" width=\"24\" height=\"24\" style=\"display: inline;width:24px;height:24px;margin: 0;padding: 0;border: none;box-shadow: none\" src=\"https:\/\/fcfamalicao.org\/portal\/wp-content\/plugins\/social-media-feather\/synved-social\/image\/social\/regular\/48x48\/facebook.png\" \/><\/a><a class=\"synved-social-button synved-social-button-share synved-social-size-24 synved-social-resolution-single synved-social-provider-twitter nolightbox\" data-provider=\"twitter\" target=\"_blank\" rel=\"nofollow\" title=\"Share on Twitter\" href=\"https:\/\/twitter.com\/intent\/tweet?url=https%3A%2F%2Ffcfamalicao.org%2Fportal%2Fwp-json%2Fwp%2Fv2%2Fposts%2F1653&#038;text=Novidades%20%E2%80%93%20FC%20Famalic%C3%A3o%20Clube%20de%20F%C3%A3s%20Online\" style=\"font-size: 0px;width:24px;height:24px;margin:0;margin-bottom:5px\"><img loading=\"lazy\" decoding=\"async\" alt=\"twitter\" title=\"Share on Twitter\" class=\"synved-share-image synved-social-image synved-social-image-share\" width=\"24\" height=\"24\" style=\"display: inline;width:24px;height:24px;margin: 0;padding: 0;border: none;box-shadow: none\" src=\"https:\/\/fcfamalicao.org\/portal\/wp-content\/plugins\/social-media-feather\/synved-social\/image\/social\/regular\/48x48\/twitter.png\" \/><\/a><a class=\"synved-social-credit\" target=\"_blank\" rel=\"nofollow\" title=\"WordPress Social Media Feather\" href=\"http:\/\/synved.com\/wordpress-social-media-feather\/\" style=\"color:#444;text-decoration:none;font-size:8px;margin-left:5px;vertical-align:10px;white-space:nowrap\"><span>by <\/span><img loading=\"lazy\" decoding=\"async\" style=\"display: inline;margin:0;padding:0;width:16px;height:16px\" width=\"16\" height=\"16\" alt=\"feather\" src=\"https:\/\/fcfamalicao.org\/portal\/wp-content\/plugins\/social-media-feather\/synved-social\/image\/icon.png\" \/><\/a>","protected":false},"excerpt":{"rendered":"<p>O audit\u00f3rio Manuel Quaresma da sede da Federa\u00e7\u00e3o Portuguesa de Futebol acolheu o sorteio das oito s\u00e9ries do Campeonato Nacional de Seniores. O FC Famalic\u00e3o\u00a0estreia-se na competi\u00e7\u00e3o com uma desloca\u00e7\u00e3o ao reduto do Felgueiras.\u00a0A primeira jornada realiza-se a\u00a024 de\u00a0agosto. No &hellip; <a href=\"https:\/\/fcfamalicao.org\/portal\/2014\/07\/29\/cns-serie-b-sorteio-realizado\/\">Continuar a ler <span class=\"meta-nav\">&rarr;<\/span><\/a><\/p>\n","protected":false},"author":1,"featured_media":0,"comment_status":"closed","ping_status":"closed","sticky":false,"template":"","format":"standard","meta":{"ngg_post_thumbnail":0,"footnotes":""},"categories":[2],"tags":[],"class_list":["post-1653","post","type-post","status-publish","format-standard","hentry","category-seniores"],"_links":{"self":[{"href":"https:\/\/fcfamalicao.org\/portal\/wp-json\/wp\/v2\/posts\/1653","targetHints":{"allow":["GET"]}}],"collection":[{"href":"https:\/\/fcfamalicao.org\/portal\/wp-json\/wp\/v2\/posts"}],"about":[{"href":"https:\/\/fcfamalicao.org\/portal\/wp-json\/wp\/v2\/types\/post"}],"author":[{"embeddable":true,"href":"https:\/\/fcfamalicao.org\/portal\/wp-json\/wp\/v2\/users\/1"}],"replies":[{"embeddable":true,"href":"https:\/\/fcfamalicao.org\/portal\/wp-json\/wp\/v2\/comments?post=1653"}],"version-history":[{"count":1,"href":"https:\/\/fcfamalicao.org\/portal\/wp-json\/wp\/v2\/posts\/1653\/revisions"}],"predecessor-version":[{"id":1654,"href":"https:\/\/fcfamalicao.org\/portal\/wp-json\/wp\/v2\/posts\/1653\/revisions\/1654"}],"wp:attachment":[{"href":"https:\/\/fcfamalicao.org\/portal\/wp-json\/wp\/v2\/media?parent=1653"}],"wp:term":[{"taxonomy":"category","embeddable":true,"href":"https:\/\/fcfamalicao.org\/portal\/wp-json\/wp\/v2\/categories?post=1653"},{"taxonomy":"post_tag","embeddable":true,"href":"https:\/\/fcfamalicao.org\/portal\/wp-json\/wp\/v2\/tags?post=1653"}],"curies":[{"name":"wp","href":"https:\/\/api.w.org\/{rel}","templated":true}]}}