{"id":1631,"date":"2014-07-13T21:30:13","date_gmt":"2014-07-13T20:30:13","guid":{"rendered":"http:\/\/fcfamalicao.org\/portal\/?p=1631"},"modified":"2014-07-13T21:30:13","modified_gmt":"2014-07-13T20:30:13","slug":"iniciados-a-conhecem-adversarios-no-campeonato-nacional","status":"publish","type":"post","link":"https:\/\/fcfamalicao.org\/portal\/2014\/07\/13\/iniciados-a-conhecem-adversarios-no-campeonato-nacional\/","title":{"rendered":"Iniciados A conhecem advers\u00e1rios no Campeonato Nacional"},"content":{"rendered":"<p style=\"text-align: justify;\"><span style=\"color: #444444;\"><img loading=\"lazy\" decoding=\"async\" class=\"alignleft size-full wp-image-564\" src=\"http:\/\/fcfamalicao.org\/portal\/wp-content\/uploads\/2013\/08\/escalao_ini_a.jpg\" alt=\"escalao_ini_a\" width=\"300\" height=\"188\" \/>Os Iniciados A do FC Famalic\u00e3o ir\u00e3o\u00a0disputar o Campeonato Nacional, na s\u00e9rie B, juntamente com o Boavista, Varzim, Pa\u00e7os de Ferreira, Penafiel, Porto, Leix\u00f5es, Moreirense, Rio Ave e Vila Real.<br \/>\nA primeira jornada est\u00e1 agendada para o dia 31 de Agosto.<\/span><\/p>\n<a class=\"synved-social-button synved-social-button-share synved-social-size-24 synved-social-resolution-single synved-social-provider-facebook nolightbox\" data-provider=\"facebook\" target=\"_blank\" rel=\"nofollow\" title=\"Share on Facebook\" href=\"https:\/\/www.facebook.com\/sharer.php?u=https%3A%2F%2Ffcfamalicao.org%2Fportal%2Fwp-json%2Fwp%2Fv2%2Fposts%2F1631&#038;t=Iniciados%20A%20conhecem%20advers%C3%A1rios%20no%20Campeonato%20Nacional&#038;s=100&#038;p&#091;url&#093;=https%3A%2F%2Ffcfamalicao.org%2Fportal%2Fwp-json%2Fwp%2Fv2%2Fposts%2F1631&#038;p&#091;images&#093;&#091;0&#093;=http%3A%2F%2Ffcfamalicao.org%2Fportal%2Fwp-content%2Fuploads%2F2013%2F08%2Fescalao_ini_a.jpg&#038;p&#091;title&#093;=Iniciados%20A%20conhecem%20advers%C3%A1rios%20no%20Campeonato%20Nacional\" style=\"font-size: 0px;width:24px;height:24px;margin:0;margin-bottom:5px;margin-right:5px\"><img loading=\"lazy\" decoding=\"async\" alt=\"Facebook\" title=\"Share on Facebook\" class=\"synved-share-image synved-social-image synved-social-image-share\" width=\"24\" height=\"24\" style=\"display: inline;width:24px;height:24px;margin: 0;padding: 0;border: none;box-shadow: none\" src=\"https:\/\/fcfamalicao.org\/portal\/wp-content\/plugins\/social-media-feather\/synved-social\/image\/social\/regular\/48x48\/facebook.png\" \/><\/a><a class=\"synved-social-button synved-social-button-share synved-social-size-24 synved-social-resolution-single synved-social-provider-twitter nolightbox\" data-provider=\"twitter\" target=\"_blank\" rel=\"nofollow\" title=\"Share on Twitter\" href=\"https:\/\/twitter.com\/intent\/tweet?url=https%3A%2F%2Ffcfamalicao.org%2Fportal%2Fwp-json%2Fwp%2Fv2%2Fposts%2F1631&#038;text=Novidades%20%E2%80%93%20FC%20Famalic%C3%A3o%20Clube%20de%20F%C3%A3s%20Online\" style=\"font-size: 0px;width:24px;height:24px;margin:0;margin-bottom:5px\"><img loading=\"lazy\" decoding=\"async\" alt=\"twitter\" title=\"Share on Twitter\" class=\"synved-share-image synved-social-image synved-social-image-share\" width=\"24\" height=\"24\" style=\"display: inline;width:24px;height:24px;margin: 0;padding: 0;border: none;box-shadow: none\" src=\"https:\/\/fcfamalicao.org\/portal\/wp-content\/plugins\/social-media-feather\/synved-social\/image\/social\/regular\/48x48\/twitter.png\" \/><\/a><a class=\"synved-social-credit\" target=\"_blank\" rel=\"nofollow\" title=\"WordPress Social Media Feather\" href=\"http:\/\/synved.com\/wordpress-social-media-feather\/\" style=\"color:#444;text-decoration:none;font-size:8px;margin-left:5px;vertical-align:10px;white-space:nowrap\"><span>by <\/span><img loading=\"lazy\" decoding=\"async\" style=\"display: inline;margin:0;padding:0;width:16px;height:16px\" width=\"16\" height=\"16\" alt=\"feather\" src=\"https:\/\/fcfamalicao.org\/portal\/wp-content\/plugins\/social-media-feather\/synved-social\/image\/icon.png\" \/><\/a>","protected":false},"excerpt":{"rendered":"<p>Os Iniciados A do FC Famalic\u00e3o ir\u00e3o\u00a0disputar o Campeonato Nacional, na s\u00e9rie B, juntamente com o Boavista, Varzim, Pa\u00e7os de Ferreira, Penafiel, Porto, Leix\u00f5es, Moreirense, Rio Ave e Vila Real. A primeira jornada est\u00e1 agendada para o dia 31 de &hellip; <a href=\"https:\/\/fcfamalicao.org\/portal\/2014\/07\/13\/iniciados-a-conhecem-adversarios-no-campeonato-nacional\/\">Continuar a ler <span class=\"meta-nav\">&rarr;<\/span><\/a><\/p>\n","protected":false},"author":1,"featured_media":0,"comment_status":"closed","ping_status":"closed","sticky":false,"template":"","format":"standard","meta":{"ngg_post_thumbnail":0,"footnotes":""},"categories":[1],"tags":[],"class_list":["post-1631","post","type-post","status-publish","format-standard","hentry","category-formacao"],"_links":{"self":[{"href":"https:\/\/fcfamalicao.org\/portal\/wp-json\/wp\/v2\/posts\/1631","targetHints":{"allow":["GET"]}}],"collection":[{"href":"https:\/\/fcfamalicao.org\/portal\/wp-json\/wp\/v2\/posts"}],"about":[{"href":"https:\/\/fcfamalicao.org\/portal\/wp-json\/wp\/v2\/types\/post"}],"author":[{"embeddable":true,"href":"https:\/\/fcfamalicao.org\/portal\/wp-json\/wp\/v2\/users\/1"}],"replies":[{"embeddable":true,"href":"https:\/\/fcfamalicao.org\/portal\/wp-json\/wp\/v2\/comments?post=1631"}],"version-history":[{"count":1,"href":"https:\/\/fcfamalicao.org\/portal\/wp-json\/wp\/v2\/posts\/1631\/revisions"}],"predecessor-version":[{"id":1632,"href":"https:\/\/fcfamalicao.org\/portal\/wp-json\/wp\/v2\/posts\/1631\/revisions\/1632"}],"wp:attachment":[{"href":"https:\/\/fcfamalicao.org\/portal\/wp-json\/wp\/v2\/media?parent=1631"}],"wp:term":[{"taxonomy":"category","embeddable":true,"href":"https:\/\/fcfamalicao.org\/portal\/wp-json\/wp\/v2\/categories?post=1631"},{"taxonomy":"post_tag","embeddable":true,"href":"https:\/\/fcfamalicao.org\/portal\/wp-json\/wp\/v2\/tags?post=1631"}],"curies":[{"name":"wp","href":"https:\/\/api.w.org\/{rel}","templated":true}]}}