{"id":1618,"date":"2014-07-13T18:28:37","date_gmt":"2014-07-13T17:28:37","guid":{"rendered":"http:\/\/fcfamalicao.org\/portal\/?p=1618"},"modified":"2014-07-13T18:38:24","modified_gmt":"2014-07-13T17:38:24","slug":"fc-famalicao-novamente-na-serie-b-do-cns","status":"publish","type":"post","link":"https:\/\/fcfamalicao.org\/portal\/2014\/07\/13\/fc-famalicao-novamente-na-serie-b-do-cns\/","title":{"rendered":"FC Famalic\u00e3o novamente na S\u00e9rie B do CNS"},"content":{"rendered":"<p style=\"color: #444444; text-align: justify;\"><img loading=\"lazy\" decoding=\"async\" class=\"alignleft size-full wp-image-1617\" src=\"http:\/\/fcfamalicao.org\/portal\/wp-content\/uploads\/2014\/07\/14_15_0002.jpg\" alt=\"14_15_0002\" width=\"300\" height=\"188\" \/>A Federa\u00e7\u00e3o Portuguesa de Futebol divulgou, no dia 4 de julho, a distribui\u00e7\u00e3o dos clubes pelas respectivas s\u00e9ries do Campeonato Nacional de Seniores.\u00a0A competi\u00e7\u00e3o ter\u00e1 o seu in\u00edcio dia 24 de agosto.<\/p>\n<p style=\"color: #444444; text-align: justify;\">O FC Famalic\u00e3o\u00a0volta a competir na s\u00e9rie B. Al\u00e9m do FC Famalic\u00e3o\u00a0fazem parte da S\u00e9rie B do CNS as seguintes equipas: o Amarante FC, a AD Oliveirense, o CCD Santa Eul\u00e1lia, o Varzim SC, o Felgueiras 1932, o FC Tirsense, o FC Vizela, o GD Ribeir\u00e3o e o SC Vila Real.<\/p>\n<a class=\"synved-social-button synved-social-button-share synved-social-size-24 synved-social-resolution-single synved-social-provider-facebook nolightbox\" data-provider=\"facebook\" target=\"_blank\" rel=\"nofollow\" title=\"Share on Facebook\" href=\"https:\/\/www.facebook.com\/sharer.php?u=https%3A%2F%2Ffcfamalicao.org%2Fportal%2Fwp-json%2Fwp%2Fv2%2Fposts%2F1618&#038;t=FC%20Famalic%C3%A3o%20novamente%20na%20S%C3%A9rie%20B%20do%20CNS&#038;s=100&#038;p&#091;url&#093;=https%3A%2F%2Ffcfamalicao.org%2Fportal%2Fwp-json%2Fwp%2Fv2%2Fposts%2F1618&#038;p&#091;images&#093;&#091;0&#093;=http%3A%2F%2Ffcfamalicao.org%2Fportal%2Fwp-content%2Fuploads%2F2014%2F07%2F14_15_0002.jpg&#038;p&#091;title&#093;=FC%20Famalic%C3%A3o%20novamente%20na%20S%C3%A9rie%20B%20do%20CNS\" style=\"font-size: 0px;width:24px;height:24px;margin:0;margin-bottom:5px;margin-right:5px\"><img loading=\"lazy\" decoding=\"async\" alt=\"Facebook\" title=\"Share on Facebook\" class=\"synved-share-image synved-social-image synved-social-image-share\" width=\"24\" height=\"24\" style=\"display: inline;width:24px;height:24px;margin: 0;padding: 0;border: none;box-shadow: none\" src=\"https:\/\/fcfamalicao.org\/portal\/wp-content\/plugins\/social-media-feather\/synved-social\/image\/social\/regular\/48x48\/facebook.png\" \/><\/a><a class=\"synved-social-button synved-social-button-share synved-social-size-24 synved-social-resolution-single synved-social-provider-twitter nolightbox\" data-provider=\"twitter\" target=\"_blank\" rel=\"nofollow\" title=\"Share on Twitter\" href=\"https:\/\/twitter.com\/intent\/tweet?url=https%3A%2F%2Ffcfamalicao.org%2Fportal%2Fwp-json%2Fwp%2Fv2%2Fposts%2F1618&#038;text=Novidades%20%E2%80%93%20FC%20Famalic%C3%A3o%20Clube%20de%20F%C3%A3s%20Online\" style=\"font-size: 0px;width:24px;height:24px;margin:0;margin-bottom:5px\"><img loading=\"lazy\" decoding=\"async\" alt=\"twitter\" title=\"Share on Twitter\" class=\"synved-share-image synved-social-image synved-social-image-share\" width=\"24\" height=\"24\" style=\"display: inline;width:24px;height:24px;margin: 0;padding: 0;border: none;box-shadow: none\" src=\"https:\/\/fcfamalicao.org\/portal\/wp-content\/plugins\/social-media-feather\/synved-social\/image\/social\/regular\/48x48\/twitter.png\" \/><\/a><a class=\"synved-social-credit\" target=\"_blank\" rel=\"nofollow\" title=\"WordPress Social Media Feather\" href=\"http:\/\/synved.com\/wordpress-social-media-feather\/\" style=\"color:#444;text-decoration:none;font-size:8px;margin-left:5px;vertical-align:10px;white-space:nowrap\"><span>by <\/span><img loading=\"lazy\" decoding=\"async\" style=\"display: inline;margin:0;padding:0;width:16px;height:16px\" width=\"16\" height=\"16\" alt=\"feather\" src=\"https:\/\/fcfamalicao.org\/portal\/wp-content\/plugins\/social-media-feather\/synved-social\/image\/icon.png\" \/><\/a>","protected":false},"excerpt":{"rendered":"<p>A Federa\u00e7\u00e3o Portuguesa de Futebol divulgou, no dia 4 de julho, a distribui\u00e7\u00e3o dos clubes pelas respectivas s\u00e9ries do Campeonato Nacional de Seniores.\u00a0A competi\u00e7\u00e3o ter\u00e1 o seu in\u00edcio dia 24 de agosto. O FC Famalic\u00e3o\u00a0volta a competir na s\u00e9rie B. &hellip; <a href=\"https:\/\/fcfamalicao.org\/portal\/2014\/07\/13\/fc-famalicao-novamente-na-serie-b-do-cns\/\">Continuar a ler <span class=\"meta-nav\">&rarr;<\/span><\/a><\/p>\n","protected":false},"author":1,"featured_media":0,"comment_status":"closed","ping_status":"closed","sticky":false,"template":"","format":"standard","meta":{"ngg_post_thumbnail":0,"footnotes":""},"categories":[2],"tags":[],"class_list":["post-1618","post","type-post","status-publish","format-standard","hentry","category-seniores"],"_links":{"self":[{"href":"https:\/\/fcfamalicao.org\/portal\/wp-json\/wp\/v2\/posts\/1618","targetHints":{"allow":["GET"]}}],"collection":[{"href":"https:\/\/fcfamalicao.org\/portal\/wp-json\/wp\/v2\/posts"}],"about":[{"href":"https:\/\/fcfamalicao.org\/portal\/wp-json\/wp\/v2\/types\/post"}],"author":[{"embeddable":true,"href":"https:\/\/fcfamalicao.org\/portal\/wp-json\/wp\/v2\/users\/1"}],"replies":[{"embeddable":true,"href":"https:\/\/fcfamalicao.org\/portal\/wp-json\/wp\/v2\/comments?post=1618"}],"version-history":[{"count":3,"href":"https:\/\/fcfamalicao.org\/portal\/wp-json\/wp\/v2\/posts\/1618\/revisions"}],"predecessor-version":[{"id":1621,"href":"https:\/\/fcfamalicao.org\/portal\/wp-json\/wp\/v2\/posts\/1618\/revisions\/1621"}],"wp:attachment":[{"href":"https:\/\/fcfamalicao.org\/portal\/wp-json\/wp\/v2\/media?parent=1618"}],"wp:term":[{"taxonomy":"category","embeddable":true,"href":"https:\/\/fcfamalicao.org\/portal\/wp-json\/wp\/v2\/categories?post=1618"},{"taxonomy":"post_tag","embeddable":true,"href":"https:\/\/fcfamalicao.org\/portal\/wp-json\/wp\/v2\/tags?post=1618"}],"curies":[{"name":"wp","href":"https:\/\/api.w.org\/{rel}","templated":true}]}}