{"id":1584,"date":"2014-05-15T19:55:06","date_gmt":"2014-05-15T18:55:06","guid":{"rendered":"http:\/\/fcfamalicao.org\/portal\/?p=1584"},"modified":"2014-05-15T19:55:06","modified_gmt":"2014-05-15T18:55:06","slug":"camadas-jovens-agenda-24","status":"publish","type":"post","link":"https:\/\/fcfamalicao.org\/portal\/2014\/05\/15\/camadas-jovens-agenda-24\/","title":{"rendered":"Camadas Jovens &#8211; Agenda"},"content":{"rendered":"<p><img loading=\"lazy\" decoding=\"async\" class=\"alignleft size-full wp-image-819\" alt=\"agenda_formacao\" src=\"http:\/\/fcfamalicao.org\/portal\/wp-content\/uploads\/2013\/11\/agenda_formacao.jpg\" width=\"600\" height=\"100\" srcset=\"https:\/\/fcfamalicao.org\/portal\/wp-content\/uploads\/2013\/11\/agenda_formacao.jpg 600w, https:\/\/fcfamalicao.org\/portal\/wp-content\/uploads\/2013\/11\/agenda_formacao-300x50.jpg 300w, https:\/\/fcfamalicao.org\/portal\/wp-content\/uploads\/2013\/11\/agenda_formacao-500x83.jpg 500w\" sizes=\"auto, (max-width: 600px) 100vw, 600px\" \/><\/p>\n<table border=\"0\">\n<tbody>\n<tr>\n<td style=\"background-color: #99ffff;\" colspan=\"3\">Dia 17 de maio<\/td>\n<\/tr>\n<tr>\n<td style=\"background-color: #ccffff;\">Escal\u00e3o<\/td>\n<td style=\"background-color: #ccffff;\">Partida<\/td>\n<td style=\"background-color: #ccffff;\">Data\/Hora<\/td>\n<\/tr>\n<tr>\n<td>Infantis<br \/>\n(Vitor)<\/td>\n<td>Vizela \u00a0X FC Famalic\u00e3o<br \/>\nCampo N\u00ba 3 Vizela<\/td>\n<td>17\/05<br \/>\n09H00<\/td>\n<\/tr>\n<tr>\n<td>Infantis<br \/>\n(M\u00e1rcio)<\/td>\n<td>Avidos Lagoa X FC Famalic\u00e3o<br \/>\nCampo Jos\u00e9 Costa Rodrigues<\/td>\n<td>17\/05<br \/>\n09H30<\/td>\n<\/tr>\n<tr>\n<td>Benjamins<br \/>\n(Jaime)<\/td>\n<td>FC Famalic\u00e3o X Desp. Ronfe<br \/>\nParque Desportivo Lousado<\/td>\n<td>17\/05<br \/>\n11H00<\/td>\n<\/tr>\n<tr>\n<td>Benjamins<br \/>\n(Maia)<\/td>\n<td>FC Famalic\u00e3o X Oper\u00e1rio<br \/>\nParque Desportivo Lousado<\/td>\n<td>17\/05<br \/>\n09H30<\/td>\n<\/tr>\n<tr>\n<td style=\"background-color: #99ffff;\" colspan=\"3\">Dia 18 de maio<\/td>\n<\/tr>\n<tr>\n<td style=\"background-color: #ccffff;\">Escal\u00e3o<\/td>\n<td style=\"background-color: #ccffff;\">Partida<\/td>\n<td style=\"background-color: #ccffff;\">Data\/Hora<\/td>\n<\/tr>\n<tr>\n<td>Juvenis A<\/td>\n<td>FC Famalic\u00e3o X Macedo Cavaleiros<br \/>\nParque de Jogos do Oper\u00e1rio &#8211; M\u00f5es<\/td>\n<td>18\/05<br \/>\n11H00<\/td>\n<\/tr>\n<tr>\n<td>Juvenis B<\/td>\n<td>Palmeiras X FC Famalic\u00e3o<br \/>\nCampo Dr. Augusto Correia<\/td>\n<td>18\/05<br \/>\n10H00<\/td>\n<\/tr>\n<tr>\n<td>Benjamins<br \/>\n(Bruno)<\/td>\n<td>Fintas X FC Famalic\u00e3o<br \/>\nCampo da Carvalheira &#8211; Pedralva<\/td>\n<td>18\/05<br \/>\n11H00<\/td>\n<\/tr>\n<\/tbody>\n<\/table>\n<p><\/p>\n<a class=\"synved-social-button synved-social-button-share synved-social-size-24 synved-social-resolution-single synved-social-provider-facebook nolightbox\" data-provider=\"facebook\" target=\"_blank\" rel=\"nofollow\" title=\"Share on Facebook\" href=\"https:\/\/www.facebook.com\/sharer.php?u=https%3A%2F%2Ffcfamalicao.org%2Fportal%2Fwp-json%2Fwp%2Fv2%2Fposts%2F1584&#038;t=Camadas%20Jovens%20%E2%80%93%20Agenda&#038;s=100&#038;p&#091;url&#093;=https%3A%2F%2Ffcfamalicao.org%2Fportal%2Fwp-json%2Fwp%2Fv2%2Fposts%2F1584&#038;p&#091;images&#093;&#091;0&#093;=http%3A%2F%2Ffcfamalicao.org%2Fportal%2Fwp-content%2Fuploads%2F2013%2F11%2Fagenda_formacao.jpg&#038;p&#091;title&#093;=Camadas%20Jovens%20%E2%80%93%20Agenda\" style=\"font-size: 0px;width:24px;height:24px;margin:0;margin-bottom:5px;margin-right:5px\"><img loading=\"lazy\" decoding=\"async\" alt=\"Facebook\" title=\"Share on Facebook\" class=\"synved-share-image synved-social-image synved-social-image-share\" width=\"24\" height=\"24\" style=\"display: inline;width:24px;height:24px;margin: 0;padding: 0;border: none;box-shadow: none\" src=\"https:\/\/fcfamalicao.org\/portal\/wp-content\/plugins\/social-media-feather\/synved-social\/image\/social\/regular\/48x48\/facebook.png\" \/><\/a><a class=\"synved-social-button synved-social-button-share synved-social-size-24 synved-social-resolution-single synved-social-provider-twitter nolightbox\" data-provider=\"twitter\" target=\"_blank\" rel=\"nofollow\" title=\"Share on Twitter\" href=\"https:\/\/twitter.com\/intent\/tweet?url=https%3A%2F%2Ffcfamalicao.org%2Fportal%2Fwp-json%2Fwp%2Fv2%2Fposts%2F1584&#038;text=Novidades%20%E2%80%93%20FC%20Famalic%C3%A3o%20Clube%20de%20F%C3%A3s%20Online\" style=\"font-size: 0px;width:24px;height:24px;margin:0;margin-bottom:5px\"><img loading=\"lazy\" decoding=\"async\" alt=\"twitter\" title=\"Share on Twitter\" class=\"synved-share-image synved-social-image synved-social-image-share\" width=\"24\" height=\"24\" style=\"display: inline;width:24px;height:24px;margin: 0;padding: 0;border: none;box-shadow: none\" src=\"https:\/\/fcfamalicao.org\/portal\/wp-content\/plugins\/social-media-feather\/synved-social\/image\/social\/regular\/48x48\/twitter.png\" \/><\/a><a class=\"synved-social-credit\" target=\"_blank\" rel=\"nofollow\" title=\"WordPress Social Media Feather\" href=\"http:\/\/synved.com\/wordpress-social-media-feather\/\" style=\"color:#444;text-decoration:none;font-size:8px;margin-left:5px;vertical-align:10px;white-space:nowrap\"><span>by <\/span><img loading=\"lazy\" decoding=\"async\" style=\"display: inline;margin:0;padding:0;width:16px;height:16px\" width=\"16\" height=\"16\" alt=\"feather\" src=\"https:\/\/fcfamalicao.org\/portal\/wp-content\/plugins\/social-media-feather\/synved-social\/image\/icon.png\" \/><\/a>","protected":false},"excerpt":{"rendered":"<p>Dia 17 de maio Escal\u00e3o Partida Data\/Hora Infantis (Vitor) Vizela \u00a0X FC Famalic\u00e3o Campo N\u00ba 3 Vizela 17\/05 09H00 Infantis (M\u00e1rcio) Avidos Lagoa X FC Famalic\u00e3o Campo Jos\u00e9 Costa Rodrigues 17\/05 09H30 Benjamins (Jaime) FC Famalic\u00e3o X Desp. Ronfe Parque &hellip; <a href=\"https:\/\/fcfamalicao.org\/portal\/2014\/05\/15\/camadas-jovens-agenda-24\/\">Continuar a ler <span class=\"meta-nav\">&rarr;<\/span><\/a><\/p>\n","protected":false},"author":1,"featured_media":0,"comment_status":"closed","ping_status":"closed","sticky":false,"template":"","format":"standard","meta":{"ngg_post_thumbnail":0,"footnotes":""},"categories":[1],"tags":[],"class_list":["post-1584","post","type-post","status-publish","format-standard","hentry","category-formacao"],"_links":{"self":[{"href":"https:\/\/fcfamalicao.org\/portal\/wp-json\/wp\/v2\/posts\/1584","targetHints":{"allow":["GET"]}}],"collection":[{"href":"https:\/\/fcfamalicao.org\/portal\/wp-json\/wp\/v2\/posts"}],"about":[{"href":"https:\/\/fcfamalicao.org\/portal\/wp-json\/wp\/v2\/types\/post"}],"author":[{"embeddable":true,"href":"https:\/\/fcfamalicao.org\/portal\/wp-json\/wp\/v2\/users\/1"}],"replies":[{"embeddable":true,"href":"https:\/\/fcfamalicao.org\/portal\/wp-json\/wp\/v2\/comments?post=1584"}],"version-history":[{"count":1,"href":"https:\/\/fcfamalicao.org\/portal\/wp-json\/wp\/v2\/posts\/1584\/revisions"}],"predecessor-version":[{"id":1585,"href":"https:\/\/fcfamalicao.org\/portal\/wp-json\/wp\/v2\/posts\/1584\/revisions\/1585"}],"wp:attachment":[{"href":"https:\/\/fcfamalicao.org\/portal\/wp-json\/wp\/v2\/media?parent=1584"}],"wp:term":[{"taxonomy":"category","embeddable":true,"href":"https:\/\/fcfamalicao.org\/portal\/wp-json\/wp\/v2\/categories?post=1584"},{"taxonomy":"post_tag","embeddable":true,"href":"https:\/\/fcfamalicao.org\/portal\/wp-json\/wp\/v2\/tags?post=1584"}],"curies":[{"name":"wp","href":"https:\/\/api.w.org\/{rel}","templated":true}]}}