{"id":1577,"date":"2014-05-11T20:28:21","date_gmt":"2014-05-11T19:28:21","guid":{"rendered":"http:\/\/fcfamalicao.org\/portal\/?p=1577"},"modified":"2014-05-11T20:28:21","modified_gmt":"2014-05-11T19:28:21","slug":"vitoria-sobre-felgueiras-da-manutencao","status":"publish","type":"post","link":"https:\/\/fcfamalicao.org\/portal\/2014\/05\/11\/vitoria-sobre-felgueiras-da-manutencao\/","title":{"rendered":"Vit\u00f3ria sobre Felgueiras d\u00e1 manuten\u00e7\u00e3o"},"content":{"rendered":"<p style=\"text-align: justify;\"><img loading=\"lazy\" decoding=\"async\" class=\"alignleft size-full wp-image-1578\" alt=\"14_029\" src=\"http:\/\/fcfamalicao.org\/portal\/wp-content\/uploads\/2014\/05\/14_029.jpg\" width=\"300\" height=\"188\" \/>O FC Famalic\u00e3o assegurou, hoje \u00e0 passagem da 13\u00aa e pen\u00faltima jornada, a manuten\u00e7\u00e3o no Campeonato Nacional de Seniores.<br \/>\nOs comandados de Daniel Ramos sabiam que n\u00e3o tinham margem para o erro e cedo apostaram no golo que acabou por acontecer por interm\u00e9dio de Vila\u00e7a na cobran\u00e7a de um livre que bateu na barreira e na recarga o remate do mesmo fuzilou a baliza de Caj\u00f3.<br \/>\nNa segunda metade Andr\u00e9 Soares marcou o segundo e o Felgueiras reduziu.<br \/>\nCaj\u00f3 haveria de provocar uma grande penalidade sobre Gomis e Diego na convers\u00e3o n\u00e3o perdoou. Ao cair do pano na \u00faltima jogada o Felgueiras reduziu fazendo o resultado final de 3-2.<br \/>\nNeste encontro temeu-se que Chico tivesse uma les\u00e3o extremamente grave, pois foi levado ao hospital, sendo que passado algum tempo foi anunciado que Chico se encontrava bem.<\/p>\n<a class=\"synved-social-button synved-social-button-share synved-social-size-24 synved-social-resolution-single synved-social-provider-facebook nolightbox\" data-provider=\"facebook\" target=\"_blank\" rel=\"nofollow\" title=\"Share on Facebook\" href=\"https:\/\/www.facebook.com\/sharer.php?u=https%3A%2F%2Ffcfamalicao.org%2Fportal%2Fwp-json%2Fwp%2Fv2%2Fposts%2F1577&#038;t=Vit%C3%B3ria%20sobre%20Felgueiras%20d%C3%A1%20manuten%C3%A7%C3%A3o&#038;s=100&#038;p&#091;url&#093;=https%3A%2F%2Ffcfamalicao.org%2Fportal%2Fwp-json%2Fwp%2Fv2%2Fposts%2F1577&#038;p&#091;images&#093;&#091;0&#093;=http%3A%2F%2Ffcfamalicao.org%2Fportal%2Fwp-content%2Fuploads%2F2014%2F05%2F14_029.jpg&#038;p&#091;title&#093;=Vit%C3%B3ria%20sobre%20Felgueiras%20d%C3%A1%20manuten%C3%A7%C3%A3o\" style=\"font-size: 0px;width:24px;height:24px;margin:0;margin-bottom:5px;margin-right:5px\"><img loading=\"lazy\" decoding=\"async\" alt=\"Facebook\" title=\"Share on Facebook\" class=\"synved-share-image synved-social-image synved-social-image-share\" width=\"24\" height=\"24\" style=\"display: inline;width:24px;height:24px;margin: 0;padding: 0;border: none;box-shadow: none\" src=\"https:\/\/fcfamalicao.org\/portal\/wp-content\/plugins\/social-media-feather\/synved-social\/image\/social\/regular\/48x48\/facebook.png\" \/><\/a><a class=\"synved-social-button synved-social-button-share synved-social-size-24 synved-social-resolution-single synved-social-provider-twitter nolightbox\" data-provider=\"twitter\" target=\"_blank\" rel=\"nofollow\" title=\"Share on Twitter\" href=\"https:\/\/twitter.com\/intent\/tweet?url=https%3A%2F%2Ffcfamalicao.org%2Fportal%2Fwp-json%2Fwp%2Fv2%2Fposts%2F1577&#038;text=Novidades%20%E2%80%93%20FC%20Famalic%C3%A3o%20Clube%20de%20F%C3%A3s%20Online\" style=\"font-size: 0px;width:24px;height:24px;margin:0;margin-bottom:5px\"><img loading=\"lazy\" decoding=\"async\" alt=\"twitter\" title=\"Share on Twitter\" class=\"synved-share-image synved-social-image synved-social-image-share\" width=\"24\" height=\"24\" style=\"display: inline;width:24px;height:24px;margin: 0;padding: 0;border: none;box-shadow: none\" src=\"https:\/\/fcfamalicao.org\/portal\/wp-content\/plugins\/social-media-feather\/synved-social\/image\/social\/regular\/48x48\/twitter.png\" \/><\/a><a class=\"synved-social-credit\" target=\"_blank\" rel=\"nofollow\" title=\"WordPress Social Media Feather\" href=\"http:\/\/synved.com\/wordpress-social-media-feather\/\" style=\"color:#444;text-decoration:none;font-size:8px;margin-left:5px;vertical-align:10px;white-space:nowrap\"><span>by <\/span><img loading=\"lazy\" decoding=\"async\" style=\"display: inline;margin:0;padding:0;width:16px;height:16px\" width=\"16\" height=\"16\" alt=\"feather\" src=\"https:\/\/fcfamalicao.org\/portal\/wp-content\/plugins\/social-media-feather\/synved-social\/image\/icon.png\" \/><\/a>","protected":false},"excerpt":{"rendered":"<p>O FC Famalic\u00e3o assegurou, hoje \u00e0 passagem da 13\u00aa e pen\u00faltima jornada, a manuten\u00e7\u00e3o no Campeonato Nacional de Seniores. Os comandados de Daniel Ramos sabiam que n\u00e3o tinham margem para o erro e cedo apostaram no golo que acabou por &hellip; <a href=\"https:\/\/fcfamalicao.org\/portal\/2014\/05\/11\/vitoria-sobre-felgueiras-da-manutencao\/\">Continuar a ler <span class=\"meta-nav\">&rarr;<\/span><\/a><\/p>\n","protected":false},"author":1,"featured_media":0,"comment_status":"closed","ping_status":"closed","sticky":false,"template":"","format":"standard","meta":{"ngg_post_thumbnail":0,"footnotes":""},"categories":[2],"tags":[],"class_list":["post-1577","post","type-post","status-publish","format-standard","hentry","category-seniores"],"_links":{"self":[{"href":"https:\/\/fcfamalicao.org\/portal\/wp-json\/wp\/v2\/posts\/1577","targetHints":{"allow":["GET"]}}],"collection":[{"href":"https:\/\/fcfamalicao.org\/portal\/wp-json\/wp\/v2\/posts"}],"about":[{"href":"https:\/\/fcfamalicao.org\/portal\/wp-json\/wp\/v2\/types\/post"}],"author":[{"embeddable":true,"href":"https:\/\/fcfamalicao.org\/portal\/wp-json\/wp\/v2\/users\/1"}],"replies":[{"embeddable":true,"href":"https:\/\/fcfamalicao.org\/portal\/wp-json\/wp\/v2\/comments?post=1577"}],"version-history":[{"count":2,"href":"https:\/\/fcfamalicao.org\/portal\/wp-json\/wp\/v2\/posts\/1577\/revisions"}],"predecessor-version":[{"id":1580,"href":"https:\/\/fcfamalicao.org\/portal\/wp-json\/wp\/v2\/posts\/1577\/revisions\/1580"}],"wp:attachment":[{"href":"https:\/\/fcfamalicao.org\/portal\/wp-json\/wp\/v2\/media?parent=1577"}],"wp:term":[{"taxonomy":"category","embeddable":true,"href":"https:\/\/fcfamalicao.org\/portal\/wp-json\/wp\/v2\/categories?post=1577"},{"taxonomy":"post_tag","embeddable":true,"href":"https:\/\/fcfamalicao.org\/portal\/wp-json\/wp\/v2\/tags?post=1577"}],"curies":[{"name":"wp","href":"https:\/\/api.w.org\/{rel}","templated":true}]}}